{"id":4008,"date":"2018-02-06T12:26:53","date_gmt":"2018-02-06T11:26:53","guid":{"rendered":"http:\/\/valasskemezirici.casd.cz\/?p=4008"},"modified":"2018-02-06T12:26:53","modified_gmt":"2018-02-06T11:26:53","slug":"sobota-3-2-2018","status":"publish","type":"post","link":"https:\/\/valasskemezirici.casd.cz\/?p=4008","title":{"rendered":"Sobota 3.2.2018"},"content":{"rendered":"<p style=\"text-align: justify;\">Leden utekl jako voda, \u010dekali bychom nejstudenej\u0161\u00ed m\u011bs\u00edc v roce a zat\u00edm se n\u00e1m rozezp\u00edvali pt\u00e1ci, jako by u\u017e ohla\u0161ovali jaro. No uvid\u00edme, zda trumfnou Dagmar Honsovou.<\/p>\n<p style=\"text-align: justify;\">Sobotn\u00ed \u0161kolou n\u00e1s dnes provedl zku\u0161en\u00fd u\u010ditel Petr Ch\u00e1ra. Sna\u017eil se s n\u00e1mi rozebrat t\u00e9ma &#8222;Zodpov\u011bdnost dobr\u00fdch spr\u00e1vc\u016f&#8220;.<\/p>\n<p style=\"text-align: justify;\"><a href=\"https:\/\/valasskemezirici.casd.cz\/?attachment_id=4009\" rel=\"attachment wp-att-4009\"><img loading=\"lazy\" decoding=\"async\" class=\"alignnone  wp-image-4009\" src=\"https:\/\/valasskemezirici.casd.cz\/wp-content\/uploads\/2018\/02\/DSCN8627.jpg\" alt=\"\" width=\"602\" height=\"802\" srcset=\"https:\/\/valasskemezirici.casd.cz\/wp-content\/uploads\/2018\/02\/DSCN8627.jpg 3864w, https:\/\/valasskemezirici.casd.cz\/wp-content\/uploads\/2018\/02\/DSCN8627-225x300.jpg 225w, https:\/\/valasskemezirici.casd.cz\/wp-content\/uploads\/2018\/02\/DSCN8627-768x1024.jpg 768w\" sizes=\"auto, (max-width: 602px) 100vw, 602px\" \/><\/a><\/p>\n<p style=\"text-align: justify;\"><a href=\"https:\/\/valasskemezirici.casd.cz\/?attachment_id=4010\" rel=\"attachment wp-att-4010\"><img loading=\"lazy\" decoding=\"async\" class=\"alignnone  wp-image-4010\" src=\"https:\/\/valasskemezirici.casd.cz\/wp-content\/uploads\/2018\/02\/DSCN8628.jpg\" alt=\"\" width=\"603\" height=\"453\" srcset=\"https:\/\/valasskemezirici.casd.cz\/wp-content\/uploads\/2018\/02\/DSCN8628.jpg 5152w, https:\/\/valasskemezirici.casd.cz\/wp-content\/uploads\/2018\/02\/DSCN8628-300x225.jpg 300w, https:\/\/valasskemezirici.casd.cz\/wp-content\/uploads\/2018\/02\/DSCN8628-768x576.jpg 768w, https:\/\/valasskemezirici.casd.cz\/wp-content\/uploads\/2018\/02\/DSCN8628-1024x768.jpg 1024w\" sizes=\"auto, (max-width: 603px) 100vw, 603px\" \/><\/a><\/p>\n<p style=\"text-align: justify;\">Sobotn\u00ed \u0161kolku ml\u00e1de\u017ee vedla Iva Bure\u0161ov\u00e1 a na\u0161i mlad\u00ed op\u011bt p\u0159em\u00fd\u0161leli nad spr\u00e1vcovstv\u00edm. Tentokr\u00e1t \u0159e\u0161ili hlavn\u011b starost o zdrav\u00ed, \u010das a duchovn\u00ed d\u011bdictv\u00ed. Slov\u00ed\u010dko p\u0159ed k\u00e1z\u00e1n\u00edm mluvilo o tom, \u017ee mnohdy nejsme schopni pro\u017e\u00edvat pokoj, a to d\u00edky sv\u00e9mu myln\u00e9mu ch\u00e1p\u00e1n\u00ed v\u011bc\u00ed.<\/p>\n<p style=\"text-align: justify;\">Ozdobou dne\u0161n\u00ed bohoslu\u017eby byla Blanka Novotn\u00e1, kter\u00e1 n\u00e1m poslou\u017eila k\u00e1z\u00e1n\u00edm z Bo\u017e\u00edho slova. Prolo\u017eeno mnoha zaj\u00edmav\u00fdmi p\u0159\u00edb\u011bhy bylo opravdu mil\u00e9.<\/p>\n<p style=\"text-align: justify;\"><a href=\"https:\/\/valasskemezirici.casd.cz\/?attachment_id=4011\" rel=\"attachment wp-att-4011\"><img loading=\"lazy\" decoding=\"async\" class=\"alignnone  wp-image-4011\" src=\"https:\/\/valasskemezirici.casd.cz\/wp-content\/uploads\/2018\/02\/DSCN8629.jpg\" alt=\"\" width=\"587\" height=\"440\" srcset=\"https:\/\/valasskemezirici.casd.cz\/wp-content\/uploads\/2018\/02\/DSCN8629.jpg 5152w, https:\/\/valasskemezirici.casd.cz\/wp-content\/uploads\/2018\/02\/DSCN8629-300x225.jpg 300w, https:\/\/valasskemezirici.casd.cz\/wp-content\/uploads\/2018\/02\/DSCN8629-768x576.jpg 768w, https:\/\/valasskemezirici.casd.cz\/wp-content\/uploads\/2018\/02\/DSCN8629-1024x768.jpg 1024w\" sizes=\"auto, (max-width: 587px) 100vw, 587px\" \/><\/a><\/p>\n","protected":false},"excerpt":{"rendered":"<p>Leden utekl jako voda, \u010dekali bychom nejstudenej\u0161\u00ed m\u011bs\u00edc v roce a zat\u00edm se n\u00e1m rozezp\u00edvali pt\u00e1ci, jako by u\u017e ohla\u0161ovali jaro. No uvid\u00edme, zda trumfnou Dagmar Honsovou. Sobotn\u00ed \u0161kolou n\u00e1s dnes provedl zku\u0161en\u00fd u\u010ditel Petr Ch\u00e1ra. Sna\u017eil se s n\u00e1mi rozebrat t\u00e9ma &#8222;Zodpov\u011bdnost dobr\u00fdch spr\u00e1vc\u016f&#8220;. Sobotn\u00ed \u0161kolku ml\u00e1de\u017ee vedla Iva Bure\u0161ov\u00e1 a na\u0161i mlad\u00ed op\u011bt [&hellip;]<\/p>\n","protected":false},"author":1,"featured_media":0,"comment_status":"closed","ping_status":"open","sticky":false,"template":"","format":"standard","meta":{"ngg_post_thumbnail":0,"footnotes":""},"categories":[1],"tags":[],"class_list":["post-4008","post","type-post","status-publish","format-standard","hentry","category-nezarazene"],"_links":{"self":[{"href":"https:\/\/valasskemezirici.casd.cz\/index.php?rest_route=\/wp\/v2\/posts\/4008","targetHints":{"allow":["GET"]}}],"collection":[{"href":"https:\/\/valasskemezirici.casd.cz\/index.php?rest_route=\/wp\/v2\/posts"}],"about":[{"href":"https:\/\/valasskemezirici.casd.cz\/index.php?rest_route=\/wp\/v2\/types\/post"}],"author":[{"embeddable":true,"href":"https:\/\/valasskemezirici.casd.cz\/index.php?rest_route=\/wp\/v2\/users\/1"}],"replies":[{"embeddable":true,"href":"https:\/\/valasskemezirici.casd.cz\/index.php?rest_route=%2Fwp%2Fv2%2Fcomments&post=4008"}],"version-history":[{"count":1,"href":"https:\/\/valasskemezirici.casd.cz\/index.php?rest_route=\/wp\/v2\/posts\/4008\/revisions"}],"predecessor-version":[{"id":4012,"href":"https:\/\/valasskemezirici.casd.cz\/index.php?rest_route=\/wp\/v2\/posts\/4008\/revisions\/4012"}],"wp:attachment":[{"href":"https:\/\/valasskemezirici.casd.cz\/index.php?rest_route=%2Fwp%2Fv2%2Fmedia&parent=4008"}],"wp:term":[{"taxonomy":"category","embeddable":true,"href":"https:\/\/valasskemezirici.casd.cz\/index.php?rest_route=%2Fwp%2Fv2%2Fcategories&post=4008"},{"taxonomy":"post_tag","embeddable":true,"href":"https:\/\/valasskemezirici.casd.cz\/index.php?rest_route=%2Fwp%2Fv2%2Ftags&post=4008"}],"curies":[{"name":"wp","href":"https:\/\/api.w.org\/{rel}","templated":true}]}}