{"id":4044,"date":"2018-02-07T16:19:06","date_gmt":"2018-02-07T15:19:06","guid":{"rendered":"http:\/\/valasskemezirici.casd.cz\/?p=4044"},"modified":"2018-02-07T16:19:27","modified_gmt":"2018-02-07T15:19:27","slug":"manzelstvi-bez-mytu","status":"publish","type":"post","link":"https:\/\/valasskemezirici.casd.cz\/?p=4044","title":{"rendered":"\u201eMan\u017eelstv\u00ed bez m\u00fdt\u016f\u201c"},"content":{"rendered":"<p style=\"text-align: justify;\">Dal\u0161\u00ed ro\u010dn\u00edk <strong>N\u00e1rodn\u00edho t\u00fddne man\u017eelstv\u00ed<\/strong>, kter\u00fd je z\u00e1rove\u0148 i modlitebn\u00edm t\u00fddnem k\u0159es\u0165ansk\u00e9ho domova c\u00edrkve adventist\u016f, prob\u011bhne v t\u00fddnu od 12. do 18. \u00fanora 2018. T\u00e9ma s n\u00e1zvem \u201eMan\u017eelstv\u00ed bez m\u00fdt\u016f\u201c je sou\u010dasn\u011b i nadpisem sborn\u00edku p\u0159edn\u00e1\u0161ek, kter\u00fd sepsali odborn\u00edci zab\u00fdvaj\u00edc\u00ed se rodinnou problematikou (J. Bauer, R. Jonczy, M. \u017d\u016frek,\u2026). Je distribuov\u00e1n na sbory v ti\u0161t\u011bn\u00e9 podob\u011b, v elektronick\u00e9 verzi je ke sta\u017een\u00ed <a href=\"https:\/\/valasskemezirici.casd.cz\/wp-content\/uploads\/2018\/02\/kd_sbornik_manzelstvi-bez-mytu.pdf\" target=\"_blank\" rel=\"noopener noreferrer\">ZDE<\/a>.<\/p>\n<p><a href=\"https:\/\/valasskemezirici.casd.cz\/?attachment_id=4045\" rel=\"attachment wp-att-4045\"><img loading=\"lazy\" decoding=\"async\" class=\" wp-image-4045 aligncenter\" src=\"https:\/\/valasskemezirici.casd.cz\/wp-content\/uploads\/2018\/02\/Man\u017eelstv\u00ed-bez-m\u00fdt\u016f.jpg\" alt=\"\" width=\"281\" height=\"402\" srcset=\"https:\/\/valasskemezirici.casd.cz\/wp-content\/uploads\/2018\/02\/Man\u017eelstv\u00ed-bez-m\u00fdt\u016f.jpg 498w, https:\/\/valasskemezirici.casd.cz\/wp-content\/uploads\/2018\/02\/Man\u017eelstv\u00ed-bez-m\u00fdt\u016f-210x300.jpg 210w\" sizes=\"auto, (max-width: 281px) 100vw, 281px\" \/><\/a><\/p>\n","protected":false},"excerpt":{"rendered":"<p>Dal\u0161\u00ed ro\u010dn\u00edk N\u00e1rodn\u00edho t\u00fddne man\u017eelstv\u00ed, kter\u00fd je z\u00e1rove\u0148 i modlitebn\u00edm t\u00fddnem k\u0159es\u0165ansk\u00e9ho domova c\u00edrkve adventist\u016f, prob\u011bhne v t\u00fddnu od 12. do 18. \u00fanora 2018. T\u00e9ma s n\u00e1zvem \u201eMan\u017eelstv\u00ed bez m\u00fdt\u016f\u201c je sou\u010dasn\u011b i nadpisem sborn\u00edku p\u0159edn\u00e1\u0161ek, kter\u00fd sepsali odborn\u00edci zab\u00fdvaj\u00edc\u00ed se rodinnou problematikou (J. Bauer, R. Jonczy, M. \u017d\u016frek,\u2026). Je distribuov\u00e1n na sbory v ti\u0161t\u011bn\u00e9 [&hellip;]<\/p>\n","protected":false},"author":1,"featured_media":0,"comment_status":"closed","ping_status":"open","sticky":false,"template":"","format":"standard","meta":{"ngg_post_thumbnail":0,"footnotes":""},"categories":[1],"tags":[],"class_list":["post-4044","post","type-post","status-publish","format-standard","hentry","category-nezarazene"],"_links":{"self":[{"href":"https:\/\/valasskemezirici.casd.cz\/index.php?rest_route=\/wp\/v2\/posts\/4044","targetHints":{"allow":["GET"]}}],"collection":[{"href":"https:\/\/valasskemezirici.casd.cz\/index.php?rest_route=\/wp\/v2\/posts"}],"about":[{"href":"https:\/\/valasskemezirici.casd.cz\/index.php?rest_route=\/wp\/v2\/types\/post"}],"author":[{"embeddable":true,"href":"https:\/\/valasskemezirici.casd.cz\/index.php?rest_route=\/wp\/v2\/users\/1"}],"replies":[{"embeddable":true,"href":"https:\/\/valasskemezirici.casd.cz\/index.php?rest_route=%2Fwp%2Fv2%2Fcomments&post=4044"}],"version-history":[{"count":2,"href":"https:\/\/valasskemezirici.casd.cz\/index.php?rest_route=\/wp\/v2\/posts\/4044\/revisions"}],"predecessor-version":[{"id":4048,"href":"https:\/\/valasskemezirici.casd.cz\/index.php?rest_route=\/wp\/v2\/posts\/4044\/revisions\/4048"}],"wp:attachment":[{"href":"https:\/\/valasskemezirici.casd.cz\/index.php?rest_route=%2Fwp%2Fv2%2Fmedia&parent=4044"}],"wp:term":[{"taxonomy":"category","embeddable":true,"href":"https:\/\/valasskemezirici.casd.cz\/index.php?rest_route=%2Fwp%2Fv2%2Fcategories&post=4044"},{"taxonomy":"post_tag","embeddable":true,"href":"https:\/\/valasskemezirici.casd.cz\/index.php?rest_route=%2Fwp%2Fv2%2Ftags&post=4044"}],"curies":[{"name":"wp","href":"https:\/\/api.w.org\/{rel}","templated":true}]}}