{"id":4057,"date":"2018-02-17T20:00:12","date_gmt":"2018-02-17T19:00:12","guid":{"rendered":"http:\/\/valasskemezirici.casd.cz\/?p=4057"},"modified":"2018-02-17T20:00:12","modified_gmt":"2018-02-17T19:00:12","slug":"sobota-17-2-2018","status":"publish","type":"post","link":"https:\/\/valasskemezirici.casd.cz\/?p=4057","title":{"rendered":"Sobota 17.2.2018"},"content":{"rendered":"<p style=\"text-align: justify;\">Ch\u0159ipkov\u00e1 epidemie a pr\u00e1v\u011b prob\u00edhaj\u00edc\u00ed pr\u00e1zdniny s n\u00e1zvem &#8222;jarn\u00ed&#8220;, \u010demu\u017e pohled z okna v\u016fbec neodpov\u00edd\u00e1, se podepsaly na trochu men\u0161\u00ed \u00fa\u010dast\u00ed bratr\u016f a sester dne\u0161n\u00ed sobotu. Ale o to p\u0159\u00edjemn\u011bj\u0161\u00ed n\u00e1lada ve sbore\u010dku vl\u00e1dla.<\/p>\n<p style=\"text-align: justify;\">Petr Kimler se ujal jak zah\u00e1jen\u00ed, tak veden\u00ed sobotn\u00ed \u0161koly. T\u00e9matem byla V\u011brnost Bohu, ale vlastn\u011b se \u0159e\u010d u jednotliv\u00fdch \u00fakolk\u016f v\u017edy sto\u010dila na des\u00e1tky. Je vid\u011bt, \u017ee p\u0159\u00ed\u0161t\u00ed t\u00fdden, kdy se danou problematikou budeme zaob\u00edrat, bude hodn\u011b diskutov\u00e1n.<\/p>\n<p style=\"text-align: justify;\">V\u011brn\u00e9 chov\u00e1n\u00ed v\u016f\u010di Bohu je u k\u0159es\u0165ana z\u00e1sadn\u00ed. Nepoctiv\u00e9 jedn\u00e1n\u00ed n\u00e1m vad\u00ed, hlavn\u011b u druh\u00fdch lid\u00ed. U sebe m\u00e1me sklon ho zleh\u010dovat a ospravedl\u0148ovat. T\u00edm klameme sami sebe i Boha. On v\u00ed, jak snadno sklouzneme k nepoctiv\u00e9mu chov\u00e1n\u00ed. Mocnou zbran\u00ed proti poku\u0161en\u00ed nepoctivosti a sobectv\u00ed v materi\u00e1ln\u00edch v\u011bcech jsou pr\u00e1v\u011b des\u00e1tky.<\/p>\n<p style=\"text-align: justify;\">Des\u00e1tky jsou viditeln\u00fdm projevem na\u0161\u00ed v\u00edry a l\u00e1sky k Bohu. Kdy\u017e d\u00e1v\u00e1me Bohu desetinu z toho, co vyd\u011bl\u00e1v\u00e1me, p\u0159izn\u00e1v\u00e1me se ke sv\u00e9mu Vykupiteli a d\u00e1v\u00e1me jasn\u011b najevo, \u017ee jsme na N\u011bm z\u00e1visl\u00ed a jsme pokorn\u00ed.<\/p>\n<p style=\"text-align: justify;\">Spr\u00e1vce by se m\u011bl vyzna\u010dovat r\u016fstem v\u00edry. V\u00edra nen\u00ed jednor\u00e1zovou z\u00e1le\u017eitost\u00ed. M\u011bla by \u010dasem s\u00edlit. M\u016f\u017ee v\u0161ak i sl\u00e1bnout. Z\u00e1le\u017e\u00ed na tom, zda v\u00edrou opravdu \u017eijeme.<\/p>\n<p style=\"text-align: justify;\"><a href=\"https:\/\/valasskemezirici.casd.cz\/?attachment_id=4058\" rel=\"attachment wp-att-4058\"><img loading=\"lazy\" decoding=\"async\" class=\"alignnone  wp-image-4058\" src=\"https:\/\/valasskemezirici.casd.cz\/wp-content\/uploads\/2018\/02\/DSCN8683.jpg\" alt=\"\" width=\"584\" height=\"438\" srcset=\"https:\/\/valasskemezirici.casd.cz\/wp-content\/uploads\/2018\/02\/DSCN8683.jpg 5152w, https:\/\/valasskemezirici.casd.cz\/wp-content\/uploads\/2018\/02\/DSCN8683-300x225.jpg 300w, https:\/\/valasskemezirici.casd.cz\/wp-content\/uploads\/2018\/02\/DSCN8683-768x576.jpg 768w, https:\/\/valasskemezirici.casd.cz\/wp-content\/uploads\/2018\/02\/DSCN8683-1024x768.jpg 1024w\" sizes=\"auto, (max-width: 584px) 100vw, 584px\" \/><\/a><\/p>\n<p style=\"text-align: justify;\">Ml\u00e1de\u017e se zam\u00fd\u0161lela op\u011btovn\u011b nad vlastnostmi spr\u00e1vc\u016f, tentokr\u00e1t mor\u00e1ln\u00edmi. Slov\u00ed\u010dko p\u0159ed k\u00e1z\u00e1n\u00edm t\u00e9ma dopl\u0148ovalo, Iva Bure\u0161ov\u00e1 se zam\u00fd\u0161lela nad na\u0161\u00edm sv\u011bdom\u00edm, kter\u00e9 by m\u011blo b\u00fdt pro P\u00e1na o\u010di\u0161t\u011bno.<\/p>\n<p style=\"text-align: justify;\">K\u00e1z\u00e1n\u00edm z Bo\u017e\u00edho slova n\u00e1m poslou\u017eil bratr Jarom\u00edr Ju\u0159\u00ednek. P\u0159em\u00fd\u0161leli jsme nad povol\u00e1n\u00edm Samuela. P\u0159epis najdete v archivu.<\/p>\n<p style=\"text-align: justify;\"><a href=\"https:\/\/valasskemezirici.casd.cz\/?attachment_id=4059\" rel=\"attachment wp-att-4059\"><img loading=\"lazy\" decoding=\"async\" class=\"alignnone  wp-image-4059\" src=\"https:\/\/valasskemezirici.casd.cz\/wp-content\/uploads\/2018\/02\/DSCN8684.jpg\" alt=\"\" width=\"587\" height=\"441\" srcset=\"https:\/\/valasskemezirici.casd.cz\/wp-content\/uploads\/2018\/02\/DSCN8684.jpg 5152w, https:\/\/valasskemezirici.casd.cz\/wp-content\/uploads\/2018\/02\/DSCN8684-300x225.jpg 300w, https:\/\/valasskemezirici.casd.cz\/wp-content\/uploads\/2018\/02\/DSCN8684-768x576.jpg 768w, https:\/\/valasskemezirici.casd.cz\/wp-content\/uploads\/2018\/02\/DSCN8684-1024x768.jpg 1024w\" sizes=\"auto, (max-width: 587px) 100vw, 587px\" \/><\/a><\/p>\n","protected":false},"excerpt":{"rendered":"<p>Ch\u0159ipkov\u00e1 epidemie a pr\u00e1v\u011b prob\u00edhaj\u00edc\u00ed pr\u00e1zdniny s n\u00e1zvem &#8222;jarn\u00ed&#8220;, \u010demu\u017e pohled z okna v\u016fbec neodpov\u00edd\u00e1, se podepsaly na trochu men\u0161\u00ed \u00fa\u010dast\u00ed bratr\u016f a sester dne\u0161n\u00ed sobotu. Ale o to p\u0159\u00edjemn\u011bj\u0161\u00ed n\u00e1lada ve sbore\u010dku vl\u00e1dla. Petr Kimler se ujal jak zah\u00e1jen\u00ed, tak veden\u00ed sobotn\u00ed \u0161koly. T\u00e9matem byla V\u011brnost Bohu, ale vlastn\u011b se \u0159e\u010d u jednotliv\u00fdch \u00fakolk\u016f [&hellip;]<\/p>\n","protected":false},"author":1,"featured_media":0,"comment_status":"closed","ping_status":"open","sticky":false,"template":"","format":"standard","meta":{"ngg_post_thumbnail":0,"footnotes":""},"categories":[1],"tags":[],"class_list":["post-4057","post","type-post","status-publish","format-standard","hentry","category-nezarazene"],"_links":{"self":[{"href":"https:\/\/valasskemezirici.casd.cz\/index.php?rest_route=\/wp\/v2\/posts\/4057","targetHints":{"allow":["GET"]}}],"collection":[{"href":"https:\/\/valasskemezirici.casd.cz\/index.php?rest_route=\/wp\/v2\/posts"}],"about":[{"href":"https:\/\/valasskemezirici.casd.cz\/index.php?rest_route=\/wp\/v2\/types\/post"}],"author":[{"embeddable":true,"href":"https:\/\/valasskemezirici.casd.cz\/index.php?rest_route=\/wp\/v2\/users\/1"}],"replies":[{"embeddable":true,"href":"https:\/\/valasskemezirici.casd.cz\/index.php?rest_route=%2Fwp%2Fv2%2Fcomments&post=4057"}],"version-history":[{"count":1,"href":"https:\/\/valasskemezirici.casd.cz\/index.php?rest_route=\/wp\/v2\/posts\/4057\/revisions"}],"predecessor-version":[{"id":4060,"href":"https:\/\/valasskemezirici.casd.cz\/index.php?rest_route=\/wp\/v2\/posts\/4057\/revisions\/4060"}],"wp:attachment":[{"href":"https:\/\/valasskemezirici.casd.cz\/index.php?rest_route=%2Fwp%2Fv2%2Fmedia&parent=4057"}],"wp:term":[{"taxonomy":"category","embeddable":true,"href":"https:\/\/valasskemezirici.casd.cz\/index.php?rest_route=%2Fwp%2Fv2%2Fcategories&post=4057"},{"taxonomy":"post_tag","embeddable":true,"href":"https:\/\/valasskemezirici.casd.cz\/index.php?rest_route=%2Fwp%2Fv2%2Ftags&post=4057"}],"curies":[{"name":"wp","href":"https:\/\/api.w.org\/{rel}","templated":true}]}}