{"id":4079,"date":"2018-02-25T13:37:39","date_gmt":"2018-02-25T12:37:39","guid":{"rendered":"http:\/\/valasskemezirici.casd.cz\/?p=4079"},"modified":"2018-02-25T13:37:39","modified_gmt":"2018-02-25T12:37:39","slug":"sobota-24-2-2018","status":"publish","type":"post","link":"https:\/\/valasskemezirici.casd.cz\/?p=4079","title":{"rendered":"Sobota 24.2.2018"},"content":{"rendered":"<p style=\"text-align: justify;\">M\u00e9dia n\u00e1m ji\u017e del\u0161\u00ed dobu vyhro\u017euj\u00ed arktickou zimou. A je to tady. Ale i kdy\u017e n\u00e1s mr\u00e1z pevn\u011b sev\u0159el do sv\u00e9ho n\u00e1ru\u010d\u00ed a krajinu zasypal sn\u00edh, n\u00e1s nezastra\u0161\u00ed. Se\u0161li jsme se v hojn\u00e9m po\u010dtu v teple modlitebny a n\u00e1lada byla v\u00edce ne\u017e p\u0159\u00edjemn\u00e1.<\/p>\n<p style=\"text-align: justify;\">Vedouc\u00ed sobotn\u00ed \u0161koly Petr Kimler n\u00e1s v\u0161echny p\u0159iv\u00edtal a veden\u00ed sobotn\u00edho \u00fakolu sv\u011b\u0159il do rukou Bohumila &#8222;Milo\u0161e&#8220; Mro\u010dka, na\u0161eho \u010derstv\u00e9ho a usp\u011b\u0161n\u00e9ho \u00fa\u010dastn\u00edka Jizersk\u00e9 pades\u00e1tky. T\u00e9matem byly tento t\u00fdden Des\u00e1tky.<\/p>\n<p style=\"text-align: justify;\"><a href=\"https:\/\/valasskemezirici.casd.cz\/?attachment_id=4080\" rel=\"attachment wp-att-4080\"><img loading=\"lazy\" decoding=\"async\" class=\"alignnone  wp-image-4080\" src=\"https:\/\/valasskemezirici.casd.cz\/wp-content\/uploads\/2018\/02\/DSCN8762.jpg\" alt=\"\" width=\"583\" height=\"437\" srcset=\"https:\/\/valasskemezirici.casd.cz\/wp-content\/uploads\/2018\/02\/DSCN8762.jpg 5152w, https:\/\/valasskemezirici.casd.cz\/wp-content\/uploads\/2018\/02\/DSCN8762-300x225.jpg 300w, https:\/\/valasskemezirici.casd.cz\/wp-content\/uploads\/2018\/02\/DSCN8762-768x576.jpg 768w, https:\/\/valasskemezirici.casd.cz\/wp-content\/uploads\/2018\/02\/DSCN8762-1024x768.jpg 1024w\" sizes=\"auto, (max-width: 583px) 100vw, 583px\" \/><\/a><\/p>\n<p style=\"text-align: justify;\"><a href=\"https:\/\/valasskemezirici.casd.cz\/?attachment_id=4081\" rel=\"attachment wp-att-4081\"><img loading=\"lazy\" decoding=\"async\" class=\"alignnone  wp-image-4081\" src=\"https:\/\/valasskemezirici.casd.cz\/wp-content\/uploads\/2018\/02\/DSCN8761.jpg\" alt=\"\" width=\"584\" height=\"779\" srcset=\"https:\/\/valasskemezirici.casd.cz\/wp-content\/uploads\/2018\/02\/DSCN8761.jpg 3864w, https:\/\/valasskemezirici.casd.cz\/wp-content\/uploads\/2018\/02\/DSCN8761-225x300.jpg 225w, https:\/\/valasskemezirici.casd.cz\/wp-content\/uploads\/2018\/02\/DSCN8761-768x1024.jpg 768w\" sizes=\"auto, (max-width: 584px) 100vw, 584px\" \/><\/a><\/p>\n<p style=\"text-align: justify;\">Od dob Abrahama a J\u00e1koba d\u00e1vali v\u011brn\u00ed lid\u00e9 Bohu des\u00e1tek. Des\u00e1tky jsou sou\u010d\u00e1st\u00ed syst\u00e9mu, kter\u00fd finan\u010dn\u011b zaji\u0161\u0165uje Bo\u017e\u00ed c\u00edrkev a d\u00e1v\u00e1 j\u00ed mo\u017enost plnit Bo\u017e\u00ed posl\u00e1n\u00ed. P\u0159\u00edjemce des\u00e1tk\u016f &#8211; spr\u00e1vce &#8211; nese zodpov\u011bdnost za to, aby Bohem sv\u011b\u0159en\u00e9 prost\u0159edky byly pou\u017eity k \u0161\u00ed\u0159en\u00ed evangelia. B\u016fh zasl\u00edbil hojnost po\u017eehn\u00e1n\u00ed v\u0161em, kte\u0159\u00ed v\u011brn\u011b odevzd\u00e1vaj\u00ed des\u00e1tky. Kdy\u017e jsme po\u017eehnan\u00ed, je na\u0161\u00ed povinnost\u00ed pod\u011blit se s ostatn\u00edmi. Nejv\u011bt\u0161\u00edm po\u017eehn\u00e1n\u00edm, kter\u00e9 ds\u00e1tky p\u0159in\u00e1\u0161ej\u00ed, je pos\u00edlen\u00ed d\u016fv\u011bry v Boha.<\/p>\n<p style=\"text-align: justify;\">Nen\u00ed mo\u017en\u00e9 odevzd\u00e1vat des\u00e1tek na \u010dinnost, lterou my uzn\u00e1me za vhodnou. Des\u00e1tek je odd\u011blen pro zvl\u00e1\u0161tn\u00ed \u00fa\u010del. nen\u00ed to jen n\u011bjak\u00fd bezv\u00fdznamn\u00fd fond. Je jasn\u011b ur\u010den k podpo\u0159e t\u011bch, kte\u0159\u00ed p\u0159in\u00e1\u0161ej\u00ed Bo\u017e\u00ed poselstv\u00ed sv\u011btu, a tento \u00fa\u010del mus\u00ed b\u00fdt dodr\u017een. V Bibli byl des\u00e1tek v\u017edy odevzd\u00e1n na m\u00edsto, kter\u00e9 si B\u016fh zvolil, bez ohledu na to, v jak\u00e9 situaci a dob\u011b se Bo\u017e\u00ed lid nach\u00e1zel.<\/p>\n<p style=\"text-align: justify;\">Odevzd\u00e1v\u00e1n\u00ed des\u00e1tk\u016f nen\u00ed pro n\u00e1s \u017e\u00e1dnou z\u00e1sluhou a nezajist\u00ed n\u00e1m spasen\u00ed. Spasen\u00ed je dar ur\u010den\u00fd t\u011bm, kte\u0159\u00ed si ho nezaslou\u017e\u00ed. Odevzd\u00e1n\u00edm des\u00e1tk\u016f ukazujeme sv\u016fj postoj k Bo\u017e\u00edm po\u017eadavk\u016fm. Pokud jsme si uv\u011bdomili, \u017ee jsme jen spr\u00e1vci a v\u0161e, co m\u00e1me, n\u00e1m sv\u011b\u0159il B\u016fh, je na\u0161\u00edm vn\u011bj\u0161\u00edm projevem tak\u00e9 v\u011brnost v des\u00e1tc\u00edch.<\/p>\n<p style=\"text-align: justify;\">Slov\u00ed\u010dko p\u0159ed k\u00e1z\u00e1n\u00edm Ivy Bure\u0161ov\u00e9 n\u00e1m p\u0159ipomn\u011blo, jak d\u016fle\u017eit\u00fd je n\u00e1\u0161 vztah k p\u0159\u00e1tel\u016fm. Ne v\u017edy se chov\u00e1me dob\u0159e a mnoh\u00e9 m\u016f\u017eeme pokazit. D\u016fle\u017eit\u00e9 je k\u0159ivdy &#8222;zapisovat pouze do p\u00edsku&#8220; a \u0161t\u011bst\u00ed &#8222;tesat do kamene&#8220;.<\/p>\n<p style=\"text-align: justify;\">K\u00e1z\u00e1n\u00edm n\u00e1m poslou\u017eil bratr Pavel Koste\u010dka. N\u00e1zev &#8222;Sladk\u00fd jako med&#8220; zn\u00ed hodn\u011b l\u00e1kav\u011b. Zda tomu tak je zjist\u00edte v archivu k\u00e1z\u00e1n\u00ed.<\/p>\n<p style=\"text-align: justify;\"><a href=\"https:\/\/valasskemezirici.casd.cz\/?attachment_id=4082\" rel=\"attachment wp-att-4082\"><img loading=\"lazy\" decoding=\"async\" class=\"alignnone  wp-image-4082\" src=\"https:\/\/valasskemezirici.casd.cz\/wp-content\/uploads\/2018\/02\/DSCN8763.jpg\" alt=\"\" width=\"587\" height=\"440\" srcset=\"https:\/\/valasskemezirici.casd.cz\/wp-content\/uploads\/2018\/02\/DSCN8763.jpg 5152w, https:\/\/valasskemezirici.casd.cz\/wp-content\/uploads\/2018\/02\/DSCN8763-300x225.jpg 300w, https:\/\/valasskemezirici.casd.cz\/wp-content\/uploads\/2018\/02\/DSCN8763-768x576.jpg 768w, https:\/\/valasskemezirici.casd.cz\/wp-content\/uploads\/2018\/02\/DSCN8763-1024x768.jpg 1024w\" sizes=\"auto, (max-width: 587px) 100vw, 587px\" \/><\/a> <a href=\"https:\/\/valasskemezirici.casd.cz\/?attachment_id=4083\" rel=\"attachment wp-att-4083\"><img loading=\"lazy\" decoding=\"async\" class=\"alignnone  wp-image-4083\" src=\"https:\/\/valasskemezirici.casd.cz\/wp-content\/uploads\/2018\/02\/DSCN8767.jpg\" alt=\"\" width=\"587\" height=\"441\" srcset=\"https:\/\/valasskemezirici.casd.cz\/wp-content\/uploads\/2018\/02\/DSCN8767.jpg 5152w, https:\/\/valasskemezirici.casd.cz\/wp-content\/uploads\/2018\/02\/DSCN8767-300x225.jpg 300w, https:\/\/valasskemezirici.casd.cz\/wp-content\/uploads\/2018\/02\/DSCN8767-768x576.jpg 768w, https:\/\/valasskemezirici.casd.cz\/wp-content\/uploads\/2018\/02\/DSCN8767-1024x768.jpg 1024w\" sizes=\"auto, (max-width: 587px) 100vw, 587px\" \/><\/a> <a href=\"https:\/\/valasskemezirici.casd.cz\/?attachment_id=4084\" rel=\"attachment wp-att-4084\"><img loading=\"lazy\" decoding=\"async\" class=\"alignnone  wp-image-4084\" src=\"https:\/\/valasskemezirici.casd.cz\/wp-content\/uploads\/2018\/02\/DSCN8768.jpg\" alt=\"\" width=\"588\" height=\"784\" srcset=\"https:\/\/valasskemezirici.casd.cz\/wp-content\/uploads\/2018\/02\/DSCN8768.jpg 3864w, https:\/\/valasskemezirici.casd.cz\/wp-content\/uploads\/2018\/02\/DSCN8768-225x300.jpg 225w, https:\/\/valasskemezirici.casd.cz\/wp-content\/uploads\/2018\/02\/DSCN8768-768x1024.jpg 768w\" sizes=\"auto, (max-width: 588px) 100vw, 588px\" \/><\/a> <a href=\"https:\/\/valasskemezirici.casd.cz\/?attachment_id=4085\" rel=\"attachment wp-att-4085\"><img loading=\"lazy\" decoding=\"async\" class=\"alignnone  wp-image-4085\" src=\"https:\/\/valasskemezirici.casd.cz\/wp-content\/uploads\/2018\/02\/DSCN8771.jpg\" alt=\"\" width=\"587\" height=\"440\" srcset=\"https:\/\/valasskemezirici.casd.cz\/wp-content\/uploads\/2018\/02\/DSCN8771.jpg 5152w, https:\/\/valasskemezirici.casd.cz\/wp-content\/uploads\/2018\/02\/DSCN8771-300x225.jpg 300w, https:\/\/valasskemezirici.casd.cz\/wp-content\/uploads\/2018\/02\/DSCN8771-768x576.jpg 768w, https:\/\/valasskemezirici.casd.cz\/wp-content\/uploads\/2018\/02\/DSCN8771-1024x768.jpg 1024w\" sizes=\"auto, (max-width: 587px) 100vw, 587px\" \/><\/a> <a href=\"https:\/\/valasskemezirici.casd.cz\/?attachment_id=4086\" rel=\"attachment wp-att-4086\"><img loading=\"lazy\" decoding=\"async\" class=\"alignnone  wp-image-4086\" src=\"https:\/\/valasskemezirici.casd.cz\/wp-content\/uploads\/2018\/02\/DSCN8772.jpg\" alt=\"\" width=\"585\" height=\"439\" srcset=\"https:\/\/valasskemezirici.casd.cz\/wp-content\/uploads\/2018\/02\/DSCN8772.jpg 5152w, https:\/\/valasskemezirici.casd.cz\/wp-content\/uploads\/2018\/02\/DSCN8772-300x225.jpg 300w, https:\/\/valasskemezirici.casd.cz\/wp-content\/uploads\/2018\/02\/DSCN8772-768x576.jpg 768w, https:\/\/valasskemezirici.casd.cz\/wp-content\/uploads\/2018\/02\/DSCN8772-1024x768.jpg 1024w\" sizes=\"auto, (max-width: 585px) 100vw, 585px\" \/><\/a> <a href=\"https:\/\/valasskemezirici.casd.cz\/?attachment_id=4087\" rel=\"attachment wp-att-4087\"><img loading=\"lazy\" decoding=\"async\" class=\"alignnone  wp-image-4087\" src=\"https:\/\/valasskemezirici.casd.cz\/wp-content\/uploads\/2018\/02\/DSCN8773.jpg\" alt=\"\" width=\"583\" height=\"437\" srcset=\"https:\/\/valasskemezirici.casd.cz\/wp-content\/uploads\/2018\/02\/DSCN8773.jpg 5152w, https:\/\/valasskemezirici.casd.cz\/wp-content\/uploads\/2018\/02\/DSCN8773-300x225.jpg 300w, https:\/\/valasskemezirici.casd.cz\/wp-content\/uploads\/2018\/02\/DSCN8773-768x576.jpg 768w, https:\/\/valasskemezirici.casd.cz\/wp-content\/uploads\/2018\/02\/DSCN8773-1024x768.jpg 1024w\" sizes=\"auto, (max-width: 583px) 100vw, 583px\" \/><\/a><\/p>\n","protected":false},"excerpt":{"rendered":"<p>M\u00e9dia n\u00e1m ji\u017e del\u0161\u00ed dobu vyhro\u017euj\u00ed arktickou zimou. A je to tady. Ale i kdy\u017e n\u00e1s mr\u00e1z pevn\u011b sev\u0159el do sv\u00e9ho n\u00e1ru\u010d\u00ed a krajinu zasypal sn\u00edh, n\u00e1s nezastra\u0161\u00ed. Se\u0161li jsme se v hojn\u00e9m po\u010dtu v teple modlitebny a n\u00e1lada byla v\u00edce ne\u017e p\u0159\u00edjemn\u00e1. Vedouc\u00ed sobotn\u00ed \u0161koly Petr Kimler n\u00e1s v\u0161echny p\u0159iv\u00edtal a veden\u00ed sobotn\u00edho \u00fakolu [&hellip;]<\/p>\n","protected":false},"author":1,"featured_media":0,"comment_status":"closed","ping_status":"open","sticky":false,"template":"","format":"standard","meta":{"ngg_post_thumbnail":0,"footnotes":""},"categories":[1],"tags":[],"class_list":["post-4079","post","type-post","status-publish","format-standard","hentry","category-nezarazene"],"_links":{"self":[{"href":"https:\/\/valasskemezirici.casd.cz\/index.php?rest_route=\/wp\/v2\/posts\/4079","targetHints":{"allow":["GET"]}}],"collection":[{"href":"https:\/\/valasskemezirici.casd.cz\/index.php?rest_route=\/wp\/v2\/posts"}],"about":[{"href":"https:\/\/valasskemezirici.casd.cz\/index.php?rest_route=\/wp\/v2\/types\/post"}],"author":[{"embeddable":true,"href":"https:\/\/valasskemezirici.casd.cz\/index.php?rest_route=\/wp\/v2\/users\/1"}],"replies":[{"embeddable":true,"href":"https:\/\/valasskemezirici.casd.cz\/index.php?rest_route=%2Fwp%2Fv2%2Fcomments&post=4079"}],"version-history":[{"count":1,"href":"https:\/\/valasskemezirici.casd.cz\/index.php?rest_route=\/wp\/v2\/posts\/4079\/revisions"}],"predecessor-version":[{"id":4088,"href":"https:\/\/valasskemezirici.casd.cz\/index.php?rest_route=\/wp\/v2\/posts\/4079\/revisions\/4088"}],"wp:attachment":[{"href":"https:\/\/valasskemezirici.casd.cz\/index.php?rest_route=%2Fwp%2Fv2%2Fmedia&parent=4079"}],"wp:term":[{"taxonomy":"category","embeddable":true,"href":"https:\/\/valasskemezirici.casd.cz\/index.php?rest_route=%2Fwp%2Fv2%2Fcategories&post=4079"},{"taxonomy":"post_tag","embeddable":true,"href":"https:\/\/valasskemezirici.casd.cz\/index.php?rest_route=%2Fwp%2Fv2%2Ftags&post=4079"}],"curies":[{"name":"wp","href":"https:\/\/api.w.org\/{rel}","templated":true}]}}