{"id":4811,"date":"2019-05-05T17:59:55","date_gmt":"2019-05-05T15:59:55","guid":{"rendered":"http:\/\/valasskemezirici.casd.cz\/?p=4811"},"modified":"2019-05-05T17:59:55","modified_gmt":"2019-05-05T15:59:55","slug":"sobota-4-kvetna-2019","status":"publish","type":"post","link":"https:\/\/valasskemezirici.casd.cz\/?p=4811","title":{"rendered":"Sobota 4.kv\u011btna 2019"},"content":{"rendered":"<p style=\"text-align: justify;\">M\u00e1jov\u00e9 sobotn\u00ed r\u00e1no n\u00e1s sice p\u0159iv\u00edtalo slune\u010dn\u00edmi paprsky a naladilo n\u00e1s do usm\u011bvava, ale v pr\u016fb\u011bhu dne se k n\u00e1m vr\u00e1tily mraky a mrholen\u00ed. D\u00edky P\u00e1nu za to, vody je opravdu t\u0159eba. Jen ten sn\u00edh, kter\u00fd n\u00e1m meteorologov\u00e9 slibuj\u00ed, by mohl z\u016fstat v nebesk\u00e9 pe\u0159in\u011b.<\/p>\n<p style=\"text-align: justify;\">P\u0159\u00edchoz\u00ed do modlitebny v\u00edtaly t\u00f3ny k\u0159es\u0165ansk\u00fdch p\u00edsni\u010dek a nov\u00e9 z\u00e1\u0159ivky nad kazatelnou \ud83d\ude42 . Ty star\u00e9 n\u00e1s minul\u00fd t\u00fdden tro\u0161i\u010dku postra\u0161ily mali\u010dk\u00fdm lok\u00e1ln\u00edm po\u017e\u00e1rkem z\u0159ejm\u011b v d\u016fsledku v\u00fdbuchu kondenz\u00e1toru. \u00davodn\u00ed video z cyklu Line age n\u00e1s sezn\u00e1milo s odjezdem 150 v\u011b\u0159\u00edc\u00edch z mal\u00e9 anglick\u00e9 vesni\u010dky na lodi Mayflower v roce 1620 do Ameriky, kam p\u0159inesli protestantskou v\u00edru. Pot\u00e9 jsme se pustili sm\u011ble do studia sobotn\u00ed \u0161koly s Petrem Ch\u00e1rou. I kdy\u017e se ob\u00e1val, \u017ee t\u00e9ma <em>Slova moudrosti pro rodiny<\/em> nejsou pro n\u011bho, vedl n\u00e1s velmi dob\u0159e. T\u00e9ma bylo hodn\u011b diskutov\u00e1no. Je vid\u011bt, \u017ee se zam\u00fd\u0161l\u00edme nad probl\u00e9my, kter\u00e9 jsou \u017eiv\u00e9 a aktu\u00e1ln\u00ed v ka\u017ed\u00e9 rodin\u011b.<\/p>\n<p style=\"text-align: justify;\">Ml\u00e1de\u017e dnes nebyla p\u0159\u00edtomna, proto\u017ee odjela do Zl\u00edna na M\u00fazi\u010dku. Sami mlad\u00ed si vybrali a nacvi\u010dili p\u00edsni\u010dky. K\u00e9\u017e jim P\u00e1n po\u017eehn\u00e1 a p\u0159inese jim do srd\u00ed\u010dek radost p\u0159i chv\u00e1len\u00ed na\u0161eho Stvo\u0159itele.<\/p>\n<p style=\"text-align: justify;\">Slov\u00ed\u010dko Ivy Bure\u0161ov\u00e9 n\u00e1m p\u0159ipomn\u011blo pomoc\u00ed p\u0159\u00edb\u011bhu o kr\u00e1sn\u00e9 d\u00edvce Agape a jej\u00edch 7 n\u00e1padn\u00edc\u00edch, \u017ee pro dosa\u017een\u00ed Bo\u017e\u00ed milosti a spasen\u00ed je nutn\u00e1 nejen v\u00edra, nejen \u010diny, ale i studium, rozvaha, sobotn\u00ed odpo\u010dinek, modlitba a odevzd\u00e1n\u00ed se P\u00e1nu.<\/p>\n<p style=\"text-align: justify;\">K\u00e1z\u00e1n\u00edm n\u00e1m poslou\u017eil bratr Ji\u0159\u00ed Loder, kter\u00fd se zam\u00fd\u0161lel nad prvn\u00edmi ot\u00e1zkami zaznamenan\u00fdmi v Bibli. Kter\u00e9 to byly? Do\u010dtete se v p\u0159episu k\u00e1z\u00e1n\u00ed.<\/p>\n<p style=\"text-align: justify;\"><a href=\"https:\/\/valasskemezirici.casd.cz\/?attachment_id=4812\" rel=\"attachment wp-att-4812\"><img loading=\"lazy\" decoding=\"async\" class=\"alignnone size-full wp-image-4812\" src=\"https:\/\/valasskemezirici.casd.cz\/wp-content\/uploads\/2019\/05\/59532955_1881268525310314_1350174603594432512_n.jpg\" alt=\"\" width=\"528\" height=\"720\" srcset=\"https:\/\/valasskemezirici.casd.cz\/wp-content\/uploads\/2019\/05\/59532955_1881268525310314_1350174603594432512_n.jpg 528w, https:\/\/valasskemezirici.casd.cz\/wp-content\/uploads\/2019\/05\/59532955_1881268525310314_1350174603594432512_n-220x300.jpg 220w\" sizes=\"auto, (max-width: 528px) 100vw, 528px\" \/><\/a><\/p>\n<p style=\"text-align: justify;\">Po ukon\u010den\u00ed ofici\u00e1ln\u00ed \u010d\u00e1sti bohoslu\u017eby se je\u0161t\u011b konalo mal\u00e9 \u010dlensk\u00e9 shrom\u00e1\u017ed\u011bn\u00ed, jeho\u017e p\u0159edm\u011btem bylo odsouhlasen\u00ed p\u016fsoben\u00ed st\u00e1vaj\u00edc\u00edch slu\u017eebnost\u00ed na dal\u0161\u00ed jeden rok. K\u00e9\u017e n\u00e1s P\u00e1n vede a na\u0161e pr\u00e1ce je p\u0159\u00ednosn\u00e1 pro cel\u00fd sbor.<\/p>\n","protected":false},"excerpt":{"rendered":"<p>M\u00e1jov\u00e9 sobotn\u00ed r\u00e1no n\u00e1s sice p\u0159iv\u00edtalo slune\u010dn\u00edmi paprsky a naladilo n\u00e1s do usm\u011bvava, ale v pr\u016fb\u011bhu dne se k n\u00e1m vr\u00e1tily mraky a mrholen\u00ed. D\u00edky P\u00e1nu za to, vody je opravdu t\u0159eba. Jen ten sn\u00edh, kter\u00fd n\u00e1m meteorologov\u00e9 slibuj\u00ed, by mohl z\u016fstat v nebesk\u00e9 pe\u0159in\u011b. P\u0159\u00edchoz\u00ed do modlitebny v\u00edtaly t\u00f3ny k\u0159es\u0165ansk\u00fdch p\u00edsni\u010dek a nov\u00e9 z\u00e1\u0159ivky [&hellip;]<\/p>\n","protected":false},"author":1,"featured_media":0,"comment_status":"closed","ping_status":"open","sticky":false,"template":"","format":"standard","meta":{"ngg_post_thumbnail":0,"footnotes":""},"categories":[1],"tags":[],"class_list":["post-4811","post","type-post","status-publish","format-standard","hentry","category-nezarazene"],"_links":{"self":[{"href":"https:\/\/valasskemezirici.casd.cz\/index.php?rest_route=\/wp\/v2\/posts\/4811","targetHints":{"allow":["GET"]}}],"collection":[{"href":"https:\/\/valasskemezirici.casd.cz\/index.php?rest_route=\/wp\/v2\/posts"}],"about":[{"href":"https:\/\/valasskemezirici.casd.cz\/index.php?rest_route=\/wp\/v2\/types\/post"}],"author":[{"embeddable":true,"href":"https:\/\/valasskemezirici.casd.cz\/index.php?rest_route=\/wp\/v2\/users\/1"}],"replies":[{"embeddable":true,"href":"https:\/\/valasskemezirici.casd.cz\/index.php?rest_route=%2Fwp%2Fv2%2Fcomments&post=4811"}],"version-history":[{"count":1,"href":"https:\/\/valasskemezirici.casd.cz\/index.php?rest_route=\/wp\/v2\/posts\/4811\/revisions"}],"predecessor-version":[{"id":4813,"href":"https:\/\/valasskemezirici.casd.cz\/index.php?rest_route=\/wp\/v2\/posts\/4811\/revisions\/4813"}],"wp:attachment":[{"href":"https:\/\/valasskemezirici.casd.cz\/index.php?rest_route=%2Fwp%2Fv2%2Fmedia&parent=4811"}],"wp:term":[{"taxonomy":"category","embeddable":true,"href":"https:\/\/valasskemezirici.casd.cz\/index.php?rest_route=%2Fwp%2Fv2%2Fcategories&post=4811"},{"taxonomy":"post_tag","embeddable":true,"href":"https:\/\/valasskemezirici.casd.cz\/index.php?rest_route=%2Fwp%2Fv2%2Ftags&post=4811"}],"curies":[{"name":"wp","href":"https:\/\/api.w.org\/{rel}","templated":true}]}}