{"id":4816,"date":"2019-05-05T18:07:00","date_gmt":"2019-05-05T16:07:00","guid":{"rendered":"http:\/\/valasskemezirici.casd.cz\/?p=4816"},"modified":"2019-05-05T18:07:00","modified_gmt":"2019-05-05T16:07:00","slug":"upozorneni-3","status":"publish","type":"post","link":"https:\/\/valasskemezirici.casd.cz\/?p=4816","title":{"rendered":"Upozorn\u011bn\u00ed"},"content":{"rendered":"<h2>V sobotu 11.kv\u011btna 2019 se sejdeme na spole\u010dn\u00e9 bohoslu\u017eb\u011b ve Vset\u00edn\u011b.<\/h2>\n<h3>Bohoslu\u017eba bude sou\u010d\u00e1st\u00ed programu V.Ch\u00e1na na t\u00e9ma EGW.<\/h3>\n<h3>P\u0159edn\u00e1\u0161ky se uskute\u010dn\u00ed v modlitebn\u011b CASD Vset\u00edn:<\/h3>\n<h3>&#8211; v p\u00e1tek 10.5.2019 v 18.30hod<\/h3>\n<h3>&#8211; v sobotu v r\u00e1mci bohoslu\u017eby<\/h3>\n<h3>&#8211; v sobotu po ob\u011bd\u011b v r\u00e1mci odpoledn\u00edho programu bohoslu\u017eby<\/h3>\n<p><img loading=\"lazy\" decoding=\"async\" class=\"irc_mi\" src=\"https:\/\/i.ytimg.com\/vi\/V0wWhBG-xSE\/maxresdefault.jpg\" alt=\"V\u00fdsledek obr\u00e1zku pro V\u00edt\u011bzslav Ch\u00e1n\" data-iml=\"1557072400235\" width=\"578\" height=\"325\"><\/p>\n","protected":false},"excerpt":{"rendered":"<p>V sobotu 11.kv\u011btna 2019 se sejdeme na spole\u010dn\u00e9 bohoslu\u017eb\u011b ve Vset\u00edn\u011b. Bohoslu\u017eba bude sou\u010d\u00e1st\u00ed programu V.Ch\u00e1na na t\u00e9ma EGW. P\u0159edn\u00e1\u0161ky se uskute\u010dn\u00ed v modlitebn\u011b CASD Vset\u00edn: &#8211; v p\u00e1tek 10.5.2019 v 18.30hod &#8211; v sobotu v r\u00e1mci bohoslu\u017eby &#8211; v sobotu po ob\u011bd\u011b v r\u00e1mci odpoledn\u00edho programu bohoslu\u017eby<\/p>\n","protected":false},"author":1,"featured_media":0,"comment_status":"closed","ping_status":"open","sticky":false,"template":"","format":"standard","meta":{"ngg_post_thumbnail":0,"footnotes":""},"categories":[1],"tags":[],"class_list":["post-4816","post","type-post","status-publish","format-standard","hentry","category-nezarazene"],"_links":{"self":[{"href":"https:\/\/valasskemezirici.casd.cz\/index.php?rest_route=\/wp\/v2\/posts\/4816","targetHints":{"allow":["GET"]}}],"collection":[{"href":"https:\/\/valasskemezirici.casd.cz\/index.php?rest_route=\/wp\/v2\/posts"}],"about":[{"href":"https:\/\/valasskemezirici.casd.cz\/index.php?rest_route=\/wp\/v2\/types\/post"}],"author":[{"embeddable":true,"href":"https:\/\/valasskemezirici.casd.cz\/index.php?rest_route=\/wp\/v2\/users\/1"}],"replies":[{"embeddable":true,"href":"https:\/\/valasskemezirici.casd.cz\/index.php?rest_route=%2Fwp%2Fv2%2Fcomments&post=4816"}],"version-history":[{"count":1,"href":"https:\/\/valasskemezirici.casd.cz\/index.php?rest_route=\/wp\/v2\/posts\/4816\/revisions"}],"predecessor-version":[{"id":4817,"href":"https:\/\/valasskemezirici.casd.cz\/index.php?rest_route=\/wp\/v2\/posts\/4816\/revisions\/4817"}],"wp:attachment":[{"href":"https:\/\/valasskemezirici.casd.cz\/index.php?rest_route=%2Fwp%2Fv2%2Fmedia&parent=4816"}],"wp:term":[{"taxonomy":"category","embeddable":true,"href":"https:\/\/valasskemezirici.casd.cz\/index.php?rest_route=%2Fwp%2Fv2%2Fcategories&post=4816"},{"taxonomy":"post_tag","embeddable":true,"href":"https:\/\/valasskemezirici.casd.cz\/index.php?rest_route=%2Fwp%2Fv2%2Ftags&post=4816"}],"curies":[{"name":"wp","href":"https:\/\/api.w.org\/{rel}","templated":true}]}}