{"id":4821,"date":"2019-05-13T20:56:40","date_gmt":"2019-05-13T18:56:40","guid":{"rendered":"http:\/\/valasskemezirici.casd.cz\/?p=4821"},"modified":"2019-05-13T20:56:40","modified_gmt":"2019-05-13T18:56:40","slug":"sobota-12-kvetna-2019","status":"publish","type":"post","link":"https:\/\/valasskemezirici.casd.cz\/?p=4821","title":{"rendered":"Sobota 12.kv\u011btna 2019"},"content":{"rendered":"<p>Sobotn\u00ed bohoslu\u017eba se dnes konala ve Vset\u00edn\u011b pro v\u0161echny 3 na\u0161e sbory. D\u016fvodem byla velmi vz\u00e1cn\u00e1 n\u00e1v\u0161t\u011bva. M\u011bli jsme jedine\u010dnou p\u0159\u00edle\u017eitost sezn\u00e1mit se s&nbsp;osobn\u00edm sv\u011bdectv\u00edm kazatele V\u00edt\u011bzslava Ch\u00e1na k&nbsp;d\u00edlu \u017eeny, o kter\u00e9 c\u00edrkev adventist\u016f v\u011b\u0159\u00ed, \u017ee obdr\u017eela od Boha dar proroctv\u00ed &#8211; E.G.White. \u017dila v&nbsp;obdob\u00ed, kdy byla sou\u010dasnic\u00ed prvn\u00edch v\u011b\u0159\u00edc\u00edch adventist\u016f. P\u0159ev\u00e1\u017en\u00e1 v\u011bt\u0161ina z&nbsp;nich poznala, \u017ee se skrze ni v&nbsp;c\u00edrkvi projevoval duch proroctv\u00ed, ale ji\u017e za jej\u00edho \u017eivota se na\u0161li i jej\u00ed odp\u016frci. Nejinak tomu je v&nbsp;dne\u0161n\u00ed dob\u011b.&nbsp;&nbsp; V\u00edtek na Vala\u0161sko p\u0159ijel u\u017e v p\u00e1tek, kdy n\u00e1m v podve\u010der uspo\u0159\u00e1dal prvn\u00ed z n\u011bkolika besed &#8211; <em>Jak \u010d\u00edst a vykl\u00e1dat spisy E.G.White<\/em>.<\/p>\n<p style=\"text-align: justify;\">Sobotn\u00ed \u0161kolu na t\u00e9ma <em>Kr\u00e1lovsk\u00e1 milostn\u00e1 p\u00edse\u0148<\/em> jsme probrali s Pavlem Koste\u010dkou. Nejprve jsme shl\u00e9dli video Hope TV s bratrem Dym\u00e1\u010dkem a n\u00e1sledn\u011b jsme shrnuli d\u016fle\u017eit\u00e9 my\u0161lenky. K\u00e1z\u00e1n\u00edm n\u00e1m poslou\u017eil bratr Ch\u00e1n, v sou\u010dasn\u00e9 dob\u011b p\u016fsob\u00edc\u00ed ve Vamberku. N\u00e1zev k\u00e1z\u00e1n\u00ed byl &#8222;<em>T\u0159i p\u0159\u00edstupy k Bibli&nbsp; a EGW<\/em>&#8222;.&nbsp; Pot\u00e9 n\u00e1sledoval spole\u010dn\u00fd ob\u011bd, kter\u00fd pro n\u00e1s p\u0159ipravily sestry ze Vset\u00edna. V\u011bt\u0161ina z n\u00e1s vyu\u017eila p\u0159est\u00e1vky ke kr\u00e1tk\u00e9 proch\u00e1zce na slun\u00ed\u010dku. Odpoledne jsme m\u011bli mo\u017enost zaposlouchat se do dvou p\u0159edn\u00e1\u0161ek bratra Ch\u00e1na &#8211; jak jinak ne\u017e na t\u00e9ma EGW &#8211; <em>Pro\u010d si v\u00e1\u017eit dar proroctv\u00ed ve 21.stolet\u00ed?<\/em><strong>&nbsp; &nbsp;<\/strong> a&nbsp; <em>E.G.White pod palbou<\/em>. Bratr V\u00edtek m\u00e1 dar ka\u017edou dokl\u00e1dat ka\u017ed\u00fd z\u00e1v\u011br pomoc\u00ed p\u0159\u00edklad\u016f a jeho v\u00fdklad se poslouch\u00e1 velmi dob\u0159e. Besedy byly zakon\u010deny dotazy z \u0159ad poslucha\u010d\u016f a chv\u00edlemi byla diskuze zna\u010dn\u011b v\u00e1\u0161niv\u00e1. Ka\u017edop\u00e1dn\u011b besedy byly pro n\u00e1s p\u0159\u00edtomn\u00e9 velmi pou\u010dn\u00e9.<\/p>\n<p style=\"text-align: justify;\"><a href=\"https:\/\/valasskemezirici.casd.cz\/?attachment_id=4822\" rel=\"attachment wp-att-4822\"><img loading=\"lazy\" decoding=\"async\" class=\"alignnone  wp-image-4822\" src=\"https:\/\/valasskemezirici.casd.cz\/wp-content\/uploads\/2019\/05\/60074314_382612909254538_8969069093432852480_n.jpg\" alt=\"\" width=\"550\" height=\"435\" srcset=\"https:\/\/valasskemezirici.casd.cz\/wp-content\/uploads\/2019\/05\/60074314_382612909254538_8969069093432852480_n.jpg 430w, https:\/\/valasskemezirici.casd.cz\/wp-content\/uploads\/2019\/05\/60074314_382612909254538_8969069093432852480_n-300x237.jpg 300w\" sizes=\"auto, (max-width: 550px) 100vw, 550px\" \/><\/a><\/p>\n<p style=\"text-align: justify;\"><a href=\"https:\/\/valasskemezirici.casd.cz\/?attachment_id=4823\" rel=\"attachment wp-att-4823\"><img loading=\"lazy\" decoding=\"async\" class=\"alignnone  wp-image-4823\" src=\"https:\/\/valasskemezirici.casd.cz\/wp-content\/uploads\/2019\/05\/60472372_297802567797806_8992023215433842688_n.jpg\" alt=\"\" width=\"550\" height=\"414\" srcset=\"https:\/\/valasskemezirici.casd.cz\/wp-content\/uploads\/2019\/05\/60472372_297802567797806_8992023215433842688_n.jpg 1552w, https:\/\/valasskemezirici.casd.cz\/wp-content\/uploads\/2019\/05\/60472372_297802567797806_8992023215433842688_n-300x226.jpg 300w, https:\/\/valasskemezirici.casd.cz\/wp-content\/uploads\/2019\/05\/60472372_297802567797806_8992023215433842688_n-768x578.jpg 768w, https:\/\/valasskemezirici.casd.cz\/wp-content\/uploads\/2019\/05\/60472372_297802567797806_8992023215433842688_n-1024x771.jpg 1024w\" sizes=\"auto, (max-width: 550px) 100vw, 550px\" \/><\/a><\/p>\n<p style=\"text-align: justify;\"><a href=\"https:\/\/valasskemezirici.casd.cz\/?attachment_id=4824\" rel=\"attachment wp-att-4824\"><img loading=\"lazy\" decoding=\"async\" class=\"alignnone  wp-image-4824\" src=\"https:\/\/valasskemezirici.casd.cz\/wp-content\/uploads\/2019\/05\/60208115_377180109563915_8505685389694992384_n.jpg\" alt=\"\" width=\"550\" height=\"414\" srcset=\"https:\/\/valasskemezirici.casd.cz\/wp-content\/uploads\/2019\/05\/60208115_377180109563915_8505685389694992384_n.jpg 1552w, https:\/\/valasskemezirici.casd.cz\/wp-content\/uploads\/2019\/05\/60208115_377180109563915_8505685389694992384_n-300x226.jpg 300w, https:\/\/valasskemezirici.casd.cz\/wp-content\/uploads\/2019\/05\/60208115_377180109563915_8505685389694992384_n-768x578.jpg 768w, https:\/\/valasskemezirici.casd.cz\/wp-content\/uploads\/2019\/05\/60208115_377180109563915_8505685389694992384_n-1024x771.jpg 1024w\" sizes=\"auto, (max-width: 550px) 100vw, 550px\" \/><\/a><\/p>\n","protected":false},"excerpt":{"rendered":"<p>Sobotn\u00ed bohoslu\u017eba se dnes konala ve Vset\u00edn\u011b pro v\u0161echny 3 na\u0161e sbory. D\u016fvodem byla velmi vz\u00e1cn\u00e1 n\u00e1v\u0161t\u011bva. M\u011bli jsme jedine\u010dnou p\u0159\u00edle\u017eitost sezn\u00e1mit se s&nbsp;osobn\u00edm sv\u011bdectv\u00edm kazatele V\u00edt\u011bzslava Ch\u00e1na k&nbsp;d\u00edlu \u017eeny, o kter\u00e9 c\u00edrkev adventist\u016f v\u011b\u0159\u00ed, \u017ee obdr\u017eela od Boha dar proroctv\u00ed &#8211; E.G.White. \u017dila v&nbsp;obdob\u00ed, kdy byla sou\u010dasnic\u00ed prvn\u00edch v\u011b\u0159\u00edc\u00edch adventist\u016f. P\u0159ev\u00e1\u017en\u00e1 v\u011bt\u0161ina z&nbsp;nich poznala, [&hellip;]<\/p>\n","protected":false},"author":1,"featured_media":0,"comment_status":"closed","ping_status":"open","sticky":false,"template":"","format":"standard","meta":{"ngg_post_thumbnail":0,"footnotes":""},"categories":[1],"tags":[],"class_list":["post-4821","post","type-post","status-publish","format-standard","hentry","category-nezarazene"],"_links":{"self":[{"href":"https:\/\/valasskemezirici.casd.cz\/index.php?rest_route=\/wp\/v2\/posts\/4821","targetHints":{"allow":["GET"]}}],"collection":[{"href":"https:\/\/valasskemezirici.casd.cz\/index.php?rest_route=\/wp\/v2\/posts"}],"about":[{"href":"https:\/\/valasskemezirici.casd.cz\/index.php?rest_route=\/wp\/v2\/types\/post"}],"author":[{"embeddable":true,"href":"https:\/\/valasskemezirici.casd.cz\/index.php?rest_route=\/wp\/v2\/users\/1"}],"replies":[{"embeddable":true,"href":"https:\/\/valasskemezirici.casd.cz\/index.php?rest_route=%2Fwp%2Fv2%2Fcomments&post=4821"}],"version-history":[{"count":1,"href":"https:\/\/valasskemezirici.casd.cz\/index.php?rest_route=\/wp\/v2\/posts\/4821\/revisions"}],"predecessor-version":[{"id":4825,"href":"https:\/\/valasskemezirici.casd.cz\/index.php?rest_route=\/wp\/v2\/posts\/4821\/revisions\/4825"}],"wp:attachment":[{"href":"https:\/\/valasskemezirici.casd.cz\/index.php?rest_route=%2Fwp%2Fv2%2Fmedia&parent=4821"}],"wp:term":[{"taxonomy":"category","embeddable":true,"href":"https:\/\/valasskemezirici.casd.cz\/index.php?rest_route=%2Fwp%2Fv2%2Fcategories&post=4821"},{"taxonomy":"post_tag","embeddable":true,"href":"https:\/\/valasskemezirici.casd.cz\/index.php?rest_route=%2Fwp%2Fv2%2Ftags&post=4821"}],"curies":[{"name":"wp","href":"https:\/\/api.w.org\/{rel}","templated":true}]}}