{"id":4845,"date":"2019-05-22T10:05:47","date_gmt":"2019-05-22T08:05:47","guid":{"rendered":"http:\/\/valasskemezirici.casd.cz\/?p=4845"},"modified":"2019-05-22T10:05:47","modified_gmt":"2019-05-22T08:05:47","slug":"sobota-18-kvetna-2019-instalace-kazatele","status":"publish","type":"post","link":"https:\/\/valasskemezirici.casd.cz\/?p=4845","title":{"rendered":"Sobota 18.kv\u011btna 2019 &#8211; instalace kazatele"},"content":{"rendered":"<p style=\"text-align: justify;\">Dne\u0161n\u00ed sobota byla op\u011bt trochu jin\u00e1.&nbsp; Rann\u00ed paprsky slunce n\u00e1s doprov\u00e1zely na cest\u011b to sboru ve Vset\u00edn\u011b, stejn\u011b jako \u0159ada na\u0161ich brat\u0159\u00ed a sester doprov\u00e1zela sv\u00e9ho t\u00e9m\u011b\u0159 ji\u017e b\u00fdval\u00e9ho kazatele Hynka Donu. Hlavn\u00edm d\u016fvodem t\u011bchto p\u0159esun\u016f bylo lou\u010den\u00ed s na\u0161\u00edm kazatelem Pavlem Koste\u010dkou p\u0159ed jeho cestou do Ameriky a n\u00e1sledn\u00fdm st\u011bhov\u00e1n\u00edm na Ostravsko, a instalace nov\u00e9ho kazatele, jeho\u017e jm\u00e9no sdru\u017een\u00ed tak dlouho a \u00fasp\u011b\u0161n\u011b tajilo.<\/p>\n<p style=\"text-align: justify;\">Plni o\u010dek\u00e1v\u00e1n\u00ed jsme vstoupili do modlitebny. Dnes se osv\u011bd\u010dilo star\u00e9 zn\u00e1m\u00e9 &#8222;kdo d\u0159\u00edv p\u0159ijde, ten d\u0159\u00edv mele&#8220;. Proto\u017ee jsme se sjeli ze sbor\u016f ValMez, Kate\u0159inice, Vset\u00edn a D\u011btmarovice, byla modlitebna za chvilku&nbsp; pln\u00e1 a sed\u011bt se muselo i v p\u0159ilehl\u00e9 m\u00edstnosti s dve\u0159mi otev\u0159en\u00fdmi. Je\u0161t\u011b \u017ee ml\u00e1de\u017e je na v\u00edkendov\u00e9 akci Helf\u0161t\u00fdn 2019.<\/p>\n<p style=\"text-align: justify;\">\u00davodn\u00ed slovo pat\u0159ilo bratru Klodovi, kter\u00fd s n\u00e1mi probral dal\u0161\u00ed \u00fakol sobotn\u00ed \u0161koly nazvan\u00fd <strong>Kl\u00ed\u010de k&nbsp;rodinn\u00e9 jednot\u011b. <\/strong>A\u010dkoliv &#8211; nebo mo\u017en\u00e1 pr\u00e1v\u011b proto &#8211; \u017ee n\u00e1s bylo tak mnoho, diskuze trochu v\u00e1zla, ale bratr n\u00e1s dob\u0159e vedl a nakonec jsme \u00fakol zd\u00e1rn\u011b probrali.<\/p>\n<p style=\"text-align: justify;\"><a href=\"https:\/\/valasskemezirici.casd.cz\/wp-content\/uploads\/2019\/05\/IMG_20190518_092114.jpg\"><img loading=\"lazy\" decoding=\"async\" class=\"alignnone  wp-image-4846\" src=\"https:\/\/valasskemezirici.casd.cz\/wp-content\/uploads\/2019\/05\/IMG_20190518_092114.jpg\" alt=\"\" width=\"574\" height=\"765\" srcset=\"https:\/\/valasskemezirici.casd.cz\/wp-content\/uploads\/2019\/05\/IMG_20190518_092114.jpg 1361w, https:\/\/valasskemezirici.casd.cz\/wp-content\/uploads\/2019\/05\/IMG_20190518_092114-225x300.jpg 225w, https:\/\/valasskemezirici.casd.cz\/wp-content\/uploads\/2019\/05\/IMG_20190518_092114-768x1024.jpg 768w\" sizes=\"auto, (max-width: 574px) 100vw, 574px\" \/><\/a> <a href=\"https:\/\/valasskemezirici.casd.cz\/wp-content\/uploads\/2019\/05\/IMG_20190518_092833.jpg\"><img loading=\"lazy\" decoding=\"async\" class=\"alignnone  wp-image-4847\" src=\"https:\/\/valasskemezirici.casd.cz\/wp-content\/uploads\/2019\/05\/IMG_20190518_092833.jpg\" alt=\"\" width=\"574\" height=\"431\" srcset=\"https:\/\/valasskemezirici.casd.cz\/wp-content\/uploads\/2019\/05\/IMG_20190518_092833.jpg 1308w, https:\/\/valasskemezirici.casd.cz\/wp-content\/uploads\/2019\/05\/IMG_20190518_092833-300x225.jpg 300w, https:\/\/valasskemezirici.casd.cz\/wp-content\/uploads\/2019\/05\/IMG_20190518_092833-768x576.jpg 768w, https:\/\/valasskemezirici.casd.cz\/wp-content\/uploads\/2019\/05\/IMG_20190518_092833-1024x768.jpg 1024w\" sizes=\"auto, (max-width: 574px) 100vw, 574px\" \/><\/a><\/p>\n<p style=\"text-align: justify;\">Program m\u011bl b\u00fdt p\u016fvodn\u011b v re\u017eii d\u011bt\u00ed a ml\u00e1de\u017ee, ale proto\u017ee akce Helf\u0161t\u00fdn je pro n\u011b velk\u00fdm l\u00e1kadlem &#8211; a je to tak dob\u0159e, o hudebn\u00ed doprovod se postarali &#8222;veter\u00e1ni&#8220; , jak nazval vtipn\u011b bratr Ju\u0159\u00ednek chv\u00e1l\u00edc\u00ed skupinku sboru Vset\u00edn ve spolupr\u00e1ci s bratry Wagnerov\u00fdmi z Kate\u0159inic. Zp\u00edvali a hr\u00e1li opravdu n\u00e1dhern\u011b. K\u00e9\u017e by tak skv\u011bl\u00e9 zp\u011bv\u00e1ky a hr\u00e1\u010de m\u011bly v\u0161echny sbory.<\/p>\n<p style=\"text-align: justify;\"><a href=\"https:\/\/valasskemezirici.casd.cz\/wp-content\/uploads\/2019\/05\/IMG_20190518_095029.jpg\"><img loading=\"lazy\" decoding=\"async\" class=\"alignnone  wp-image-4848\" src=\"https:\/\/valasskemezirici.casd.cz\/wp-content\/uploads\/2019\/05\/IMG_20190518_095029.jpg\" alt=\"\" width=\"574\" height=\"431\" srcset=\"https:\/\/valasskemezirici.casd.cz\/wp-content\/uploads\/2019\/05\/IMG_20190518_095029.jpg 2388w, https:\/\/valasskemezirici.casd.cz\/wp-content\/uploads\/2019\/05\/IMG_20190518_095029-300x225.jpg 300w, https:\/\/valasskemezirici.casd.cz\/wp-content\/uploads\/2019\/05\/IMG_20190518_095029-768x576.jpg 768w, https:\/\/valasskemezirici.casd.cz\/wp-content\/uploads\/2019\/05\/IMG_20190518_095029-1024x768.jpg 1024w\" sizes=\"auto, (max-width: 574px) 100vw, 574px\" \/><\/a><\/p>\n<p style=\"text-align: justify;\">K\u00e1z\u00e1n\u00edm n\u00e1m poslou\u017eil bratr Jaroslav Stejskal.Velmi milou byla informace o v\u010derej\u0161\u00edm k\u0159tu bratra Ji\u0159\u00edho Mikulce, kter\u00e9ho on i kazatel\u00e9 p\u0159iv\u00edtali do c\u00edrkve.<\/p>\n<p style=\"text-align: justify;\"><a href=\"https:\/\/valasskemezirici.casd.cz\/wp-content\/uploads\/2019\/05\/IMG_20190518_105947.jpg\"><img loading=\"lazy\" decoding=\"async\" class=\"alignnone  wp-image-4851\" src=\"https:\/\/valasskemezirici.casd.cz\/wp-content\/uploads\/2019\/05\/IMG_20190518_105947.jpg\" alt=\"\" width=\"575\" height=\"766\" srcset=\"https:\/\/valasskemezirici.casd.cz\/wp-content\/uploads\/2019\/05\/IMG_20190518_105947.jpg 1104w, https:\/\/valasskemezirici.casd.cz\/wp-content\/uploads\/2019\/05\/IMG_20190518_105947-225x300.jpg 225w, https:\/\/valasskemezirici.casd.cz\/wp-content\/uploads\/2019\/05\/IMG_20190518_105947-768x1024.jpg 768w\" sizes=\"auto, (max-width: 575px) 100vw, 575px\" \/><\/a><\/p>\n<p style=\"text-align: justify;\">Bratr Stejskal se za v\u0161echny sbory rozlou\u010dil a pod\u011bkoval kazatel\u016fm Pavlovi Koste\u010dkovi, Ji\u0159\u00edmu Loderovi a Jaroslavu \u0160los\u00e1rkovi za jejich pr\u00e1ci pro vala\u0161sk\u00e9 sbory. P\u0159idali se tak\u00e9 z\u00e1stupci sbor\u016f a pod\u011bkovali slovy i mal\u00fdmi d\u00e1re\u010dky.<\/p>\n<p style=\"text-align: justify;\"><a href=\"https:\/\/valasskemezirici.casd.cz\/wp-content\/uploads\/2019\/05\/IMG_20190518_095412.jpg\"><img loading=\"lazy\" decoding=\"async\" class=\"alignnone  wp-image-4849\" src=\"https:\/\/valasskemezirici.casd.cz\/wp-content\/uploads\/2019\/05\/IMG_20190518_095412.jpg\" alt=\"\" width=\"575\" height=\"766\" srcset=\"https:\/\/valasskemezirici.casd.cz\/wp-content\/uploads\/2019\/05\/IMG_20190518_095412.jpg 837w, https:\/\/valasskemezirici.casd.cz\/wp-content\/uploads\/2019\/05\/IMG_20190518_095412-225x300.jpg 225w, https:\/\/valasskemezirici.casd.cz\/wp-content\/uploads\/2019\/05\/IMG_20190518_095412-768x1024.jpg 768w\" sizes=\"auto, (max-width: 575px) 100vw, 575px\" \/><\/a><\/p>\n<p style=\"text-align: justify;\"><a href=\"https:\/\/valasskemezirici.casd.cz\/wp-content\/uploads\/2019\/05\/IMG_20190518_111951.jpg\"><img loading=\"lazy\" decoding=\"async\" class=\"alignnone  wp-image-4852\" src=\"https:\/\/valasskemezirici.casd.cz\/wp-content\/uploads\/2019\/05\/IMG_20190518_111951.jpg\" alt=\"\" width=\"578\" height=\"433\" srcset=\"https:\/\/valasskemezirici.casd.cz\/wp-content\/uploads\/2019\/05\/IMG_20190518_111951.jpg 1489w, https:\/\/valasskemezirici.casd.cz\/wp-content\/uploads\/2019\/05\/IMG_20190518_111951-300x225.jpg 300w, https:\/\/valasskemezirici.casd.cz\/wp-content\/uploads\/2019\/05\/IMG_20190518_111951-768x576.jpg 768w, https:\/\/valasskemezirici.casd.cz\/wp-content\/uploads\/2019\/05\/IMG_20190518_111951-1024x768.jpg 1024w\" sizes=\"auto, (max-width: 578px) 100vw, 578px\" \/><\/a> <a href=\"https:\/\/valasskemezirici.casd.cz\/wp-content\/uploads\/2019\/05\/IMG_20190518_112024.jpg\"><img loading=\"lazy\" decoding=\"async\" class=\"alignnone  wp-image-4853\" src=\"https:\/\/valasskemezirici.casd.cz\/wp-content\/uploads\/2019\/05\/IMG_20190518_112024.jpg\" alt=\"\" width=\"578\" height=\"433\" srcset=\"https:\/\/valasskemezirici.casd.cz\/wp-content\/uploads\/2019\/05\/IMG_20190518_112024.jpg 1576w, https:\/\/valasskemezirici.casd.cz\/wp-content\/uploads\/2019\/05\/IMG_20190518_112024-300x225.jpg 300w, https:\/\/valasskemezirici.casd.cz\/wp-content\/uploads\/2019\/05\/IMG_20190518_112024-768x576.jpg 768w, https:\/\/valasskemezirici.casd.cz\/wp-content\/uploads\/2019\/05\/IMG_20190518_112024-1024x768.jpg 1024w\" sizes=\"auto, (max-width: 578px) 100vw, 578px\" \/><\/a> <a href=\"https:\/\/valasskemezirici.casd.cz\/wp-content\/uploads\/2019\/05\/IMG_20190518_112036.jpg\"><img loading=\"lazy\" decoding=\"async\" class=\"alignnone  wp-image-4854\" src=\"https:\/\/valasskemezirici.casd.cz\/wp-content\/uploads\/2019\/05\/IMG_20190518_112036.jpg\" alt=\"\" width=\"577\" height=\"433\" srcset=\"https:\/\/valasskemezirici.casd.cz\/wp-content\/uploads\/2019\/05\/IMG_20190518_112036.jpg 1725w, https:\/\/valasskemezirici.casd.cz\/wp-content\/uploads\/2019\/05\/IMG_20190518_112036-300x225.jpg 300w, https:\/\/valasskemezirici.casd.cz\/wp-content\/uploads\/2019\/05\/IMG_20190518_112036-768x576.jpg 768w, https:\/\/valasskemezirici.casd.cz\/wp-content\/uploads\/2019\/05\/IMG_20190518_112036-1024x768.jpg 1024w\" sizes=\"auto, (max-width: 577px) 100vw, 577px\" \/><\/a> <a href=\"https:\/\/valasskemezirici.casd.cz\/wp-content\/uploads\/2019\/05\/IMG_20190518_112221.jpg\"><img loading=\"lazy\" decoding=\"async\" class=\"alignnone  wp-image-4855\" src=\"https:\/\/valasskemezirici.casd.cz\/wp-content\/uploads\/2019\/05\/IMG_20190518_112221.jpg\" alt=\"\" width=\"579\" height=\"435\" srcset=\"https:\/\/valasskemezirici.casd.cz\/wp-content\/uploads\/2019\/05\/IMG_20190518_112221.jpg 1228w, https:\/\/valasskemezirici.casd.cz\/wp-content\/uploads\/2019\/05\/IMG_20190518_112221-300x225.jpg 300w, https:\/\/valasskemezirici.casd.cz\/wp-content\/uploads\/2019\/05\/IMG_20190518_112221-768x576.jpg 768w, https:\/\/valasskemezirici.casd.cz\/wp-content\/uploads\/2019\/05\/IMG_20190518_112221-1024x768.jpg 1024w\" sizes=\"auto, (max-width: 579px) 100vw, 579px\" \/><\/a> <a href=\"https:\/\/valasskemezirici.casd.cz\/wp-content\/uploads\/2019\/05\/IMG_20190518_112337.jpg\"><img loading=\"lazy\" decoding=\"async\" class=\"alignnone  wp-image-4856\" src=\"https:\/\/valasskemezirici.casd.cz\/wp-content\/uploads\/2019\/05\/IMG_20190518_112337.jpg\" alt=\"\" width=\"582\" height=\"437\" srcset=\"https:\/\/valasskemezirici.casd.cz\/wp-content\/uploads\/2019\/05\/IMG_20190518_112337.jpg 1580w, https:\/\/valasskemezirici.casd.cz\/wp-content\/uploads\/2019\/05\/IMG_20190518_112337-300x225.jpg 300w, https:\/\/valasskemezirici.casd.cz\/wp-content\/uploads\/2019\/05\/IMG_20190518_112337-768x576.jpg 768w, https:\/\/valasskemezirici.casd.cz\/wp-content\/uploads\/2019\/05\/IMG_20190518_112337-1024x768.jpg 1024w\" sizes=\"auto, (max-width: 582px) 100vw, 582px\" \/><\/a><\/p>\n<p style=\"text-align: justify;\">Kr\u00e1sn\u00fdm rozlou\u010den\u00edm byla tak\u00e9 b\u00e1se\u0148 p\u0159ednesen\u00e1 sestrou Smilkovou. Pot\u00e9 dostali v\u0161ichni kazatel\u00e9 prostor pro to, aby zavzpom\u00ednali na sv\u00e9 p\u016fsoben\u00ed. P\u0159iv\u00edt\u00e1n byl z\u00e1stupcem MSS a sbory nov\u00fd kazatel, na kter\u00e9ho se v\u0161ichni velmi t\u011b\u0161\u00edme. Jak budeme vych\u00e1zet, jak moc ho p\u0159ekvap\u00ed specifick\u00e9 vala\u0161sk\u00e9 prost\u0159ed\u00ed a mentalita, kam se posunou sbory d\u00edky jeho p\u016fsoben\u00ed, to je zat\u00edm tajemstv\u00edm. Ale jak se vyj\u00e1d\u0159il bratr Hynek Dona &#8211; pokud budeme m\u00edt v\u0161ichni srdce u P\u00e1na Je\u017e\u00ed\u0161e, zvl\u00e1dneme v\u0161echno.<\/p>\n<p style=\"text-align: justify;\"><a href=\"https:\/\/valasskemezirici.casd.cz\/wp-content\/uploads\/2019\/05\/IMG_20190518_112522.jpg\"><img loading=\"lazy\" decoding=\"async\" class=\"alignnone  wp-image-4857\" src=\"https:\/\/valasskemezirici.casd.cz\/wp-content\/uploads\/2019\/05\/IMG_20190518_112522.jpg\" alt=\"\" width=\"575\" height=\"766\" srcset=\"https:\/\/valasskemezirici.casd.cz\/wp-content\/uploads\/2019\/05\/IMG_20190518_112522.jpg 1329w, https:\/\/valasskemezirici.casd.cz\/wp-content\/uploads\/2019\/05\/IMG_20190518_112522-225x300.jpg 225w, https:\/\/valasskemezirici.casd.cz\/wp-content\/uploads\/2019\/05\/IMG_20190518_112522-768x1024.jpg 768w\" sizes=\"auto, (max-width: 575px) 100vw, 575px\" \/><\/a> <a href=\"https:\/\/valasskemezirici.casd.cz\/wp-content\/uploads\/2019\/05\/IMG_20190518_113012.jpg\"><img loading=\"lazy\" decoding=\"async\" class=\"alignnone  wp-image-4858\" src=\"https:\/\/valasskemezirici.casd.cz\/wp-content\/uploads\/2019\/05\/IMG_20190518_113012.jpg\" alt=\"\" width=\"578\" height=\"771\" srcset=\"https:\/\/valasskemezirici.casd.cz\/wp-content\/uploads\/2019\/05\/IMG_20190518_113012.jpg 1082w, https:\/\/valasskemezirici.casd.cz\/wp-content\/uploads\/2019\/05\/IMG_20190518_113012-225x300.jpg 225w, https:\/\/valasskemezirici.casd.cz\/wp-content\/uploads\/2019\/05\/IMG_20190518_113012-768x1024.jpg 768w\" sizes=\"auto, (max-width: 578px) 100vw, 578px\" \/><\/a> <a href=\"https:\/\/valasskemezirici.casd.cz\/wp-content\/uploads\/2019\/05\/IMG_20190518_113235.jpg\"><img loading=\"lazy\" decoding=\"async\" class=\"alignnone  wp-image-4859\" src=\"https:\/\/valasskemezirici.casd.cz\/wp-content\/uploads\/2019\/05\/IMG_20190518_113235.jpg\" alt=\"\" width=\"578\" height=\"771\" srcset=\"https:\/\/valasskemezirici.casd.cz\/wp-content\/uploads\/2019\/05\/IMG_20190518_113235.jpg 1010w, https:\/\/valasskemezirici.casd.cz\/wp-content\/uploads\/2019\/05\/IMG_20190518_113235-225x300.jpg 225w, https:\/\/valasskemezirici.casd.cz\/wp-content\/uploads\/2019\/05\/IMG_20190518_113235-768x1024.jpg 768w\" sizes=\"auto, (max-width: 578px) 100vw, 578px\" \/><\/a> <a href=\"https:\/\/valasskemezirici.casd.cz\/wp-content\/uploads\/2019\/05\/IMG_20190518_115119.jpg\"><img loading=\"lazy\" decoding=\"async\" class=\"alignnone  wp-image-4860\" src=\"https:\/\/valasskemezirici.casd.cz\/wp-content\/uploads\/2019\/05\/IMG_20190518_115119.jpg\" alt=\"\" width=\"579\" height=\"434\" srcset=\"https:\/\/valasskemezirici.casd.cz\/wp-content\/uploads\/2019\/05\/IMG_20190518_115119.jpg 1569w, https:\/\/valasskemezirici.casd.cz\/wp-content\/uploads\/2019\/05\/IMG_20190518_115119-300x225.jpg 300w, https:\/\/valasskemezirici.casd.cz\/wp-content\/uploads\/2019\/05\/IMG_20190518_115119-768x576.jpg 768w, https:\/\/valasskemezirici.casd.cz\/wp-content\/uploads\/2019\/05\/IMG_20190518_115119-1024x768.jpg 1024w\" sizes=\"auto, (max-width: 579px) 100vw, 579px\" \/><\/a><\/p>\n<p style=\"text-align: justify;\"><a href=\"https:\/\/valasskemezirici.casd.cz\/wp-content\/uploads\/2019\/05\/IMG_20190518_115252.jpg\"><img loading=\"lazy\" decoding=\"async\" class=\"alignnone  wp-image-4861\" src=\"https:\/\/valasskemezirici.casd.cz\/wp-content\/uploads\/2019\/05\/IMG_20190518_115252.jpg\" alt=\"\" width=\"577\" height=\"769\" srcset=\"https:\/\/valasskemezirici.casd.cz\/wp-content\/uploads\/2019\/05\/IMG_20190518_115252.jpg 1081w, https:\/\/valasskemezirici.casd.cz\/wp-content\/uploads\/2019\/05\/IMG_20190518_115252-225x300.jpg 225w, https:\/\/valasskemezirici.casd.cz\/wp-content\/uploads\/2019\/05\/IMG_20190518_115252-768x1024.jpg 768w\" sizes=\"auto, (max-width: 577px) 100vw, 577px\" \/><\/a><\/p>\n<p style=\"text-align: justify;\">Velmi p\u0159\u00edjemn\u00e9 a emotivn\u00ed dopoledne bylo ukon\u010deno spole\u010dn\u00fdm ob\u011bdem. Smutn\u00e9 chv\u00edle lou\u010den\u00ed jsme si zp\u0159\u00edjemnili alespo\u0148 b\u00e1je\u010dn\u00fdmi z\u00e1kusky z d\u00edlny sester p\u0159\u00edtomn\u00fdch sbor\u016f. Na\u0161i kazatel\u00e9 budou st\u00e1le v na\u0161ich srdc\u00edch a v\u011b\u0159\u00edme, \u017ee se budeme v\u00eddat i v budoucnu. Sv\u011b\u0159ujeme jejich p\u0159\u00ed\u0161t\u00ed kroky do rukou toho nejlep\u0161\u00edho pr\u016fvodce, na\u0161eho P\u00e1na.<\/p>\n<p style=\"text-align: justify;\">&nbsp;<\/p>\n","protected":false},"excerpt":{"rendered":"<p>Dne\u0161n\u00ed sobota byla op\u011bt trochu jin\u00e1.&nbsp; Rann\u00ed paprsky slunce n\u00e1s doprov\u00e1zely na cest\u011b to sboru ve Vset\u00edn\u011b, stejn\u011b jako \u0159ada na\u0161ich brat\u0159\u00ed a sester doprov\u00e1zela sv\u00e9ho t\u00e9m\u011b\u0159 ji\u017e b\u00fdval\u00e9ho kazatele Hynka Donu. Hlavn\u00edm d\u016fvodem t\u011bchto p\u0159esun\u016f bylo lou\u010den\u00ed s na\u0161\u00edm kazatelem Pavlem Koste\u010dkou p\u0159ed jeho cestou do Ameriky a n\u00e1sledn\u00fdm st\u011bhov\u00e1n\u00edm na Ostravsko, a instalace [&hellip;]<\/p>\n","protected":false},"author":1,"featured_media":0,"comment_status":"closed","ping_status":"open","sticky":false,"template":"","format":"standard","meta":{"ngg_post_thumbnail":0,"footnotes":""},"categories":[1],"tags":[],"class_list":["post-4845","post","type-post","status-publish","format-standard","hentry","category-nezarazene"],"_links":{"self":[{"href":"https:\/\/valasskemezirici.casd.cz\/index.php?rest_route=\/wp\/v2\/posts\/4845","targetHints":{"allow":["GET"]}}],"collection":[{"href":"https:\/\/valasskemezirici.casd.cz\/index.php?rest_route=\/wp\/v2\/posts"}],"about":[{"href":"https:\/\/valasskemezirici.casd.cz\/index.php?rest_route=\/wp\/v2\/types\/post"}],"author":[{"embeddable":true,"href":"https:\/\/valasskemezirici.casd.cz\/index.php?rest_route=\/wp\/v2\/users\/1"}],"replies":[{"embeddable":true,"href":"https:\/\/valasskemezirici.casd.cz\/index.php?rest_route=%2Fwp%2Fv2%2Fcomments&post=4845"}],"version-history":[{"count":1,"href":"https:\/\/valasskemezirici.casd.cz\/index.php?rest_route=\/wp\/v2\/posts\/4845\/revisions"}],"predecessor-version":[{"id":4862,"href":"https:\/\/valasskemezirici.casd.cz\/index.php?rest_route=\/wp\/v2\/posts\/4845\/revisions\/4862"}],"wp:attachment":[{"href":"https:\/\/valasskemezirici.casd.cz\/index.php?rest_route=%2Fwp%2Fv2%2Fmedia&parent=4845"}],"wp:term":[{"taxonomy":"category","embeddable":true,"href":"https:\/\/valasskemezirici.casd.cz\/index.php?rest_route=%2Fwp%2Fv2%2Fcategories&post=4845"},{"taxonomy":"post_tag","embeddable":true,"href":"https:\/\/valasskemezirici.casd.cz\/index.php?rest_route=%2Fwp%2Fv2%2Ftags&post=4845"}],"curies":[{"name":"wp","href":"https:\/\/api.w.org\/{rel}","templated":true}]}}