{"id":4868,"date":"2019-05-27T21:44:12","date_gmt":"2019-05-27T19:44:12","guid":{"rendered":"http:\/\/valasskemezirici.casd.cz\/?p=4868"},"modified":"2019-05-27T21:44:12","modified_gmt":"2019-05-27T19:44:12","slug":"sobota-25-kvetna-2019-detmarovice","status":"publish","type":"post","link":"https:\/\/valasskemezirici.casd.cz\/?p=4868","title":{"rendered":"Sobota 25.kv\u011btna 2019 D\u011btmarovice"},"content":{"rendered":"<p style=\"text-align: justify;\">Tuto sobotu jsme vst\u00e1vali v\u00fdrazn\u011b d\u0159\u00edve, ne\u017e jin\u00e9 soboty. To proto, \u017ee jsme se rozhodli doprovodit na\u0161e kazatele Pavla Koste\u010dku a Ji\u0159\u00edho Lodera na instalaci do D\u011btmarovic. Cesta do nejsevern\u011bj\u0161\u00ed \u010d\u00e1sti Moravy pro n\u011bkter\u00e9 nebyla probl\u00e9m. I p\u0159es mnoh\u00e9 \u00faseky ozna\u010den\u00e9 star\u00fdm zn\u00e1m\u00fdm &#8222;Mus\u00edme to opravit&#8220; dorazili do sbore\u010dku v rodinn\u00e9m dom\u011b na okraji obce na prvn\u00ed pokus. Jin\u00ed, kte\u0159\u00ed odm\u00edtli poslouchat navigaci v p\u0159esv\u011bd\u010den\u00ed, \u017ee &#8222;to p\u0159ece maj\u00ed nastudovan\u00e9 v map\u011b&#8220; si ud\u011blali necht\u011bn\u011b v\u00fdlet i do p\u0159ilehl\u00e9ho Polska. Ale nakonec jsme sobotn\u00ed bohoslu\u017ebu stihli v\u0161ichni.<\/p>\n<p style=\"text-align: justify;\">Upraven\u00fd rodinn\u00fd d\u016fm u kr\u00e1sn\u00e9 louky pln\u00e9 kopretin s n\u00e1pisem <em>Modlitebna CASD<\/em> n\u00e1s p\u0159iv\u00edtal zalit\u00fd sluncem. Proto\u017ee \u00fa\u010dastn\u00edk\u016f bylo dnes v\u00fdrazn\u011b v\u00edce ne\u017e jindy, bylo tak\u00e9 v\u00edce aut a parkov\u00e1n\u00ed si vy\u017e\u00e1dalo asistenci ob\u011btav\u00e9ho bratra z m\u00edstn\u00edho sboru.<\/p>\n<p style=\"text-align: justify;\"><a href=\"https:\/\/valasskemezirici.casd.cz\/wp-content\/uploads\/2019\/05\/DSC_7136.jpg\"><img loading=\"lazy\" decoding=\"async\" class=\"alignnone  wp-image-4870\" src=\"https:\/\/valasskemezirici.casd.cz\/wp-content\/uploads\/2019\/05\/DSC_7136.jpg\" alt=\"\" width=\"571\" height=\"381\" srcset=\"https:\/\/valasskemezirici.casd.cz\/wp-content\/uploads\/2019\/05\/DSC_7136.jpg 1300w, https:\/\/valasskemezirici.casd.cz\/wp-content\/uploads\/2019\/05\/DSC_7136-300x200.jpg 300w, https:\/\/valasskemezirici.casd.cz\/wp-content\/uploads\/2019\/05\/DSC_7136-768x512.jpg 768w, https:\/\/valasskemezirici.casd.cz\/wp-content\/uploads\/2019\/05\/DSC_7136-1024x683.jpg 1024w\" sizes=\"auto, (max-width: 571px) 100vw, 571px\" \/><\/a><\/p>\n<p style=\"text-align: justify;\">P\u0159ed budovou se nach\u00e1z\u00ed mal\u00fd dvorek, kde st\u00e1l stan skr\u00fdvaj\u00edc\u00ed stoly pln\u00edc\u00ed se postupn\u011b dobrotami na poledn\u00ed ob\u010derstven\u00ed. Postupn\u011b jsme se p\u0159iv\u00edtali se v\u0161emi p\u0159\u00edtomn\u00fdmi a zaujali sv\u00e1 m\u00edsta v mal\u00e9m \u00fatuln\u00e9m s\u00e1lu. P\u0159ijeli tak\u00e9 na\u0161i brat\u0159i ze Vset\u00edna a Kate\u0159inic.<\/p>\n<p style=\"text-align: justify;\"><a href=\"https:\/\/valasskemezirici.casd.cz\/wp-content\/uploads\/2019\/05\/DSC_7176.jpg\"><img loading=\"lazy\" decoding=\"async\" class=\"alignnone  wp-image-4871\" src=\"https:\/\/valasskemezirici.casd.cz\/wp-content\/uploads\/2019\/05\/DSC_7176.jpg\" alt=\"\" width=\"569\" height=\"379\" srcset=\"https:\/\/valasskemezirici.casd.cz\/wp-content\/uploads\/2019\/05\/DSC_7176.jpg 1300w, https:\/\/valasskemezirici.casd.cz\/wp-content\/uploads\/2019\/05\/DSC_7176-300x200.jpg 300w, https:\/\/valasskemezirici.casd.cz\/wp-content\/uploads\/2019\/05\/DSC_7176-768x512.jpg 768w, https:\/\/valasskemezirici.casd.cz\/wp-content\/uploads\/2019\/05\/DSC_7176-1024x683.jpg 1024w\" sizes=\"auto, (max-width: 569px) 100vw, 569px\" \/><\/a><\/p>\n<p style=\"text-align: justify;\">I v tento vyj\u00edme\u010dn\u00fd den jsme se zahloubali po zp\u011bvu \u00favodn\u00ed p\u00edsn\u011b do \u00fakolu sobotn\u00ed \u0161koly. Nejprve jsme shl\u00e9dli video TV Hope s bratrem Dym\u00e1\u010dkem. Pot\u00e9 jsme se rozd\u011blili. Bylo n\u00e1s tolik, \u017ee jsme mohli vytvo\u0159it 3 dosp\u011bl\u00e1ck\u00e9 a jednu d\u011btskou t\u0159\u00eddu.<\/p>\n<p style=\"text-align: justify;\"><a href=\"https:\/\/valasskemezirici.casd.cz\/wp-content\/uploads\/2019\/05\/DSC_7096.jpg\"><img loading=\"lazy\" decoding=\"async\" class=\"alignnone  wp-image-4872\" src=\"https:\/\/valasskemezirici.casd.cz\/wp-content\/uploads\/2019\/05\/DSC_7096.jpg\" alt=\"\" width=\"578\" height=\"385\" srcset=\"https:\/\/valasskemezirici.casd.cz\/wp-content\/uploads\/2019\/05\/DSC_7096.jpg 1300w, https:\/\/valasskemezirici.casd.cz\/wp-content\/uploads\/2019\/05\/DSC_7096-300x200.jpg 300w, https:\/\/valasskemezirici.casd.cz\/wp-content\/uploads\/2019\/05\/DSC_7096-768x512.jpg 768w, https:\/\/valasskemezirici.casd.cz\/wp-content\/uploads\/2019\/05\/DSC_7096-1024x683.jpg 1024w\" sizes=\"auto, (max-width: 578px) 100vw, 578px\" \/><\/a> <a href=\"https:\/\/valasskemezirici.casd.cz\/wp-content\/uploads\/2019\/05\/DSC_7097.jpg\"><img loading=\"lazy\" decoding=\"async\" class=\"alignnone  wp-image-4873\" src=\"https:\/\/valasskemezirici.casd.cz\/wp-content\/uploads\/2019\/05\/DSC_7097.jpg\" alt=\"\" width=\"578\" height=\"385\" srcset=\"https:\/\/valasskemezirici.casd.cz\/wp-content\/uploads\/2019\/05\/DSC_7097.jpg 1300w, https:\/\/valasskemezirici.casd.cz\/wp-content\/uploads\/2019\/05\/DSC_7097-300x200.jpg 300w, https:\/\/valasskemezirici.casd.cz\/wp-content\/uploads\/2019\/05\/DSC_7097-768x512.jpg 768w, https:\/\/valasskemezirici.casd.cz\/wp-content\/uploads\/2019\/05\/DSC_7097-1024x682.jpg 1024w\" sizes=\"auto, (max-width: 578px) 100vw, 578px\" \/><\/a> <a href=\"https:\/\/valasskemezirici.casd.cz\/wp-content\/uploads\/2019\/05\/DSC_7099.jpg\"><img loading=\"lazy\" decoding=\"async\" class=\"alignnone  wp-image-4874\" src=\"https:\/\/valasskemezirici.casd.cz\/wp-content\/uploads\/2019\/05\/DSC_7099.jpg\" alt=\"\" width=\"575\" height=\"383\" srcset=\"https:\/\/valasskemezirici.casd.cz\/wp-content\/uploads\/2019\/05\/DSC_7099.jpg 1300w, https:\/\/valasskemezirici.casd.cz\/wp-content\/uploads\/2019\/05\/DSC_7099-300x200.jpg 300w, https:\/\/valasskemezirici.casd.cz\/wp-content\/uploads\/2019\/05\/DSC_7099-768x512.jpg 768w, https:\/\/valasskemezirici.casd.cz\/wp-content\/uploads\/2019\/05\/DSC_7099-1024x682.jpg 1024w\" sizes=\"auto, (max-width: 575px) 100vw, 575px\" \/><\/a><\/p>\n<p style=\"text-align: justify;\">Po sobotn\u00ed \u0161kole jsme vyu\u017eili kr\u00e1tk\u00e9 p\u0159est\u00e1vky k obhl\u00e9dnut\u00ed sbore\u010dku a p\u0159ilehl\u00e9 zahrady. Slun\u00ed\u010dko, v minul\u00fdch de\u0161tiv\u00fdch dnech schovan\u00e9 za mraky, jako by dnes j\u00e1salo spolu s n\u00e1mi v radosti nad po\u017eehnan\u00fdm dnem.<\/p>\n<p style=\"text-align: justify;\"><a href=\"https:\/\/valasskemezirici.casd.cz\/wp-content\/uploads\/2019\/05\/61435036_188764188689145_1111442862240694272_n.jpg\"><img loading=\"lazy\" decoding=\"async\" class=\"alignnone  wp-image-4875\" src=\"https:\/\/valasskemezirici.casd.cz\/wp-content\/uploads\/2019\/05\/61435036_188764188689145_1111442862240694272_n.jpg\" alt=\"\" width=\"574\" height=\"432\" srcset=\"https:\/\/valasskemezirici.casd.cz\/wp-content\/uploads\/2019\/05\/61435036_188764188689145_1111442862240694272_n.jpg 1552w, https:\/\/valasskemezirici.casd.cz\/wp-content\/uploads\/2019\/05\/61435036_188764188689145_1111442862240694272_n-300x226.jpg 300w, https:\/\/valasskemezirici.casd.cz\/wp-content\/uploads\/2019\/05\/61435036_188764188689145_1111442862240694272_n-768x578.jpg 768w, https:\/\/valasskemezirici.casd.cz\/wp-content\/uploads\/2019\/05\/61435036_188764188689145_1111442862240694272_n-1024x771.jpg 1024w\" sizes=\"auto, (max-width: 574px) 100vw, 574px\" \/><\/a><\/p>\n<p style=\"text-align: justify;\"><a href=\"https:\/\/valasskemezirici.casd.cz\/wp-content\/uploads\/2019\/05\/61032544_2312578105729596_6269024622763573248_n.jpg\"><img loading=\"lazy\" decoding=\"async\" class=\"alignnone  wp-image-4876\" src=\"https:\/\/valasskemezirici.casd.cz\/wp-content\/uploads\/2019\/05\/61032544_2312578105729596_6269024622763573248_n.jpg\" alt=\"\" width=\"575\" height=\"433\" srcset=\"https:\/\/valasskemezirici.casd.cz\/wp-content\/uploads\/2019\/05\/61032544_2312578105729596_6269024622763573248_n.jpg 1552w, https:\/\/valasskemezirici.casd.cz\/wp-content\/uploads\/2019\/05\/61032544_2312578105729596_6269024622763573248_n-300x226.jpg 300w, https:\/\/valasskemezirici.casd.cz\/wp-content\/uploads\/2019\/05\/61032544_2312578105729596_6269024622763573248_n-768x578.jpg 768w, https:\/\/valasskemezirici.casd.cz\/wp-content\/uploads\/2019\/05\/61032544_2312578105729596_6269024622763573248_n-1024x771.jpg 1024w\" sizes=\"auto, (max-width: 575px) 100vw, 575px\" \/><\/a><\/p>\n<p style=\"text-align: justify;\"><a href=\"https:\/\/valasskemezirici.casd.cz\/wp-content\/uploads\/2019\/05\/DSC_7108.jpg\"><img loading=\"lazy\" decoding=\"async\" class=\"alignnone  wp-image-4877\" src=\"https:\/\/valasskemezirici.casd.cz\/wp-content\/uploads\/2019\/05\/DSC_7108.jpg\" alt=\"\" width=\"573\" height=\"382\" srcset=\"https:\/\/valasskemezirici.casd.cz\/wp-content\/uploads\/2019\/05\/DSC_7108.jpg 1300w, https:\/\/valasskemezirici.casd.cz\/wp-content\/uploads\/2019\/05\/DSC_7108-300x200.jpg 300w, https:\/\/valasskemezirici.casd.cz\/wp-content\/uploads\/2019\/05\/DSC_7108-768x512.jpg 768w, https:\/\/valasskemezirici.casd.cz\/wp-content\/uploads\/2019\/05\/DSC_7108-1024x683.jpg 1024w\" sizes=\"auto, (max-width: 573px) 100vw, 573px\" \/><\/a> <a href=\"https:\/\/valasskemezirici.casd.cz\/wp-content\/uploads\/2019\/05\/DSC_7110.jpg\"><img loading=\"lazy\" decoding=\"async\" class=\"alignnone  wp-image-4878\" src=\"https:\/\/valasskemezirici.casd.cz\/wp-content\/uploads\/2019\/05\/DSC_7110.jpg\" alt=\"\" width=\"576\" height=\"384\" srcset=\"https:\/\/valasskemezirici.casd.cz\/wp-content\/uploads\/2019\/05\/DSC_7110.jpg 1300w, https:\/\/valasskemezirici.casd.cz\/wp-content\/uploads\/2019\/05\/DSC_7110-300x200.jpg 300w, https:\/\/valasskemezirici.casd.cz\/wp-content\/uploads\/2019\/05\/DSC_7110-768x512.jpg 768w, https:\/\/valasskemezirici.casd.cz\/wp-content\/uploads\/2019\/05\/DSC_7110-1024x683.jpg 1024w\" sizes=\"auto, (max-width: 576px) 100vw, 576px\" \/><\/a> <a href=\"https:\/\/valasskemezirici.casd.cz\/wp-content\/uploads\/2019\/05\/DSC_7115.jpg\"><img loading=\"lazy\" decoding=\"async\" class=\"alignnone  wp-image-4879\" src=\"https:\/\/valasskemezirici.casd.cz\/wp-content\/uploads\/2019\/05\/DSC_7115.jpg\" alt=\"\" width=\"576\" height=\"384\" srcset=\"https:\/\/valasskemezirici.casd.cz\/wp-content\/uploads\/2019\/05\/DSC_7115.jpg 1300w, https:\/\/valasskemezirici.casd.cz\/wp-content\/uploads\/2019\/05\/DSC_7115-300x200.jpg 300w, https:\/\/valasskemezirici.casd.cz\/wp-content\/uploads\/2019\/05\/DSC_7115-768x512.jpg 768w, https:\/\/valasskemezirici.casd.cz\/wp-content\/uploads\/2019\/05\/DSC_7115-1024x683.jpg 1024w\" sizes=\"auto, (max-width: 576px) 100vw, 576px\" \/><\/a> <a href=\"https:\/\/valasskemezirici.casd.cz\/wp-content\/uploads\/2019\/05\/DSC_7139.jpg\"><img loading=\"lazy\" decoding=\"async\" class=\"alignnone  wp-image-4880\" src=\"https:\/\/valasskemezirici.casd.cz\/wp-content\/uploads\/2019\/05\/DSC_7139.jpg\" alt=\"\" width=\"576\" height=\"384\" srcset=\"https:\/\/valasskemezirici.casd.cz\/wp-content\/uploads\/2019\/05\/DSC_7139.jpg 1300w, https:\/\/valasskemezirici.casd.cz\/wp-content\/uploads\/2019\/05\/DSC_7139-300x200.jpg 300w, https:\/\/valasskemezirici.casd.cz\/wp-content\/uploads\/2019\/05\/DSC_7139-768x512.jpg 768w, https:\/\/valasskemezirici.casd.cz\/wp-content\/uploads\/2019\/05\/DSC_7139-1024x683.jpg 1024w\" sizes=\"auto, (max-width: 576px) 100vw, 576px\" \/><\/a> <a href=\"https:\/\/valasskemezirici.casd.cz\/wp-content\/uploads\/2019\/05\/DSC_7156.jpg\"><img loading=\"lazy\" decoding=\"async\" class=\"alignnone  wp-image-4881\" src=\"https:\/\/valasskemezirici.casd.cz\/wp-content\/uploads\/2019\/05\/DSC_7156.jpg\" alt=\"\" width=\"575\" height=\"383\" srcset=\"https:\/\/valasskemezirici.casd.cz\/wp-content\/uploads\/2019\/05\/DSC_7156.jpg 1300w, https:\/\/valasskemezirici.casd.cz\/wp-content\/uploads\/2019\/05\/DSC_7156-300x200.jpg 300w, https:\/\/valasskemezirici.casd.cz\/wp-content\/uploads\/2019\/05\/DSC_7156-768x512.jpg 768w, https:\/\/valasskemezirici.casd.cz\/wp-content\/uploads\/2019\/05\/DSC_7156-1024x683.jpg 1024w\" sizes=\"auto, (max-width: 575px) 100vw, 575px\" \/><\/a><\/p>\n<p style=\"text-align: justify;\">K\u00e1z\u00e1n\u00edm n\u00e1m poslou\u017eil bratr Stejskal. Zam\u00fd\u0161lel se nad t\u00e9matem cesty. Asi v souvislosti s cestou na\u0161ich kazatel\u016f Koste\u010dky a Lodera na nov\u00e9 p\u016fsobi\u0161t\u011b.<\/p>\n<p style=\"text-align: justify;\"><a href=\"https:\/\/valasskemezirici.casd.cz\/wp-content\/uploads\/2019\/05\/DSC_7175.jpg\"><img loading=\"lazy\" decoding=\"async\" class=\"alignnone  wp-image-4882\" src=\"https:\/\/valasskemezirici.casd.cz\/wp-content\/uploads\/2019\/05\/DSC_7175.jpg\" alt=\"\" width=\"576\" height=\"384\" srcset=\"https:\/\/valasskemezirici.casd.cz\/wp-content\/uploads\/2019\/05\/DSC_7175.jpg 1300w, https:\/\/valasskemezirici.casd.cz\/wp-content\/uploads\/2019\/05\/DSC_7175-300x200.jpg 300w, https:\/\/valasskemezirici.casd.cz\/wp-content\/uploads\/2019\/05\/DSC_7175-768x512.jpg 768w, https:\/\/valasskemezirici.casd.cz\/wp-content\/uploads\/2019\/05\/DSC_7175-1024x683.jpg 1024w\" sizes=\"auto, (max-width: 576px) 100vw, 576px\" \/><\/a> <a href=\"https:\/\/valasskemezirici.casd.cz\/wp-content\/uploads\/2019\/05\/DSC_7177.jpg\"><img loading=\"lazy\" decoding=\"async\" class=\"alignnone size-full wp-image-4883\" src=\"https:\/\/valasskemezirici.casd.cz\/wp-content\/uploads\/2019\/05\/DSC_7177.jpg\" alt=\"\" width=\"578\" height=\"867\" srcset=\"https:\/\/valasskemezirici.casd.cz\/wp-content\/uploads\/2019\/05\/DSC_7177.jpg 578w, https:\/\/valasskemezirici.casd.cz\/wp-content\/uploads\/2019\/05\/DSC_7177-200x300.jpg 200w\" sizes=\"auto, (max-width: 578px) 100vw, 578px\" \/><\/a> <a href=\"https:\/\/valasskemezirici.casd.cz\/wp-content\/uploads\/2019\/05\/DSC_7178.jpg\"><img loading=\"lazy\" decoding=\"async\" class=\"alignnone  wp-image-4884\" src=\"https:\/\/valasskemezirici.casd.cz\/wp-content\/uploads\/2019\/05\/DSC_7178.jpg\" alt=\"\" width=\"575\" height=\"383\" srcset=\"https:\/\/valasskemezirici.casd.cz\/wp-content\/uploads\/2019\/05\/DSC_7178.jpg 1300w, https:\/\/valasskemezirici.casd.cz\/wp-content\/uploads\/2019\/05\/DSC_7178-300x200.jpg 300w, https:\/\/valasskemezirici.casd.cz\/wp-content\/uploads\/2019\/05\/DSC_7178-768x512.jpg 768w, https:\/\/valasskemezirici.casd.cz\/wp-content\/uploads\/2019\/05\/DSC_7178-1024x683.jpg 1024w\" sizes=\"auto, (max-width: 575px) 100vw, 575px\" \/><\/a> <a href=\"https:\/\/valasskemezirici.casd.cz\/wp-content\/uploads\/2019\/05\/DSC_7180.jpg\"><img loading=\"lazy\" decoding=\"async\" class=\"alignnone  wp-image-4885\" src=\"https:\/\/valasskemezirici.casd.cz\/wp-content\/uploads\/2019\/05\/DSC_7180.jpg\" alt=\"\" width=\"575\" height=\"383\" srcset=\"https:\/\/valasskemezirici.casd.cz\/wp-content\/uploads\/2019\/05\/DSC_7180.jpg 1300w, https:\/\/valasskemezirici.casd.cz\/wp-content\/uploads\/2019\/05\/DSC_7180-300x200.jpg 300w, https:\/\/valasskemezirici.casd.cz\/wp-content\/uploads\/2019\/05\/DSC_7180-768x512.jpg 768w, https:\/\/valasskemezirici.casd.cz\/wp-content\/uploads\/2019\/05\/DSC_7180-1024x683.jpg 1024w\" sizes=\"auto, (max-width: 575px) 100vw, 575px\" \/><\/a> <a href=\"https:\/\/valasskemezirici.casd.cz\/wp-content\/uploads\/2019\/05\/DSC_7190.jpg\"><img loading=\"lazy\" decoding=\"async\" class=\"alignnone  wp-image-4886\" src=\"https:\/\/valasskemezirici.casd.cz\/wp-content\/uploads\/2019\/05\/DSC_7190.jpg\" alt=\"\" width=\"576\" height=\"384\" srcset=\"https:\/\/valasskemezirici.casd.cz\/wp-content\/uploads\/2019\/05\/DSC_7190.jpg 1300w, https:\/\/valasskemezirici.casd.cz\/wp-content\/uploads\/2019\/05\/DSC_7190-300x200.jpg 300w, https:\/\/valasskemezirici.casd.cz\/wp-content\/uploads\/2019\/05\/DSC_7190-768x512.jpg 768w, https:\/\/valasskemezirici.casd.cz\/wp-content\/uploads\/2019\/05\/DSC_7190-1024x683.jpg 1024w\" sizes=\"auto, (max-width: 576px) 100vw, 576px\" \/><\/a><\/p>\n<p style=\"text-align: justify;\"><a href=\"https:\/\/valasskemezirici.casd.cz\/wp-content\/uploads\/2019\/05\/DSC_7261.jpg\"><img loading=\"lazy\" decoding=\"async\" class=\"alignnone  wp-image-4887\" src=\"https:\/\/valasskemezirici.casd.cz\/wp-content\/uploads\/2019\/05\/DSC_7261.jpg\" alt=\"\" width=\"576\" height=\"384\" srcset=\"https:\/\/valasskemezirici.casd.cz\/wp-content\/uploads\/2019\/05\/DSC_7261.jpg 1300w, https:\/\/valasskemezirici.casd.cz\/wp-content\/uploads\/2019\/05\/DSC_7261-300x200.jpg 300w, https:\/\/valasskemezirici.casd.cz\/wp-content\/uploads\/2019\/05\/DSC_7261-768x512.jpg 768w, https:\/\/valasskemezirici.casd.cz\/wp-content\/uploads\/2019\/05\/DSC_7261-1024x683.jpg 1024w\" sizes=\"auto, (max-width: 576px) 100vw, 576px\" \/><\/a><\/p>\n<p style=\"text-align: justify;\">Sobotn\u00ed bohoslu\u017ebu n\u00e1m zp\u0159\u00edjem\u0148ovaly d\u011bti sv\u00fdmi p\u00edsni\u010dkami. Ka\u017ed\u00e9 z nich m\u00e1 sv\u016fj se\u0161it, do kter\u00e9ho zapisuj\u00ed a zakresluj\u00ed, co je zaujalo v k\u00e1z\u00e1n\u00ed. Dnes na po\u017e\u00e1d\u00e1n\u00ed bratra Stejskala nakreslili, s k\u00fdm by cht\u011bli str\u00e1vit ve\u010de\u0159i a jak si p\u0159edstavuj\u00ed v\u00fdbornou ve\u010de\u0159i. Pavel bude m\u00edt opravdu \u0161ikovn\u00e9 Pathfindery.<\/p>\n<p style=\"text-align: justify;\">Dnes byla vysluhov\u00e1na ve\u010de\u0159e P\u00e1n\u011b. Pod\u00e1v\u00e1n\u00ed chleba a v\u00edna se ujal bratr Ku\u010dera ze sboru D\u011btmarovice a bratr Stejskal.<\/p>\n<p style=\"text-align: justify;\"><a href=\"https:\/\/valasskemezirici.casd.cz\/wp-content\/uploads\/2019\/05\/61093681_310308409871797_5154184205168541696_n.jpg\"><img loading=\"lazy\" decoding=\"async\" class=\"alignnone  wp-image-4888\" src=\"https:\/\/valasskemezirici.casd.cz\/wp-content\/uploads\/2019\/05\/61093681_310308409871797_5154184205168541696_n.jpg\" alt=\"\" width=\"580\" height=\"437\" srcset=\"https:\/\/valasskemezirici.casd.cz\/wp-content\/uploads\/2019\/05\/61093681_310308409871797_5154184205168541696_n.jpg 1552w, https:\/\/valasskemezirici.casd.cz\/wp-content\/uploads\/2019\/05\/61093681_310308409871797_5154184205168541696_n-300x226.jpg 300w, https:\/\/valasskemezirici.casd.cz\/wp-content\/uploads\/2019\/05\/61093681_310308409871797_5154184205168541696_n-768x578.jpg 768w, https:\/\/valasskemezirici.casd.cz\/wp-content\/uploads\/2019\/05\/61093681_310308409871797_5154184205168541696_n-1024x771.jpg 1024w\" sizes=\"auto, (max-width: 580px) 100vw, 580px\" \/><\/a><\/p>\n<p style=\"text-align: justify;\">\u010cas se nach\u00fdlil a my jsme si ud\u011blali p\u0159est\u00e1vku na spole\u010dn\u00fd ob\u011bd. Pol\u00e9ve\u010dky i gul\u00e1\u0161 sester byly opravdu v\u00fdte\u010dn\u00e9, st\u016fl na dvorku sboru se proh\u00fdbal pod dobrotami. Ne\u0161lo odolat. A tak jsme si v dru\u017en\u00e9m hovoru u\u017e\u00edvali dar\u016f pokrmu.<\/p>\n<p style=\"text-align: justify;\"><a href=\"https:\/\/valasskemezirici.casd.cz\/wp-content\/uploads\/2019\/05\/61280887_1180217535492103_5153536528395272192_n.jpg\"><img loading=\"lazy\" decoding=\"async\" class=\"alignnone  wp-image-4889\" src=\"https:\/\/valasskemezirici.casd.cz\/wp-content\/uploads\/2019\/05\/61280887_1180217535492103_5153536528395272192_n.jpg\" alt=\"\" width=\"573\" height=\"764\" srcset=\"https:\/\/valasskemezirici.casd.cz\/wp-content\/uploads\/2019\/05\/61280887_1180217535492103_5153536528395272192_n.jpg 720w, https:\/\/valasskemezirici.casd.cz\/wp-content\/uploads\/2019\/05\/61280887_1180217535492103_5153536528395272192_n-225x300.jpg 225w\" sizes=\"auto, (max-width: 573px) 100vw, 573px\" \/><\/a> <a href=\"https:\/\/valasskemezirici.casd.cz\/wp-content\/uploads\/2019\/05\/61298006_455579255195002_3030146036313096192_n.jpg\"><img loading=\"lazy\" decoding=\"async\" class=\"alignnone  wp-image-4890\" src=\"https:\/\/valasskemezirici.casd.cz\/wp-content\/uploads\/2019\/05\/61298006_455579255195002_3030146036313096192_n.jpg\" alt=\"\" width=\"574\" height=\"432\" srcset=\"https:\/\/valasskemezirici.casd.cz\/wp-content\/uploads\/2019\/05\/61298006_455579255195002_3030146036313096192_n.jpg 1552w, https:\/\/valasskemezirici.casd.cz\/wp-content\/uploads\/2019\/05\/61298006_455579255195002_3030146036313096192_n-300x226.jpg 300w, https:\/\/valasskemezirici.casd.cz\/wp-content\/uploads\/2019\/05\/61298006_455579255195002_3030146036313096192_n-768x578.jpg 768w, https:\/\/valasskemezirici.casd.cz\/wp-content\/uploads\/2019\/05\/61298006_455579255195002_3030146036313096192_n-1024x771.jpg 1024w\" sizes=\"auto, (max-width: 574px) 100vw, 574px\" \/><\/a> <a href=\"https:\/\/valasskemezirici.casd.cz\/wp-content\/uploads\/2019\/05\/DSC_7195.jpg\"><img loading=\"lazy\" decoding=\"async\" class=\"alignnone  wp-image-4891\" src=\"https:\/\/valasskemezirici.casd.cz\/wp-content\/uploads\/2019\/05\/DSC_7195.jpg\" alt=\"\" width=\"573\" height=\"382\" srcset=\"https:\/\/valasskemezirici.casd.cz\/wp-content\/uploads\/2019\/05\/DSC_7195.jpg 1300w, https:\/\/valasskemezirici.casd.cz\/wp-content\/uploads\/2019\/05\/DSC_7195-300x200.jpg 300w, https:\/\/valasskemezirici.casd.cz\/wp-content\/uploads\/2019\/05\/DSC_7195-768x512.jpg 768w, https:\/\/valasskemezirici.casd.cz\/wp-content\/uploads\/2019\/05\/DSC_7195-1024x683.jpg 1024w\" sizes=\"auto, (max-width: 573px) 100vw, 573px\" \/><\/a> <a href=\"https:\/\/valasskemezirici.casd.cz\/wp-content\/uploads\/2019\/05\/DSC_7198.jpg\"><img loading=\"lazy\" decoding=\"async\" class=\"alignnone  wp-image-4892\" src=\"https:\/\/valasskemezirici.casd.cz\/wp-content\/uploads\/2019\/05\/DSC_7198.jpg\" alt=\"\" width=\"571\" height=\"380\" srcset=\"https:\/\/valasskemezirici.casd.cz\/wp-content\/uploads\/2019\/05\/DSC_7198.jpg 1300w, https:\/\/valasskemezirici.casd.cz\/wp-content\/uploads\/2019\/05\/DSC_7198-300x200.jpg 300w, https:\/\/valasskemezirici.casd.cz\/wp-content\/uploads\/2019\/05\/DSC_7198-768x512.jpg 768w, https:\/\/valasskemezirici.casd.cz\/wp-content\/uploads\/2019\/05\/DSC_7198-1024x683.jpg 1024w\" sizes=\"auto, (max-width: 571px) 100vw, 571px\" \/><\/a> <a href=\"https:\/\/valasskemezirici.casd.cz\/wp-content\/uploads\/2019\/05\/DSC_7203.jpg\"><img loading=\"lazy\" decoding=\"async\" class=\"alignnone  wp-image-4893\" src=\"https:\/\/valasskemezirici.casd.cz\/wp-content\/uploads\/2019\/05\/DSC_7203.jpg\" alt=\"\" width=\"572\" height=\"381\" srcset=\"https:\/\/valasskemezirici.casd.cz\/wp-content\/uploads\/2019\/05\/DSC_7203.jpg 1300w, https:\/\/valasskemezirici.casd.cz\/wp-content\/uploads\/2019\/05\/DSC_7203-300x200.jpg 300w, https:\/\/valasskemezirici.casd.cz\/wp-content\/uploads\/2019\/05\/DSC_7203-768x512.jpg 768w, https:\/\/valasskemezirici.casd.cz\/wp-content\/uploads\/2019\/05\/DSC_7203-1024x683.jpg 1024w\" sizes=\"auto, (max-width: 572px) 100vw, 572px\" \/><\/a> <a href=\"https:\/\/valasskemezirici.casd.cz\/wp-content\/uploads\/2019\/05\/DSC_7209.jpg\"><img loading=\"lazy\" decoding=\"async\" class=\"alignnone  wp-image-4894\" src=\"https:\/\/valasskemezirici.casd.cz\/wp-content\/uploads\/2019\/05\/DSC_7209.jpg\" alt=\"\" width=\"573\" height=\"382\" srcset=\"https:\/\/valasskemezirici.casd.cz\/wp-content\/uploads\/2019\/05\/DSC_7209.jpg 1300w, https:\/\/valasskemezirici.casd.cz\/wp-content\/uploads\/2019\/05\/DSC_7209-300x200.jpg 300w, https:\/\/valasskemezirici.casd.cz\/wp-content\/uploads\/2019\/05\/DSC_7209-768x512.jpg 768w, https:\/\/valasskemezirici.casd.cz\/wp-content\/uploads\/2019\/05\/DSC_7209-1024x683.jpg 1024w\" sizes=\"auto, (max-width: 573px) 100vw, 573px\" \/><\/a><\/p>\n<p style=\"text-align: justify;\">Odpoledn\u00ed \u010d\u00e1st byla v\u011bnov\u00e1na lou\u010den\u00ed i v\u00edt\u00e1n\u00ed. Sv\u00e1 m\u00edsta opou\u0161t\u00ed mazatel sboru Bohum\u00edn Petr Rohan s rodinou, a d\u011btmaroick\u00fd sbor bratr Filip Furst. Ten se lou\u010dil s\u00e1m, proto\u017ee se v\u010dera jeho man\u017eelce narodil druh\u00fd syn \u0160t\u011bp\u00e1n. Jak moc byli oba kazatel\u00e9 obl\u00edben\u00ed, o tom sv\u011bd\u010dilo to, jak se s nimi oba sbory rozlou\u010dily. Sestra z Bohum\u00edna t\u011b\u017ece zadr\u017eovala slzy, a d\u011bti sv\u00e9ho &#8222;Kobl\u00ed\u017eka&#8220; Filipa m\u00e1le uma\u010dkaly l\u00e1skou.<\/p>\n<p style=\"text-align: justify;\"><a href=\"https:\/\/valasskemezirici.casd.cz\/wp-content\/uploads\/2019\/05\/DSC_7250.jpg\"><img loading=\"lazy\" decoding=\"async\" class=\"alignnone  wp-image-4895\" src=\"https:\/\/valasskemezirici.casd.cz\/wp-content\/uploads\/2019\/05\/DSC_7250.jpg\" alt=\"\" width=\"581\" height=\"387\" srcset=\"https:\/\/valasskemezirici.casd.cz\/wp-content\/uploads\/2019\/05\/DSC_7250.jpg 1300w, https:\/\/valasskemezirici.casd.cz\/wp-content\/uploads\/2019\/05\/DSC_7250-300x200.jpg 300w, https:\/\/valasskemezirici.casd.cz\/wp-content\/uploads\/2019\/05\/DSC_7250-768x512.jpg 768w, https:\/\/valasskemezirici.casd.cz\/wp-content\/uploads\/2019\/05\/DSC_7250-1024x683.jpg 1024w\" sizes=\"auto, (max-width: 581px) 100vw, 581px\" \/><\/a> <a href=\"https:\/\/valasskemezirici.casd.cz\/wp-content\/uploads\/2019\/05\/DSC_7273.jpg\"><img loading=\"lazy\" decoding=\"async\" class=\"alignnone  wp-image-4896\" src=\"https:\/\/valasskemezirici.casd.cz\/wp-content\/uploads\/2019\/05\/DSC_7273.jpg\" alt=\"\" width=\"581\" height=\"387\" srcset=\"https:\/\/valasskemezirici.casd.cz\/wp-content\/uploads\/2019\/05\/DSC_7273.jpg 1300w, https:\/\/valasskemezirici.casd.cz\/wp-content\/uploads\/2019\/05\/DSC_7273-300x200.jpg 300w, https:\/\/valasskemezirici.casd.cz\/wp-content\/uploads\/2019\/05\/DSC_7273-768x512.jpg 768w, https:\/\/valasskemezirici.casd.cz\/wp-content\/uploads\/2019\/05\/DSC_7273-1024x683.jpg 1024w\" sizes=\"auto, (max-width: 581px) 100vw, 581px\" \/><\/a> <a href=\"https:\/\/valasskemezirici.casd.cz\/wp-content\/uploads\/2019\/05\/DSC_7279.jpg\"><img loading=\"lazy\" decoding=\"async\" class=\"alignnone  wp-image-4897\" src=\"https:\/\/valasskemezirici.casd.cz\/wp-content\/uploads\/2019\/05\/DSC_7279.jpg\" alt=\"\" width=\"580\" height=\"870\" srcset=\"https:\/\/valasskemezirici.casd.cz\/wp-content\/uploads\/2019\/05\/DSC_7279.jpg 578w, https:\/\/valasskemezirici.casd.cz\/wp-content\/uploads\/2019\/05\/DSC_7279-200x300.jpg 200w\" sizes=\"auto, (max-width: 580px) 100vw, 580px\" \/><\/a><\/p>\n<p style=\"text-align: justify;\">Stejn\u011b mil\u00e9 jako lou\u010den\u00ed bylo i v\u00edt\u00e1n\u00ed. Aby brat\u0159i a sestry v\u011bd\u011bli, koho jim p\u0159ed\u00e1v\u00e1me, bratr Pimek pronesl kr\u00e1tkou \u0159e\u010d, ve kter\u00e9 Pavla vychv\u00e1lil, co\u017e si opravdu zaslou\u017e\u00ed. Sbory pot\u00e9 oba nov\u00e9 kazatele p\u0159iv\u00edtali mno\u017estv\u00edm d\u00e1re\u010dk\u016f. A d\u011bti? Ty sv\u00e9ho &#8222;Pavl\u00edka&#8220; obdarovali krabic\u00ed-koste\u010dkou, kter\u00e1 je ur\u010dena jen a pouze na kresby a p\u0159\u00e1n\u00ed\u010dka od nich. A \u017ee se na n\u011bho i na Ji\u0159\u00edho t\u011b\u0161\u00ed vyj\u00e1d\u0159ili sv\u00fdm nezam\u011bniteln\u00fdm zp\u016fsobem.<\/p>\n<p style=\"text-align: justify;\"><a href=\"https:\/\/valasskemezirici.casd.cz\/wp-content\/uploads\/2019\/05\/DSC_7296.jpg\"><img loading=\"lazy\" decoding=\"async\" class=\"alignnone  wp-image-4898\" src=\"https:\/\/valasskemezirici.casd.cz\/wp-content\/uploads\/2019\/05\/DSC_7296.jpg\" alt=\"\" width=\"576\" height=\"384\" srcset=\"https:\/\/valasskemezirici.casd.cz\/wp-content\/uploads\/2019\/05\/DSC_7296.jpg 1300w, https:\/\/valasskemezirici.casd.cz\/wp-content\/uploads\/2019\/05\/DSC_7296-300x200.jpg 300w, https:\/\/valasskemezirici.casd.cz\/wp-content\/uploads\/2019\/05\/DSC_7296-768x512.jpg 768w, https:\/\/valasskemezirici.casd.cz\/wp-content\/uploads\/2019\/05\/DSC_7296-1024x683.jpg 1024w\" sizes=\"auto, (max-width: 576px) 100vw, 576px\" \/><\/a> <a href=\"https:\/\/valasskemezirici.casd.cz\/wp-content\/uploads\/2019\/05\/DSC_7298.jpg\"><img loading=\"lazy\" decoding=\"async\" class=\"alignnone  wp-image-4899\" src=\"https:\/\/valasskemezirici.casd.cz\/wp-content\/uploads\/2019\/05\/DSC_7298.jpg\" alt=\"\" width=\"575\" height=\"383\" srcset=\"https:\/\/valasskemezirici.casd.cz\/wp-content\/uploads\/2019\/05\/DSC_7298.jpg 1300w, https:\/\/valasskemezirici.casd.cz\/wp-content\/uploads\/2019\/05\/DSC_7298-300x200.jpg 300w, https:\/\/valasskemezirici.casd.cz\/wp-content\/uploads\/2019\/05\/DSC_7298-768x512.jpg 768w, https:\/\/valasskemezirici.casd.cz\/wp-content\/uploads\/2019\/05\/DSC_7298-1024x683.jpg 1024w\" sizes=\"auto, (max-width: 575px) 100vw, 575px\" \/><\/a> <a href=\"https:\/\/valasskemezirici.casd.cz\/wp-content\/uploads\/2019\/05\/DSC_7303.jpg\"><img loading=\"lazy\" decoding=\"async\" class=\"alignnone  wp-image-4900\" src=\"https:\/\/valasskemezirici.casd.cz\/wp-content\/uploads\/2019\/05\/DSC_7303.jpg\" alt=\"\" width=\"576\" height=\"384\" srcset=\"https:\/\/valasskemezirici.casd.cz\/wp-content\/uploads\/2019\/05\/DSC_7303.jpg 1300w, https:\/\/valasskemezirici.casd.cz\/wp-content\/uploads\/2019\/05\/DSC_7303-300x200.jpg 300w, https:\/\/valasskemezirici.casd.cz\/wp-content\/uploads\/2019\/05\/DSC_7303-768x512.jpg 768w, https:\/\/valasskemezirici.casd.cz\/wp-content\/uploads\/2019\/05\/DSC_7303-1024x683.jpg 1024w\" sizes=\"auto, (max-width: 576px) 100vw, 576px\" \/><\/a> <a href=\"https:\/\/valasskemezirici.casd.cz\/wp-content\/uploads\/2019\/05\/DSC_7306.jpg\"><img loading=\"lazy\" decoding=\"async\" class=\"alignnone  wp-image-4901\" src=\"https:\/\/valasskemezirici.casd.cz\/wp-content\/uploads\/2019\/05\/DSC_7306.jpg\" alt=\"\" width=\"575\" height=\"383\" srcset=\"https:\/\/valasskemezirici.casd.cz\/wp-content\/uploads\/2019\/05\/DSC_7306.jpg 1300w, https:\/\/valasskemezirici.casd.cz\/wp-content\/uploads\/2019\/05\/DSC_7306-300x200.jpg 300w, https:\/\/valasskemezirici.casd.cz\/wp-content\/uploads\/2019\/05\/DSC_7306-768x512.jpg 768w, https:\/\/valasskemezirici.casd.cz\/wp-content\/uploads\/2019\/05\/DSC_7306-1024x683.jpg 1024w\" sizes=\"auto, (max-width: 575px) 100vw, 575px\" \/><\/a> <a href=\"https:\/\/valasskemezirici.casd.cz\/wp-content\/uploads\/2019\/05\/DSC_7311.jpg\"><img loading=\"lazy\" decoding=\"async\" class=\"alignnone  wp-image-4902\" src=\"https:\/\/valasskemezirici.casd.cz\/wp-content\/uploads\/2019\/05\/DSC_7311.jpg\" alt=\"\" width=\"573\" height=\"382\" srcset=\"https:\/\/valasskemezirici.casd.cz\/wp-content\/uploads\/2019\/05\/DSC_7311.jpg 1300w, https:\/\/valasskemezirici.casd.cz\/wp-content\/uploads\/2019\/05\/DSC_7311-300x200.jpg 300w, https:\/\/valasskemezirici.casd.cz\/wp-content\/uploads\/2019\/05\/DSC_7311-768x512.jpg 768w, https:\/\/valasskemezirici.casd.cz\/wp-content\/uploads\/2019\/05\/DSC_7311-1024x683.jpg 1024w\" sizes=\"auto, (max-width: 573px) 100vw, 573px\" \/><\/a> <a href=\"https:\/\/valasskemezirici.casd.cz\/wp-content\/uploads\/2019\/05\/DSC_7313.jpg\"><img loading=\"lazy\" decoding=\"async\" class=\"alignnone  wp-image-4903\" src=\"https:\/\/valasskemezirici.casd.cz\/wp-content\/uploads\/2019\/05\/DSC_7313.jpg\" alt=\"\" width=\"573\" height=\"382\" srcset=\"https:\/\/valasskemezirici.casd.cz\/wp-content\/uploads\/2019\/05\/DSC_7313.jpg 1300w, https:\/\/valasskemezirici.casd.cz\/wp-content\/uploads\/2019\/05\/DSC_7313-300x200.jpg 300w, https:\/\/valasskemezirici.casd.cz\/wp-content\/uploads\/2019\/05\/DSC_7313-768x512.jpg 768w, https:\/\/valasskemezirici.casd.cz\/wp-content\/uploads\/2019\/05\/DSC_7313-1024x683.jpg 1024w\" sizes=\"auto, (max-width: 573px) 100vw, 573px\" \/><\/a> <a href=\"https:\/\/valasskemezirici.casd.cz\/wp-content\/uploads\/2019\/05\/DSC_7316.jpg\"><img loading=\"lazy\" decoding=\"async\" class=\"alignnone  wp-image-4904\" src=\"https:\/\/valasskemezirici.casd.cz\/wp-content\/uploads\/2019\/05\/DSC_7316.jpg\" alt=\"\" width=\"569\" height=\"379\" srcset=\"https:\/\/valasskemezirici.casd.cz\/wp-content\/uploads\/2019\/05\/DSC_7316.jpg 1300w, https:\/\/valasskemezirici.casd.cz\/wp-content\/uploads\/2019\/05\/DSC_7316-300x200.jpg 300w, https:\/\/valasskemezirici.casd.cz\/wp-content\/uploads\/2019\/05\/DSC_7316-768x512.jpg 768w, https:\/\/valasskemezirici.casd.cz\/wp-content\/uploads\/2019\/05\/DSC_7316-1024x683.jpg 1024w\" sizes=\"auto, (max-width: 569px) 100vw, 569px\" \/><\/a> <a href=\"https:\/\/valasskemezirici.casd.cz\/wp-content\/uploads\/2019\/05\/DSC_7318.jpg\"><img loading=\"lazy\" decoding=\"async\" class=\"alignnone  wp-image-4905\" src=\"https:\/\/valasskemezirici.casd.cz\/wp-content\/uploads\/2019\/05\/DSC_7318.jpg\" alt=\"\" width=\"570\" height=\"380\" srcset=\"https:\/\/valasskemezirici.casd.cz\/wp-content\/uploads\/2019\/05\/DSC_7318.jpg 1300w, https:\/\/valasskemezirici.casd.cz\/wp-content\/uploads\/2019\/05\/DSC_7318-300x200.jpg 300w, https:\/\/valasskemezirici.casd.cz\/wp-content\/uploads\/2019\/05\/DSC_7318-768x512.jpg 768w, https:\/\/valasskemezirici.casd.cz\/wp-content\/uploads\/2019\/05\/DSC_7318-1024x683.jpg 1024w\" sizes=\"auto, (max-width: 570px) 100vw, 570px\" \/><\/a> <a href=\"https:\/\/valasskemezirici.casd.cz\/wp-content\/uploads\/2019\/05\/DSC_7320.jpg\"><img loading=\"lazy\" decoding=\"async\" class=\"alignnone  wp-image-4906\" src=\"https:\/\/valasskemezirici.casd.cz\/wp-content\/uploads\/2019\/05\/DSC_7320.jpg\" alt=\"\" width=\"570\" height=\"380\" srcset=\"https:\/\/valasskemezirici.casd.cz\/wp-content\/uploads\/2019\/05\/DSC_7320.jpg 1300w, https:\/\/valasskemezirici.casd.cz\/wp-content\/uploads\/2019\/05\/DSC_7320-300x200.jpg 300w, https:\/\/valasskemezirici.casd.cz\/wp-content\/uploads\/2019\/05\/DSC_7320-768x512.jpg 768w, https:\/\/valasskemezirici.casd.cz\/wp-content\/uploads\/2019\/05\/DSC_7320-1024x683.jpg 1024w\" sizes=\"auto, (max-width: 570px) 100vw, 570px\" \/><\/a> <a href=\"https:\/\/valasskemezirici.casd.cz\/wp-content\/uploads\/2019\/05\/DSC_7322.jpg\"><img loading=\"lazy\" decoding=\"async\" class=\"alignnone  wp-image-4907\" src=\"https:\/\/valasskemezirici.casd.cz\/wp-content\/uploads\/2019\/05\/DSC_7322.jpg\" alt=\"\" width=\"569\" height=\"379\" srcset=\"https:\/\/valasskemezirici.casd.cz\/wp-content\/uploads\/2019\/05\/DSC_7322.jpg 1300w, https:\/\/valasskemezirici.casd.cz\/wp-content\/uploads\/2019\/05\/DSC_7322-300x200.jpg 300w, https:\/\/valasskemezirici.casd.cz\/wp-content\/uploads\/2019\/05\/DSC_7322-768x512.jpg 768w, https:\/\/valasskemezirici.casd.cz\/wp-content\/uploads\/2019\/05\/DSC_7322-1024x683.jpg 1024w\" sizes=\"auto, (max-width: 569px) 100vw, 569px\" \/><\/a><\/p>\n<p style=\"text-align: justify;\">V\u0161ichni jmenovan\u00ed kazatel\u00e9 pronesli n\u011bkolik slov ke sv\u00fdm sbor\u016fm a pak u\u017e nezb\u00fdvalo, ne\u017e se spole\u010dn\u011b vyfotit, doj\u00edst v\u0161echny dobroty a vydat se sm\u011brem dom\u016f. Mysl\u00edm, \u017ee jsme na\u0161e kazatele vlo\u017eili do dobr\u00fdch rukou.<\/p>\n<p style=\"text-align: justify;\"><a href=\"https:\/\/valasskemezirici.casd.cz\/wp-content\/uploads\/2019\/05\/DSC_7325.jpg\"><img loading=\"lazy\" decoding=\"async\" class=\"alignnone  wp-image-4908\" src=\"https:\/\/valasskemezirici.casd.cz\/wp-content\/uploads\/2019\/05\/DSC_7325.jpg\" alt=\"\" width=\"570\" height=\"380\" srcset=\"https:\/\/valasskemezirici.casd.cz\/wp-content\/uploads\/2019\/05\/DSC_7325.jpg 1300w, https:\/\/valasskemezirici.casd.cz\/wp-content\/uploads\/2019\/05\/DSC_7325-300x200.jpg 300w, https:\/\/valasskemezirici.casd.cz\/wp-content\/uploads\/2019\/05\/DSC_7325-768x512.jpg 768w, https:\/\/valasskemezirici.casd.cz\/wp-content\/uploads\/2019\/05\/DSC_7325-1024x683.jpg 1024w\" sizes=\"auto, (max-width: 570px) 100vw, 570px\" \/><\/a> <a href=\"https:\/\/valasskemezirici.casd.cz\/wp-content\/uploads\/2019\/05\/DSC_7326.jpg\"><img loading=\"lazy\" decoding=\"async\" class=\"alignnone  wp-image-4909\" src=\"https:\/\/valasskemezirici.casd.cz\/wp-content\/uploads\/2019\/05\/DSC_7326.jpg\" alt=\"\" width=\"571\" height=\"380\" srcset=\"https:\/\/valasskemezirici.casd.cz\/wp-content\/uploads\/2019\/05\/DSC_7326.jpg 1300w, https:\/\/valasskemezirici.casd.cz\/wp-content\/uploads\/2019\/05\/DSC_7326-300x200.jpg 300w, https:\/\/valasskemezirici.casd.cz\/wp-content\/uploads\/2019\/05\/DSC_7326-768x512.jpg 768w, https:\/\/valasskemezirici.casd.cz\/wp-content\/uploads\/2019\/05\/DSC_7326-1024x683.jpg 1024w\" sizes=\"auto, (max-width: 571px) 100vw, 571px\" \/><\/a> <a href=\"https:\/\/valasskemezirici.casd.cz\/wp-content\/uploads\/2019\/05\/DSC_7331.jpg\"><img loading=\"lazy\" decoding=\"async\" class=\"alignnone  wp-image-4910\" src=\"https:\/\/valasskemezirici.casd.cz\/wp-content\/uploads\/2019\/05\/DSC_7331.jpg\" alt=\"\" width=\"571\" height=\"380\" srcset=\"https:\/\/valasskemezirici.casd.cz\/wp-content\/uploads\/2019\/05\/DSC_7331.jpg 1300w, https:\/\/valasskemezirici.casd.cz\/wp-content\/uploads\/2019\/05\/DSC_7331-300x200.jpg 300w, https:\/\/valasskemezirici.casd.cz\/wp-content\/uploads\/2019\/05\/DSC_7331-768x512.jpg 768w, https:\/\/valasskemezirici.casd.cz\/wp-content\/uploads\/2019\/05\/DSC_7331-1024x683.jpg 1024w\" sizes=\"auto, (max-width: 571px) 100vw, 571px\" \/><\/a><\/p>\n<p style=\"text-align: justify;\">&nbsp;<\/p>\n","protected":false},"excerpt":{"rendered":"<p>Tuto sobotu jsme vst\u00e1vali v\u00fdrazn\u011b d\u0159\u00edve, ne\u017e jin\u00e9 soboty. To proto, \u017ee jsme se rozhodli doprovodit na\u0161e kazatele Pavla Koste\u010dku a Ji\u0159\u00edho Lodera na instalaci do D\u011btmarovic. Cesta do nejsevern\u011bj\u0161\u00ed \u010d\u00e1sti Moravy pro n\u011bkter\u00e9 nebyla probl\u00e9m. I p\u0159es mnoh\u00e9 \u00faseky ozna\u010den\u00e9 star\u00fdm zn\u00e1m\u00fdm &#8222;Mus\u00edme to opravit&#8220; dorazili do sbore\u010dku v rodinn\u00e9m dom\u011b na okraji obce [&hellip;]<\/p>\n","protected":false},"author":1,"featured_media":0,"comment_status":"closed","ping_status":"open","sticky":false,"template":"","format":"standard","meta":{"ngg_post_thumbnail":0,"footnotes":""},"categories":[1],"tags":[],"class_list":["post-4868","post","type-post","status-publish","format-standard","hentry","category-nezarazene"],"_links":{"self":[{"href":"https:\/\/valasskemezirici.casd.cz\/index.php?rest_route=\/wp\/v2\/posts\/4868","targetHints":{"allow":["GET"]}}],"collection":[{"href":"https:\/\/valasskemezirici.casd.cz\/index.php?rest_route=\/wp\/v2\/posts"}],"about":[{"href":"https:\/\/valasskemezirici.casd.cz\/index.php?rest_route=\/wp\/v2\/types\/post"}],"author":[{"embeddable":true,"href":"https:\/\/valasskemezirici.casd.cz\/index.php?rest_route=\/wp\/v2\/users\/1"}],"replies":[{"embeddable":true,"href":"https:\/\/valasskemezirici.casd.cz\/index.php?rest_route=%2Fwp%2Fv2%2Fcomments&post=4868"}],"version-history":[{"count":1,"href":"https:\/\/valasskemezirici.casd.cz\/index.php?rest_route=\/wp\/v2\/posts\/4868\/revisions"}],"predecessor-version":[{"id":4911,"href":"https:\/\/valasskemezirici.casd.cz\/index.php?rest_route=\/wp\/v2\/posts\/4868\/revisions\/4911"}],"wp:attachment":[{"href":"https:\/\/valasskemezirici.casd.cz\/index.php?rest_route=%2Fwp%2Fv2%2Fmedia&parent=4868"}],"wp:term":[{"taxonomy":"category","embeddable":true,"href":"https:\/\/valasskemezirici.casd.cz\/index.php?rest_route=%2Fwp%2Fv2%2Fcategories&post=4868"},{"taxonomy":"post_tag","embeddable":true,"href":"https:\/\/valasskemezirici.casd.cz\/index.php?rest_route=%2Fwp%2Fv2%2Ftags&post=4868"}],"curies":[{"name":"wp","href":"https:\/\/api.w.org\/{rel}","templated":true}]}}