{"id":5020,"date":"2019-09-07T22:15:07","date_gmt":"2019-09-07T20:15:07","guid":{"rendered":"http:\/\/valasskemezirici.casd.cz\/?p=5020"},"modified":"2019-10-18T19:02:40","modified_gmt":"2019-10-18T17:02:40","slug":"sborovy-vylet-do-melnika","status":"publish","type":"post","link":"https:\/\/valasskemezirici.casd.cz\/?p=5020","title":{"rendered":"Sborov\u00fd v\u00fdlet do M\u011bln\u00edka"},"content":{"rendered":"<div><strong>Tam, u M\u011bln\u00edka &#8211; sborov\u00fd v\u00fdlet Iwany Petrowny<br \/>\n<\/strong><\/div>\n<div>Napsal a nafotil Franta publik\u00e1n Tomanec<\/div>\n<div>&nbsp;<\/div>\n<div><a href=\"https:\/\/valasskemezirici.casd.cz\/wp-content\/uploads\/2019\/09\/DSCN4248.jpg\"><img loading=\"lazy\" decoding=\"async\" class=\"alignnone wp-image-5055\" src=\"https:\/\/valasskemezirici.casd.cz\/wp-content\/uploads\/2019\/09\/DSCN4248.jpg\" alt=\"\" width=\"293\" height=\"198\" srcset=\"https:\/\/valasskemezirici.casd.cz\/wp-content\/uploads\/2019\/09\/DSCN4248.jpg 400w, https:\/\/valasskemezirici.casd.cz\/wp-content\/uploads\/2019\/09\/DSCN4248-300x203.jpg 300w\" sizes=\"auto, (max-width: 293px) 100vw, 293px\" \/><\/a><a href=\"https:\/\/valasskemezirici.casd.cz\/wp-content\/uploads\/2019\/09\/DSCN4378.jpg\"><img loading=\"lazy\" decoding=\"async\" class=\"alignnone wp-image-5126\" src=\"https:\/\/valasskemezirici.casd.cz\/wp-content\/uploads\/2019\/09\/DSCN4378.jpg\" alt=\"\" width=\"291\" height=\"197\" srcset=\"https:\/\/valasskemezirici.casd.cz\/wp-content\/uploads\/2019\/09\/DSCN4378.jpg 400w, https:\/\/valasskemezirici.casd.cz\/wp-content\/uploads\/2019\/09\/DSCN4378-300x203.jpg 300w\" sizes=\"auto, (max-width: 291px) 100vw, 291px\" \/><\/a><\/div>\n<div>&nbsp;<\/div>\n<p><!--more--><\/p>\n<div style=\"text-align: justify;\">Tam, kde se st\u00fdk\u00e1, tam, u M\u011bln\u00edka, tok \u0159eky Labe s Vltavou se o p\u0159edposledn\u00edm srpnov\u00e9m v\u00edkendu rozhoduje zakotvit pestr\u00e9 spole\u010denstv\u00ed adventistick\u00fdch poutn\u00edk\u016f z D\u00e1ln\u00e9ho V\u00fdchodu. Krom\u011b n\u011bkolika rodn\u00fdch Valach\u016f se jedn\u00e1 o pestrou sm\u011bsici \u010desko-slovensko-slezsk\u00fdch m\u00ed\u0161enc\u016f dopln\u011bn\u00fdch o rusky mluv\u00edc\u00ed Jekat\u011brinu z Mold\u00e1vie a Bure\u0161ch\u00e1rovic \u010distokrevn\u00e9ho ratl\u00edka s japonsk\u00fdm n\u00e1zvem Ha\u010dik\u00f3. Ze zapadl\u00fdch kon\u010din suver\u00e9nn\u00edho Vala\u0161sk\u00e9ho kr\u00e1lovstv\u00ed se n\u011bkolika jak\u017e tak\u017e poj\u00edzdn\u00fdmi vehikly putuje \u017e\u00edrnou Hanou a zvln\u011bnou Vyso\u010dinou a\u017e k \u00farodn\u00e9mu Polab\u00ed. \u010cty\u0159i stovky kilometr\u016f dlouh\u00e9 drkot\u00e1n\u00ed kon\u010d\u00ed v solidn\u00edm kempu pobl\u00ed\u017e soutoku dvou zmi\u0148ovan\u00fdch tuzemsk\u00fdch veletok\u016f.<\/div>\n<div style=\"text-align: justify;\"><a href=\"https:\/\/valasskemezirici.casd.cz\/wp-content\/uploads\/2019\/09\/DSCN4176.jpg\"><img loading=\"lazy\" decoding=\"async\" class=\"alignnone wp-image-5021\" src=\"https:\/\/valasskemezirici.casd.cz\/wp-content\/uploads\/2019\/09\/DSCN4176.jpg\" alt=\"\" width=\"289\" height=\"195\" srcset=\"https:\/\/valasskemezirici.casd.cz\/wp-content\/uploads\/2019\/09\/DSCN4176.jpg 400w, https:\/\/valasskemezirici.casd.cz\/wp-content\/uploads\/2019\/09\/DSCN4176-300x203.jpg 300w\" sizes=\"auto, (max-width: 289px) 100vw, 289px\" \/><\/a> <a href=\"https:\/\/valasskemezirici.casd.cz\/wp-content\/uploads\/2019\/09\/DSCN4177.jpg\"><img loading=\"lazy\" decoding=\"async\" class=\"alignnone wp-image-5022\" src=\"https:\/\/valasskemezirici.casd.cz\/wp-content\/uploads\/2019\/09\/DSCN4177.jpg\" alt=\"\" width=\"287\" height=\"194\" srcset=\"https:\/\/valasskemezirici.casd.cz\/wp-content\/uploads\/2019\/09\/DSCN4177.jpg 400w, https:\/\/valasskemezirici.casd.cz\/wp-content\/uploads\/2019\/09\/DSCN4177-300x203.jpg 300w\" sizes=\"auto, (max-width: 287px) 100vw, 287px\" \/><\/a><\/div>\n<div style=\"text-align: justify;\"><a href=\"https:\/\/valasskemezirici.casd.cz\/wp-content\/uploads\/2019\/09\/DSCN4181.jpg\"><img loading=\"lazy\" decoding=\"async\" class=\"alignnone wp-image-5023\" src=\"https:\/\/valasskemezirici.casd.cz\/wp-content\/uploads\/2019\/09\/DSCN4181.jpg\" alt=\"\" width=\"581\" height=\"392\" srcset=\"https:\/\/valasskemezirici.casd.cz\/wp-content\/uploads\/2019\/09\/DSCN4181.jpg 400w, https:\/\/valasskemezirici.casd.cz\/wp-content\/uploads\/2019\/09\/DSCN4181-300x203.jpg 300w\" sizes=\"auto, (max-width: 581px) 100vw, 581px\" \/><\/a><\/div>\n<div style=\"text-align: justify;\">Za v\u0161\u00edm je , jak zn\u00e1mo, t\u0159eba hledat \u017eenu, a vdan\u00e9m p\u0159\u00edpad\u011b se nem\u016f\u017ee jednat o nikoho jin\u00e9ho, ne\u017e o nenapraviteln\u011b vit\u00e1ln\u00ed aktivistku, v\u0161echno a v\u0161echny zvl\u00e1daj\u00edc\u00ed tetu Iwu. Prvn\u00edm bodem programu je podle o\u010dek\u00e1v\u00e1n\u00ed spole\u010dn\u00e1 sch\u016fze. Zmi\u0148ovan\u00e1 Matka p\u0159edstaven\u00e1 na n\u00ed p\u0159edstavuje sv\u00e9 p\u0159edstavy o dal\u0161\u00edm v\u00fdvoji a nikoho nenech\u00e1v\u00e1 na pochyb\u00e1ch, \u017ee na nic nezapomn\u011bla a v\u0161echno pevn\u011b t\u0159\u00edm\u00e1 ve sv\u00fdch rukou. Bez dlouh\u00fdch \u0159e\u010d\u00ed&nbsp;pak usazenou pospolitost rozh\u00e1n\u00ed a vys\u00edl\u00e1 ji k dobyt\u00ed historick\u00e9ho centra jmenovan\u00e9ho m\u011bsta.<\/div>\n<div style=\"text-align: justify;\"><a href=\"https:\/\/valasskemezirici.casd.cz\/wp-content\/uploads\/2019\/09\/DSCN4185.jpg\"><img loading=\"lazy\" decoding=\"async\" class=\"alignnone wp-image-5026\" src=\"https:\/\/valasskemezirici.casd.cz\/wp-content\/uploads\/2019\/09\/DSCN4185.jpg\" alt=\"\" width=\"292\" height=\"197\" srcset=\"https:\/\/valasskemezirici.casd.cz\/wp-content\/uploads\/2019\/09\/DSCN4185.jpg 400w, https:\/\/valasskemezirici.casd.cz\/wp-content\/uploads\/2019\/09\/DSCN4185-300x203.jpg 300w\" sizes=\"auto, (max-width: 292px) 100vw, 292px\" \/><\/a> <a href=\"https:\/\/valasskemezirici.casd.cz\/wp-content\/uploads\/2019\/09\/DSCN4183.jpg\"><img loading=\"lazy\" decoding=\"async\" class=\"alignnone wp-image-5024\" src=\"https:\/\/valasskemezirici.casd.cz\/wp-content\/uploads\/2019\/09\/DSCN4183.jpg\" alt=\"\" width=\"289\" height=\"195\" srcset=\"https:\/\/valasskemezirici.casd.cz\/wp-content\/uploads\/2019\/09\/DSCN4183.jpg 400w, https:\/\/valasskemezirici.casd.cz\/wp-content\/uploads\/2019\/09\/DSCN4183-300x203.jpg 300w\" sizes=\"auto, (max-width: 289px) 100vw, 289px\" \/><\/a><\/div>\n<div style=\"text-align: justify;\">Jak u\u017e to tak chod\u00edv\u00e1, ka\u017ed\u00fd jedinec si vol\u00ed sv\u016fj jedine\u010dn\u00fd c\u00edl. V p\u0159\u00edpad\u011b vetch\u00fdch starc\u016f to bude st\u0159edisko senior\u016f, v p\u0159\u00edpad\u011b dlouhodob\u011b svobodn\u00fdch ml\u00e1denc\u016f t\u0159eba manu\u00e1l zral\u00e9 \u017eeny. Um\u011blecky deformovan\u00e9 du\u0161e nepochybn\u011b p\u0159il\u00e1k\u00e1 stylov\u00e1 v\u00fdzdoba a v\u0161echny dohromady potom nab\u00eddky v\u00fdloh a stojan\u016f se zbo\u017e\u00edm, bez n\u011bho\u017e se v \u017eivot\u011b nelze obej\u00edt.<\/div>\n<div style=\"text-align: justify;\"><a href=\"https:\/\/valasskemezirici.casd.cz\/wp-content\/uploads\/2019\/09\/DSCN4186.jpg\"><img loading=\"lazy\" decoding=\"async\" class=\"alignnone wp-image-5027\" src=\"https:\/\/valasskemezirici.casd.cz\/wp-content\/uploads\/2019\/09\/DSCN4186.jpg\" alt=\"\" width=\"293\" height=\"198\" srcset=\"https:\/\/valasskemezirici.casd.cz\/wp-content\/uploads\/2019\/09\/DSCN4186.jpg 400w, https:\/\/valasskemezirici.casd.cz\/wp-content\/uploads\/2019\/09\/DSCN4186-300x203.jpg 300w\" sizes=\"auto, (max-width: 293px) 100vw, 293px\" \/><\/a> <a href=\"https:\/\/valasskemezirici.casd.cz\/wp-content\/uploads\/2019\/09\/DSCN4188.jpg\"><img loading=\"lazy\" decoding=\"async\" class=\"alignnone wp-image-5028\" src=\"https:\/\/valasskemezirici.casd.cz\/wp-content\/uploads\/2019\/09\/DSCN4188.jpg\" alt=\"\" width=\"289\" height=\"195\" srcset=\"https:\/\/valasskemezirici.casd.cz\/wp-content\/uploads\/2019\/09\/DSCN4188.jpg 400w, https:\/\/valasskemezirici.casd.cz\/wp-content\/uploads\/2019\/09\/DSCN4188-300x203.jpg 300w\" sizes=\"auto, (max-width: 289px) 100vw, 289px\" \/><\/a><\/div>\n<div style=\"text-align: justify;\"><a href=\"https:\/\/valasskemezirici.casd.cz\/wp-content\/uploads\/2019\/09\/DSCN4189.jpg\"><img loading=\"lazy\" decoding=\"async\" class=\"alignnone wp-image-5029\" src=\"https:\/\/valasskemezirici.casd.cz\/wp-content\/uploads\/2019\/09\/DSCN4189.jpg\" alt=\"\" width=\"295\" height=\"199\" srcset=\"https:\/\/valasskemezirici.casd.cz\/wp-content\/uploads\/2019\/09\/DSCN4189.jpg 400w, https:\/\/valasskemezirici.casd.cz\/wp-content\/uploads\/2019\/09\/DSCN4189-300x203.jpg 300w\" sizes=\"auto, (max-width: 295px) 100vw, 295px\" \/><\/a><a href=\"https:\/\/valasskemezirici.casd.cz\/wp-content\/uploads\/2019\/09\/DSCN4274.jpg\"><img loading=\"lazy\" decoding=\"async\" class=\"alignnone wp-image-5062\" src=\"https:\/\/valasskemezirici.casd.cz\/wp-content\/uploads\/2019\/09\/DSCN4274.jpg\" alt=\"\" width=\"292\" height=\"197\" srcset=\"https:\/\/valasskemezirici.casd.cz\/wp-content\/uploads\/2019\/09\/DSCN4274.jpg 400w, https:\/\/valasskemezirici.casd.cz\/wp-content\/uploads\/2019\/09\/DSCN4274-300x203.jpg 300w\" sizes=\"auto, (max-width: 292px) 100vw, 292px\" \/><\/a><\/div>\n<div style=\"text-align: justify;\">Centru v\u00e9vod\u00ed p\u016flkruhov\u00e9 N\u00e1m\u011bst\u00ed m\u00edru s celou \u0159adou vzorn\u011b udr\u017eovan\u00fdch staven\u00ed. M\u011bln\u00edk ob\u00fdv\u00e1 kolem dvaceti tis\u00edcovek smrteln\u00edk\u016f a do historie se zapsal p\u0159edev\u0161\u00edm zrozen\u00edm jedn\u00e9 z nejuzn\u00e1van\u011bj\u0161\u00edch tuzemsk\u00fdch postav, b\u00e1jn\u00e9 Ludmily. M\u011blo se tak st\u00e1t na jist\u00e9m hradi\u0161ti P\u0161ov, jeho\u017e n\u00e1zev odkazuje na existenci slovansk\u00e9ho kmene P\u0161ovan\u016f, kter\u00fd v on\u00e9 dob\u011b tuto oblast ob\u00fdval.<\/div>\n<div style=\"text-align: justify;\"><a href=\"https:\/\/valasskemezirici.casd.cz\/wp-content\/uploads\/2019\/09\/DSCN4193.jpg\"><img loading=\"lazy\" decoding=\"async\" class=\"alignnone wp-image-5030\" src=\"https:\/\/valasskemezirici.casd.cz\/wp-content\/uploads\/2019\/09\/DSCN4193.jpg\" alt=\"\" width=\"591\" height=\"400\" srcset=\"https:\/\/valasskemezirici.casd.cz\/wp-content\/uploads\/2019\/09\/DSCN4193.jpg 400w, https:\/\/valasskemezirici.casd.cz\/wp-content\/uploads\/2019\/09\/DSCN4193-300x203.jpg 300w\" sizes=\"auto, (max-width: 591px) 100vw, 591px\" \/><\/a>&nbsp;<\/div>\n<div style=\"text-align: justify;\"><a href=\"https:\/\/valasskemezirici.casd.cz\/wp-content\/uploads\/2019\/09\/DSCN4197.jpg\"><img loading=\"lazy\" decoding=\"async\" class=\"alignnone wp-image-5032\" src=\"https:\/\/valasskemezirici.casd.cz\/wp-content\/uploads\/2019\/09\/DSCN4197.jpg\" alt=\"\" width=\"275\" height=\"209\" srcset=\"https:\/\/valasskemezirici.casd.cz\/wp-content\/uploads\/2019\/09\/DSCN4197.jpg 400w, https:\/\/valasskemezirici.casd.cz\/wp-content\/uploads\/2019\/09\/DSCN4197-300x227.jpg 300w\" sizes=\"auto, (max-width: 275px) 100vw, 275px\" \/><\/a> <a href=\"https:\/\/valasskemezirici.casd.cz\/wp-content\/uploads\/2019\/09\/DSCN4199.jpg\"><img loading=\"lazy\" decoding=\"async\" class=\"alignnone wp-image-5033\" src=\"https:\/\/valasskemezirici.casd.cz\/wp-content\/uploads\/2019\/09\/DSCN4199.jpg\" alt=\"\" width=\"308\" height=\"208\" srcset=\"https:\/\/valasskemezirici.casd.cz\/wp-content\/uploads\/2019\/09\/DSCN4199.jpg 400w, https:\/\/valasskemezirici.casd.cz\/wp-content\/uploads\/2019\/09\/DSCN4199-300x203.jpg 300w\" sizes=\"auto, (max-width: 308px) 100vw, 308px\" \/><\/a><\/div>\n<div style=\"text-align: justify;\">\n<div>Pod\u00e9l petropavlovsk\u00e9ho chr\u00e1mu a n\u011bkdej\u0161\u00edho hradu se prot\u00e1hneme k legend\u00e1rn\u00ed m\u011bstsk\u00e9 vyhl\u00eddce. Hluboko pod n\u00e1mi se v p\u0159\u00edtm\u00ed lesknou vody Vltavy i Labe a rudnouc\u00edmu nebi v\u00e9vod\u00ed nejproslulej\u0161\u00ed \u010desk\u00fd krtinec s n\u00e1zvem \u0158\u00edp. Zd\u00e1 se, \u017ee si n\u00e1\u0161 v\u011bhlasn\u00fd praotec lep\u0161\u00ed m\u00edsto k us\u00eddlen\u00ed snad ani vybrat nemohl.<\/div>\n<div><a href=\"https:\/\/valasskemezirici.casd.cz\/wp-content\/uploads\/2019\/09\/DSCN4213.jpg\"><img loading=\"lazy\" decoding=\"async\" class=\"alignnone wp-image-5038\" src=\"https:\/\/valasskemezirici.casd.cz\/wp-content\/uploads\/2019\/09\/DSCN4213.jpg\" alt=\"\" width=\"293\" height=\"197\" srcset=\"https:\/\/valasskemezirici.casd.cz\/wp-content\/uploads\/2019\/09\/DSCN4213.jpg 400w, https:\/\/valasskemezirici.casd.cz\/wp-content\/uploads\/2019\/09\/DSCN4213-300x203.jpg 300w\" sizes=\"auto, (max-width: 293px) 100vw, 293px\" \/><\/a><a href=\"https:\/\/valasskemezirici.casd.cz\/wp-content\/uploads\/2019\/09\/DSCN4208.jpg\"><img loading=\"lazy\" decoding=\"async\" class=\"alignnone wp-image-5037\" src=\"https:\/\/valasskemezirici.casd.cz\/wp-content\/uploads\/2019\/09\/DSCN4208.jpg\" alt=\"\" width=\"294\" height=\"198\" srcset=\"https:\/\/valasskemezirici.casd.cz\/wp-content\/uploads\/2019\/09\/DSCN4208.jpg 400w, https:\/\/valasskemezirici.casd.cz\/wp-content\/uploads\/2019\/09\/DSCN4208-300x203.jpg 300w\" sizes=\"auto, (max-width: 294px) 100vw, 294px\" \/><\/a><\/div>\n<div><a href=\"https:\/\/valasskemezirici.casd.cz\/wp-content\/uploads\/2019\/09\/DSCN4206.jpg\"><img loading=\"lazy\" decoding=\"async\" class=\"alignnone wp-image-5036\" src=\"https:\/\/valasskemezirici.casd.cz\/wp-content\/uploads\/2019\/09\/DSCN4206.jpg\" alt=\"\" width=\"251\" height=\"370\" srcset=\"https:\/\/valasskemezirici.casd.cz\/wp-content\/uploads\/2019\/09\/DSCN4206.jpg 271w, https:\/\/valasskemezirici.casd.cz\/wp-content\/uploads\/2019\/09\/DSCN4206-203x300.jpg 203w\" sizes=\"auto, (max-width: 251px) 100vw, 251px\" \/><\/a> <a href=\"https:\/\/valasskemezirici.casd.cz\/wp-content\/uploads\/2019\/09\/DSCN4217.jpg\"><img loading=\"lazy\" decoding=\"async\" class=\"alignnone wp-image-5039\" src=\"https:\/\/valasskemezirici.casd.cz\/wp-content\/uploads\/2019\/09\/DSCN4217.jpg\" alt=\"\" width=\"332\" height=\"224\" srcset=\"https:\/\/valasskemezirici.casd.cz\/wp-content\/uploads\/2019\/09\/DSCN4217.jpg 400w, https:\/\/valasskemezirici.casd.cz\/wp-content\/uploads\/2019\/09\/DSCN4217-300x203.jpg 300w\" sizes=\"auto, (max-width: 332px) 100vw, 332px\" \/><\/a><\/div>\n<div>\u010c\u00edm d\u00e1l hust\u011bj\u0161\u00ed ve\u010dern\u00ed p\u0159\u00edtm\u00ed s sebou p\u0159in\u00e1\u0161\u00ed hned n\u011bkolik ne\u010dekan\u00fdch p\u0159ekvapen\u00ed. Nep\u0159\u00edli\u0161 svat\u00e1 trojice ve slo\u017een\u00ed Jindra, Pavel a moje mali\u010dkost sejde p\u0159i n\u00e1vratu do kempu na scest\u00ed. Kupodivu i navzdory tomu, \u017ee jej\u00ed sou\u010d\u00e1st\u00ed je profesion\u00e1ln\u00ed duchovn\u00ed v\u016fdce. Vedle velk\u00e9 v\u00edry m\u00e1 v\u0161ak v z\u00e1loze i malou technickou vymo\u017eenost, kter\u00e1 n\u00e1s s vydatnou pomoc\u00ed vysoko zav\u011b\u0161en\u00e9 dru\u017eice dok\u00e1\u017ee vr\u00e1tit na jedinou spr\u00e1vnou cestu k do\u010dasn\u00e9mu domovu. Podstatn\u011b z\u00e1va\u017en\u011bj\u0161\u00ed komplikac\u00ed se ukazuje ztr\u00e1ta podp\u016frn\u00e9 hole Pavla druh\u00e9ho. Detektivn\u00ed p\u00e1tr\u00e1n\u00ed v \u00fatrob\u00e1ch prostorn\u00e9ho Kauflandu, bez jeho\u017e n\u00e1v\u0161t\u011bvy by zm\u00edn\u011bn\u00fd vala\u0161sk\u00fd poutn\u00edk nep\u0159e\u017eil, je naprosto bezv\u00fdsledn\u00e9. Situaci \u0159e\u0161\u00ed a\u017e Jind\u0159ichova ve\u010dern\u00ed p\u0159\u00edmluvn\u00e1 modlitba a Petrova rann\u00ed n\u00e1v\u0161t\u011bva jmenovan\u00e9ho chr\u00e1mu konzumu. Kamerov\u00fd syst\u00e9m odhaluje v\u010derej\u0161\u00ed Pavlovy poch\u016fzky. U sal\u00e1m\u016f byl je\u0161t\u011b s hol\u00ed, u piva a ostatn\u00edch tekutin u\u017e nikoliv. Bd\u011bl\u00e9 oko obchodn\u00edch poskok\u016f se zam\u011b\u0159\u00ed na doty\u010dn\u00fd \u00fasek a za chv\u00edli je kovov\u00e1 podpora na sv\u011bt\u011b. Pavel druh\u00fd je t\u00edm p\u00e1dem dokonale mobiln\u00ed, a jak se pozd\u011bji uk\u00e1\u017ee, s pomoc\u00ed hole si dok\u00e1\u017ee nejen sjednat pat\u0159i\u010dn\u00fd respekt, ale tak\u00e9 dob\u00fdt nejvy\u0161\u0161\u00ed v\u011b\u017e nedalek\u00e9ho kamenn\u00e9ho hradu.<\/div>\n<div><a href=\"https:\/\/valasskemezirici.casd.cz\/wp-content\/uploads\/2019\/09\/DSCN4201.jpg\"><img loading=\"lazy\" decoding=\"async\" class=\"alignnone wp-image-5034\" src=\"https:\/\/valasskemezirici.casd.cz\/wp-content\/uploads\/2019\/09\/DSCN4201.jpg\" alt=\"\" width=\"291\" height=\"196\" srcset=\"https:\/\/valasskemezirici.casd.cz\/wp-content\/uploads\/2019\/09\/DSCN4201.jpg 400w, https:\/\/valasskemezirici.casd.cz\/wp-content\/uploads\/2019\/09\/DSCN4201-300x203.jpg 300w\" sizes=\"auto, (max-width: 291px) 100vw, 291px\" \/><\/a> <a href=\"https:\/\/valasskemezirici.casd.cz\/wp-content\/uploads\/2019\/09\/DSCN4223.jpg\"><img loading=\"lazy\" decoding=\"async\" class=\"alignnone wp-image-5040\" src=\"https:\/\/valasskemezirici.casd.cz\/wp-content\/uploads\/2019\/09\/DSCN4223.jpg\" alt=\"\" width=\"292\" height=\"197\" srcset=\"https:\/\/valasskemezirici.casd.cz\/wp-content\/uploads\/2019\/09\/DSCN4223.jpg 400w, https:\/\/valasskemezirici.casd.cz\/wp-content\/uploads\/2019\/09\/DSCN4223-300x203.jpg 300w\" sizes=\"auto, (max-width: 292px) 100vw, 292px\" \/><\/a><\/div>\n<div>P\u0159ed n\u00e1mi je premi\u00e9rov\u00e1 noc v n\u011bkolika d\u0159ev\u011bn\u00fdch chatk\u00e1ch. Proto\u017ee mi bylo p\u0159isouzeno m\u00edsto na zemi, milosrdn\u00e9 dorostenky z klubu Pathfinder se smilovaly a zap\u016fj\u010dily k podestl\u00e1n\u00ed nafukovac\u00ed matraci. Vysoce v\u00fdkonn\u00fd ru\u010dn\u00ed kompresor se sice rozfouk\u00e1v\u00e1 a\u017e k \u00fapln\u00e9mu zad\u0159en\u00ed, k po\u017eadovan\u00e9mu efektu v\u0161ak st\u00e1le nedoch\u00e1z\u00ed. Jak se vz\u00e1p\u011bt\u00ed uk\u00e1\u017ee, doty\u010dn\u00e1 podest\u00fdlac\u00ed n\u00e1le\u017eitost opl\u00fdv\u00e1 z\u00e1va\u017en\u00fdm zran\u011bn\u00edm. Bodn\u00e1 r\u00e1na v jej\u00edm st\u0159edu zabra\u0148uje uchov\u00e1n\u00ed nezbytn\u00e9ho vzduchu, tak\u017ee v t\u00e9to podob\u011b je v\u00edcem\u00e9n\u011b nepou\u017eiteln\u00e1. Mamine\u010dka na\u0161e p\u0159edstaven\u00e1 se za pomoci technicky nadan\u00e9ho n\u00e1sledn\u00edka rodu Jana sna\u017e\u00ed situaci vy\u0159e\u0161it a p\u0159ichv\u00e1t\u00e1 s \u010derstv\u011b zakoupenou tubou kanagonu. \u00dast\u0159i\u017eek americk\u00e9 lepic\u00ed p\u00e1sky obdr\u017e\u00ed n\u00e1nos \u010desk\u00e9ho lepidla a v\u0161e je po p\u0159ipl\u00e1cnut\u00ed na posti\u017een\u00e9 m\u00edsto zat\u00ed\u017eeno postel\u00ed Pavla prvn\u00edho. Nad\u011bjn\u011b se vyv\u00edjej\u00edc\u00ed operace v\u0161ak kon\u010d\u00ed ne\u00fasp\u011b\u0161n\u011b. Po doporu\u010den\u00fdch \u010dty\u0159iadvaceti hodin\u00e1ch schnut\u00ed a solidn\u00edm no\u010dn\u00edm zat\u00ed\u017een\u00edm pastorov\u00fdm t\u011blem se uk\u00e1\u017ee, \u017ee \u010deskoamerick\u00fd pokus o ucp\u00e1n\u00ed d\u00edry je absolutn\u011b ne\u00fa\u010dinn\u00fd. Situaci zachra\u0148uje p\u0159\u00edtomnost rodiny sou\u010dasn\u00e9ho sborov\u00e9ho star\u0161iny Petra. Nezi\u0161tn\u00e9 zap\u016fj\u010den\u00ed karimatky zp\u016fsobuje, \u017ee se kosti a tk\u00e1n\u011b vetch\u00e9ho starce nedeformuj\u00ed, naopak a\u017e do konce pobytu si dop\u0159\u00e1vaj\u00ed relativn\u011b pohodov\u00e9ho no\u010dn\u00edho odpo\u010dinku.<\/div>\n<div><a href=\"https:\/\/valasskemezirici.casd.cz\/wp-content\/uploads\/2019\/09\/DSCN4224.jpg\"><img loading=\"lazy\" decoding=\"async\" class=\"alignnone wp-image-5041\" src=\"https:\/\/valasskemezirici.casd.cz\/wp-content\/uploads\/2019\/09\/DSCN4224.jpg\" alt=\"\" width=\"584\" height=\"394\" srcset=\"https:\/\/valasskemezirici.casd.cz\/wp-content\/uploads\/2019\/09\/DSCN4224.jpg 400w, https:\/\/valasskemezirici.casd.cz\/wp-content\/uploads\/2019\/09\/DSCN4224-300x203.jpg 300w\" sizes=\"auto, (max-width: 584px) 100vw, 584px\" \/><\/a><\/div>\n<div>Probl\u00e9m jin\u00e9ho \u0159\u00e1du v\u0161ak \u0159e\u0161\u00ed akademicky vzd\u011blan\u00fd doktor p\u0159\u00edrodn\u00edch v\u011bd. S v\u011bdeck\u00fdm p\u0159\u00edstupem p\u0159istoup\u00ed k pr\u00e1zdn\u00e9 ledni\u010dce a na z\u00e1klad\u011b letm\u00e9 anal\u00fdzy doch\u00e1z\u00ed k z\u00e1v\u011bru, \u017ee zmrazovac\u00ed za\u0159\u00edzen\u00ed nefunguje. Mo\u017en\u00e1 m\u00e1 strach o pe\u010dliv\u011b zatajovan\u00e1 hus\u00ed stehna, kter\u00e1 asi obdr\u017eel od n\u011bkter\u00e9 ze sv\u00fdch nov\u00fdch ove\u010dek, mo\u017en\u00e1 chce demonstrovat sv\u016fj technick\u00fd talent a tak se za pe\u010dliv\u00e9ho dozoru p\u0159\u00edtomn\u00fdch spolunocle\u017en\u00edk\u016f opakovan\u011b vrh\u00e1 do \u00fatrob chlad\u00edc\u00edho apar\u00e1tu. P\u0159i n\u011bkolik\u00e1t\u00e9m pokusu jde kolem u\u017e p\u0159edt\u00edm vzpom\u00ednan\u00fd Petr. Proto\u017ee je to Ch\u00e1rakter, mil\u00e9mu Pavlovi nezi\u0161tn\u011b ozn\u00e1m\u00ed, \u017ee ledni\u010dka b\u011bhem jeho operac\u00ed zchl\u00e1dla v\u00edc ne\u017e n\u00e1lada po prohran\u00e9m z\u00e1pase a klidn\u011b do n\u00ed m\u016f\u017ee nal\u00e1dovat sv\u00e9 ve\u0159ejn\u00e9 i tajn\u00e9 potravinov\u00e9 z\u00e1soby.<\/div>\n<div><a href=\"https:\/\/valasskemezirici.casd.cz\/wp-content\/uploads\/2019\/09\/DSCN4229.jpg\"><img loading=\"lazy\" decoding=\"async\" class=\"alignnone wp-image-5043\" src=\"https:\/\/valasskemezirici.casd.cz\/wp-content\/uploads\/2019\/09\/DSCN4229.jpg\" alt=\"\" width=\"321\" height=\"217\" srcset=\"https:\/\/valasskemezirici.casd.cz\/wp-content\/uploads\/2019\/09\/DSCN4229.jpg 400w, https:\/\/valasskemezirici.casd.cz\/wp-content\/uploads\/2019\/09\/DSCN4229-300x203.jpg 300w\" sizes=\"auto, (max-width: 321px) 100vw, 321px\" \/><\/a> <a href=\"https:\/\/valasskemezirici.casd.cz\/wp-content\/uploads\/2019\/09\/DSCN4225.jpg\"><img loading=\"lazy\" decoding=\"async\" class=\"alignnone wp-image-5042\" src=\"https:\/\/valasskemezirici.casd.cz\/wp-content\/uploads\/2019\/09\/DSCN4225.jpg\" alt=\"\" width=\"258\" height=\"381\" srcset=\"https:\/\/valasskemezirici.casd.cz\/wp-content\/uploads\/2019\/09\/DSCN4225.jpg 271w, https:\/\/valasskemezirici.casd.cz\/wp-content\/uploads\/2019\/09\/DSCN4225-203x300.jpg 203w\" sizes=\"auto, (max-width: 258px) 100vw, 258px\" \/><\/a><\/div>\n<div>Po temn\u00e9 noci zpravidla p\u0159ich\u00e1z\u00ed o n\u011bco sv\u011btlej\u0161\u00ed r\u00e1no. To dne\u0161n\u00ed je p\u0159\u00edmo uk\u00e1zkov\u00e9, tak\u017ee sv\u00e9 mobiln\u00ed kuchy\u0148sk\u00e9 za\u0159\u00edzen\u00ed st\u011bhuji na venkovn\u00ed d\u0159ev\u011bn\u00fd st\u016fl. Po ratibo\u0159sk\u00e9m chlebu a ochucen\u00e9 majd\u011b z cizrny uva\u017euji o n\u011bjak\u00e9 nezbytn\u00e9 splachovac\u00ed variant\u011b. \u010caj ani toale\u0165\u00e1k si z\u00e1sadn\u011b na vandry neberu, proto\u017ee oboj\u00ed zm\u00edn\u011bn\u00e9 mi \u0161t\u011bd\u0159e nab\u00edz\u00ed neomyln\u00e1 matka p\u0159\u00edroda. Druh\u00e9 v po\u0159ad\u00ed zat\u00edm nepot\u0159ebuji, vyp\u00e1tr\u00e1n\u00ed prvn\u00edho se v tuto chv\u00edli jev\u00ed jako nezbytnost. M\u011bstsk\u00fd kemp v\u0161ak s v\u00fdskytem takov\u00fdch exot\u016f, jako jsem j\u00e1, nepo\u010d\u00edt\u00e1, nav\u00edc se jeho spr\u00e1vci sna\u017e\u00ed o pravideln\u00fd sest\u0159ih p\u0159\u00edtomn\u00fdch anglick\u00fdch tr\u00e1vn\u00edk\u016f. \u0158e\u0161en\u00ed se v\u0161ak najde i v takov\u00e9to zapeklit\u00e9 situaci. V m\u00edstech, kam se nedostaly ostr\u00e9 tes\u00e1ky motorov\u00e9 seka\u010dky, z\u016fstaly vzp\u0159\u00edmen\u00e9 l\u00edstky \u0159eb\u0159\u00ed\u010dku l\u00e9ka\u0159sk\u00e9ho. Hod\u00edm je do va\u0159\u00edc\u00ed vody v e\u0161usu a na rann\u00ed \u010daj o osm\u00e9 p\u0159izvu i hladov\u011b obch\u00e1zej\u00edc\u00edho Pavla prvn\u00edho. Nazelenal\u00e1 tekutina, kterou pak spokojen\u011b usrk\u00e1v\u00e1, jej uspokojuje natolik, \u017ee ho nenapadne p\u00e1trat po zdroji surovin. Dodnes mu asi nedoch\u00e1z\u00ed, \u017ee velice pravd\u011bpodobn\u011b obsahovala i stopy zna\u010dkovac\u00edho produktu hl\u00edda\u010de v\u00fdpravy, ps\u00edka Ha\u010dik\u00f3, kter\u00fd doty\u010dn\u00e1 m\u00edsta nepochybn\u011b obch\u00e1zel se zdvi\u017eenou zadn\u00ed kon\u010detinou.<\/div>\n<div><a href=\"https:\/\/valasskemezirici.casd.cz\/wp-content\/uploads\/2019\/09\/DSCN4233.jpg\"><img loading=\"lazy\" decoding=\"async\" class=\"alignnone wp-image-5046\" src=\"https:\/\/valasskemezirici.casd.cz\/wp-content\/uploads\/2019\/09\/DSCN4233.jpg\" alt=\"\" width=\"301\" height=\"203\" srcset=\"https:\/\/valasskemezirici.casd.cz\/wp-content\/uploads\/2019\/09\/DSCN4233.jpg 400w, https:\/\/valasskemezirici.casd.cz\/wp-content\/uploads\/2019\/09\/DSCN4233-300x203.jpg 300w\" sizes=\"auto, (max-width: 301px) 100vw, 301px\" \/><\/a> <a href=\"https:\/\/valasskemezirici.casd.cz\/wp-content\/uploads\/2019\/09\/DSCN4232.jpg\"><img loading=\"lazy\" decoding=\"async\" class=\"alignnone wp-image-5045\" src=\"https:\/\/valasskemezirici.casd.cz\/wp-content\/uploads\/2019\/09\/DSCN4232.jpg\" alt=\"\" width=\"299\" height=\"202\" srcset=\"https:\/\/valasskemezirici.casd.cz\/wp-content\/uploads\/2019\/09\/DSCN4232.jpg 400w, https:\/\/valasskemezirici.casd.cz\/wp-content\/uploads\/2019\/09\/DSCN4232-300x203.jpg 300w\" sizes=\"auto, (max-width: 299px) 100vw, 299px\" \/><\/a><\/div>\n<div><a href=\"https:\/\/valasskemezirici.casd.cz\/wp-content\/uploads\/2019\/09\/DSCN4231.jpg\"><img loading=\"lazy\" decoding=\"async\" class=\"alignnone wp-image-5044\" src=\"https:\/\/valasskemezirici.casd.cz\/wp-content\/uploads\/2019\/09\/DSCN4231.jpg\" alt=\"\" width=\"605\" height=\"408\" srcset=\"https:\/\/valasskemezirici.casd.cz\/wp-content\/uploads\/2019\/09\/DSCN4231.jpg 400w, https:\/\/valasskemezirici.casd.cz\/wp-content\/uploads\/2019\/09\/DSCN4231-300x203.jpg 300w\" sizes=\"auto, (max-width: 605px) 100vw, 605px\" \/><\/a><\/div>\n<\/div>\n<div style=\"text-align: justify;\">&nbsp;<\/div>\n<div style=\"text-align: justify;\">Jak ukazuje rann\u00ed br\u00edfink, prvn\u00ed noc p\u0159e\u017eili v\u0161ichni a pastor je po rann\u00ed \u010dajov\u00e9 vzpruze natolik vit\u00e1ln\u00ed, \u017ee si p\u00e1r hodin p\u0159ed polednem troufne i na veden\u00ed nezbytn\u00e9 jit\u0159enky. Ta zpravidla obsahuje v\u00edce \u010di m\u00e9n\u011b komentovan\u00fd \u00fasek ze svat\u00fdch P\u00edsem, po jeho\u017e stru\u010dn\u00e9m probr\u00e1n\u00ed p\u0159ich\u00e1z\u00ed na sc\u00e9nu spole\u010dn\u00e1 modlitba. Jakkoliv si o tom m\u016f\u017ee myslet kdokoliv cokoliv, ur\u010dit\u011b se nejedn\u00e1 o bezduch\u00fd vp\u00e1d do nov\u00e9ho dne, kter\u00fd m\u016f\u017ee p\u0159in\u00e9st bezpo\u010det ne\u010dekan\u00fdch, n\u011bkdy i nep\u0159\u00edjemn\u00fdch p\u0159ekvapen\u00ed.<\/div>\n<div style=\"text-align: justify;\"><a href=\"https:\/\/valasskemezirici.casd.cz\/wp-content\/uploads\/2019\/09\/DSCN4234.jpg\"><img loading=\"lazy\" decoding=\"async\" class=\"alignnone wp-image-5047\" src=\"https:\/\/valasskemezirici.casd.cz\/wp-content\/uploads\/2019\/09\/DSCN4234.jpg\" alt=\"\" width=\"599\" height=\"404\" srcset=\"https:\/\/valasskemezirici.casd.cz\/wp-content\/uploads\/2019\/09\/DSCN4234.jpg 400w, https:\/\/valasskemezirici.casd.cz\/wp-content\/uploads\/2019\/09\/DSCN4234-300x203.jpg 300w\" sizes=\"auto, (max-width: 599px) 100vw, 599px\" \/><\/a><\/div>\n<div style=\"text-align: justify;\">Znovu se ocit\u00e1me na pov\u011bdom\u00e9m n\u00e1m\u011bst\u00ed. N\u011bkde by se tu m\u011bla nach\u00e1zet i nej\u0161ir\u0161\u00ed studna Zem\u011b praotce \u010cecha, kter\u00e1 se ocitla i v tuzemsk\u00e9 Guinessov\u011b knize rekord\u016f. M\u00e1 m\u00edt pr\u016fm\u011br p\u0159es \u010dty\u0159i p\u016fl metru a sah\u00e1 do hloubky p\u0159ibli\u017en\u011b dvan\u00e1ctkr\u00e1t v\u011bt\u0161\u00ed. Milovn\u00edci temnot se pot\u00e9 no\u0159\u00ed do m\u00edstn\u00edho podsv\u011bt\u00ed, vyznava\u010di pam\u00e1tek do kostel\u016f a jeden trapn\u00fd sta\u0159ec dokonce paradoxn\u011b zatou\u017eil po cest\u011b ke kr\u00e1se a zdrav\u00ed!<\/div>\n<div style=\"text-align: justify;\"><a href=\"https:\/\/valasskemezirici.casd.cz\/wp-content\/uploads\/2019\/09\/DSCN4235.jpg\"><img loading=\"lazy\" decoding=\"async\" class=\"alignnone wp-image-5048\" src=\"https:\/\/valasskemezirici.casd.cz\/wp-content\/uploads\/2019\/09\/DSCN4235.jpg\" alt=\"\" width=\"301\" height=\"203\" srcset=\"https:\/\/valasskemezirici.casd.cz\/wp-content\/uploads\/2019\/09\/DSCN4235.jpg 400w, https:\/\/valasskemezirici.casd.cz\/wp-content\/uploads\/2019\/09\/DSCN4235-300x203.jpg 300w\" sizes=\"auto, (max-width: 301px) 100vw, 301px\" \/><\/a><a href=\"https:\/\/valasskemezirici.casd.cz\/wp-content\/uploads\/2019\/09\/DSCN4236.jpg\"><img loading=\"lazy\" decoding=\"async\" class=\"alignnone wp-image-5049\" src=\"https:\/\/valasskemezirici.casd.cz\/wp-content\/uploads\/2019\/09\/DSCN4236.jpg\" alt=\"\" width=\"303\" height=\"205\" srcset=\"https:\/\/valasskemezirici.casd.cz\/wp-content\/uploads\/2019\/09\/DSCN4236.jpg 400w, https:\/\/valasskemezirici.casd.cz\/wp-content\/uploads\/2019\/09\/DSCN4236-300x203.jpg 300w\" sizes=\"auto, (max-width: 303px) 100vw, 303px\" \/><\/a><\/div>\n<div style=\"text-align: justify;\"><a href=\"https:\/\/valasskemezirici.casd.cz\/wp-content\/uploads\/2019\/09\/DSCN4237.jpg\"><img loading=\"lazy\" decoding=\"async\" class=\"alignnone wp-image-5050\" src=\"https:\/\/valasskemezirici.casd.cz\/wp-content\/uploads\/2019\/09\/DSCN4237.jpg\" alt=\"\" width=\"330\" height=\"223\" srcset=\"https:\/\/valasskemezirici.casd.cz\/wp-content\/uploads\/2019\/09\/DSCN4237.jpg 400w, https:\/\/valasskemezirici.casd.cz\/wp-content\/uploads\/2019\/09\/DSCN4237-300x203.jpg 300w\" sizes=\"auto, (max-width: 330px) 100vw, 330px\" \/><\/a> <a href=\"https:\/\/valasskemezirici.casd.cz\/wp-content\/uploads\/2019\/09\/DSCN4239.jpg\"><img loading=\"lazy\" decoding=\"async\" class=\"alignnone size-full wp-image-5051\" src=\"https:\/\/valasskemezirici.casd.cz\/wp-content\/uploads\/2019\/09\/DSCN4239.jpg\" alt=\"\" width=\"271\" height=\"400\" srcset=\"https:\/\/valasskemezirici.casd.cz\/wp-content\/uploads\/2019\/09\/DSCN4239.jpg 271w, https:\/\/valasskemezirici.casd.cz\/wp-content\/uploads\/2019\/09\/DSCN4239-203x300.jpg 203w\" sizes=\"auto, (max-width: 271px) 100vw, 271px\" \/><\/a><\/div>\n<div style=\"text-align: justify;\">Pomalu a l\u00edn\u011b se prot\u00e1hnu kolem nejv\u00fdzna\u010dn\u011bj\u0161\u00edch pam\u00e1tek a podobn\u011b jako v\u010dera ve\u010der zakotv\u00edm na zn\u00e1m\u00e9 vyhl\u00eddce. Bl\u00edzk\u00fd soutok vltavsk\u00fdch a labsk\u00fdch vod, stejn\u011b jako mnohem vzd\u00e1len\u011bj\u0161\u00ed silueta \u0158\u00edpu se v dopoledn\u00edm nasv\u00edcen\u00ed jev\u00ed jako v\u00fdrazn\u011b z\u0159eteln\u011bj\u0161\u00ed. A\u017e k horn\u00edmu z\u00e1bradl\u00ed \u0161plhaj\u00ed pe\u010dliv\u011b obd\u011bl\u00e1van\u00e9 vinice. Podle pov\u011bst\u00ed je m\u00e1 na sv\u011bdom\u00ed u\u017e vzpom\u00ednan\u00e1 Ludmila. Zdej\u0161\u00ed u\u0161lechtil\u00fd mok se pr\u00fd nepln\u00ed do b\u011b\u017en\u00fdch fla\u0161ek, ale do speci\u00e1ln\u00edch kalam\u00e1\u0159\u016f a nejv\u011bt\u0161\u00ed vinn\u00e9 sklepy nevlastn\u00ed \u017e\u00e1dn\u00fd prostop\u00e1\u0161n\u00fd opilec, ale s\u00e1m bohabojn\u00fd Ji\u0159\u00ed Lobkovicz.<\/div>\n<div style=\"text-align: justify;\"><a href=\"https:\/\/valasskemezirici.casd.cz\/wp-content\/uploads\/2019\/09\/DSCN4242.jpg\"><img loading=\"lazy\" decoding=\"async\" class=\"alignnone wp-image-5054\" src=\"https:\/\/valasskemezirici.casd.cz\/wp-content\/uploads\/2019\/09\/DSCN4242.jpg\" alt=\"\" width=\"301\" height=\"203\" srcset=\"https:\/\/valasskemezirici.casd.cz\/wp-content\/uploads\/2019\/09\/DSCN4242.jpg 400w, https:\/\/valasskemezirici.casd.cz\/wp-content\/uploads\/2019\/09\/DSCN4242-300x203.jpg 300w\" sizes=\"auto, (max-width: 301px) 100vw, 301px\" \/><\/a><a href=\"https:\/\/valasskemezirici.casd.cz\/wp-content\/uploads\/2019\/09\/DSCN4241.jpg\"><img loading=\"lazy\" decoding=\"async\" class=\"alignnone wp-image-5053\" src=\"https:\/\/valasskemezirici.casd.cz\/wp-content\/uploads\/2019\/09\/DSCN4241.jpg\" alt=\"\" width=\"301\" height=\"203\" srcset=\"https:\/\/valasskemezirici.casd.cz\/wp-content\/uploads\/2019\/09\/DSCN4241.jpg 400w, https:\/\/valasskemezirici.casd.cz\/wp-content\/uploads\/2019\/09\/DSCN4241-300x203.jpg 300w\" sizes=\"auto, (max-width: 301px) 100vw, 301px\" \/><\/a><\/div>\n<div style=\"text-align: justify;\"><a href=\"https:\/\/valasskemezirici.casd.cz\/wp-content\/uploads\/2019\/09\/DSCN4240.jpg\"><img loading=\"lazy\" decoding=\"async\" class=\"alignnone wp-image-5052\" src=\"https:\/\/valasskemezirici.casd.cz\/wp-content\/uploads\/2019\/09\/DSCN4240.jpg\" alt=\"\" width=\"602\" height=\"407\" srcset=\"https:\/\/valasskemezirici.casd.cz\/wp-content\/uploads\/2019\/09\/DSCN4240.jpg 400w, https:\/\/valasskemezirici.casd.cz\/wp-content\/uploads\/2019\/09\/DSCN4240-300x203.jpg 300w\" sizes=\"auto, (max-width: 602px) 100vw, 602px\" \/><\/a><\/div>\n<div style=\"text-align: justify;\">\u00dazk\u00fdm chodn\u00edkem mezi d\u00e1vno zarostl\u00fdmi terasami se spust\u00edm a\u017e k nejdel\u0161\u00ed z \u010desk\u00fdch \u0159ek. Obna\u017een\u00e9 b\u0159ehy zdob\u00ed porosty kop\u0159iv a pomal\u00fd tok zelen\u00e9 ostr\u016fvky \u017elut\u011b kvetouc\u00edch lekn\u00edn\u016f. V Labi jsem se je\u0161t\u011b nikdy nekoupal, tak\u017ee pr\u00e1v\u011b te\u010f p\u0159ich\u00e1z\u00ed na historicky prvn\u00ed smo\u010den\u00ed. Vyznava\u010di modr\u00fdch zahradn\u00edch baz\u00e9n\u016f s pat\u0159i\u010dnou d\u00e1vkou nezbytn\u00e9 chemie by nad rezav\u011b na\u017eloutlou tekutinou patrn\u011b ohrnovali nosem, ale budi\u017e jim p\u0159ipomenuto, \u017ee ani tato voda se bez zm\u00edn\u011bn\u00e9ho o\u0161et\u0159en\u00ed na sv\u00e9m toku asi neobe\u0161la. Chemi\u010dek a jim podobn\u00fdch za\u0159\u00edzen\u00ed m\u00e1 na sv\u00e9m toku v\u00edc ne\u017e dost. Za sebe mohou s klidn\u00fdm sv\u011bdom\u00edm prohl\u00e1sit, \u017ee nazrzl\u00e1 plavba mezi ost\u0159e \u017elut\u00fdmi kv\u011bty a \u017eiv\u00fdmi rybami je tu n\u00e1dhern\u00e1 a s nejv\u011bt\u0161\u00ed pravd\u011bpodobnost\u00ed se i v jin\u00fdm p\u0159\u00edpadech obejde bez v\u00fdrazn\u011bj\u0161\u00ed \u00fajmy na kr\u00e1se \u010di na aktu\u00e1ln\u00edm zdrav\u00ed.<\/div>\n<div style=\"text-align: justify;\"><a href=\"https:\/\/valasskemezirici.casd.cz\/wp-content\/uploads\/2019\/09\/DSCN4249.jpg\"><img loading=\"lazy\" decoding=\"async\" class=\"alignnone wp-image-5056\" src=\"https:\/\/valasskemezirici.casd.cz\/wp-content\/uploads\/2019\/09\/DSCN4249.jpg\" alt=\"\" width=\"302\" height=\"205\" srcset=\"https:\/\/valasskemezirici.casd.cz\/wp-content\/uploads\/2019\/09\/DSCN4249.jpg 400w, https:\/\/valasskemezirici.casd.cz\/wp-content\/uploads\/2019\/09\/DSCN4249-300x203.jpg 300w\" sizes=\"auto, (max-width: 302px) 100vw, 302px\" \/><\/a> <a href=\"https:\/\/valasskemezirici.casd.cz\/wp-content\/uploads\/2019\/09\/DSCN4252.jpg\"><img loading=\"lazy\" decoding=\"async\" class=\"alignnone wp-image-5057\" src=\"https:\/\/valasskemezirici.casd.cz\/wp-content\/uploads\/2019\/09\/DSCN4252.jpg\" alt=\"\" width=\"301\" height=\"204\" srcset=\"https:\/\/valasskemezirici.casd.cz\/wp-content\/uploads\/2019\/09\/DSCN4252.jpg 400w, https:\/\/valasskemezirici.casd.cz\/wp-content\/uploads\/2019\/09\/DSCN4252-300x203.jpg 300w\" sizes=\"auto, (max-width: 301px) 100vw, 301px\" \/><\/a><\/div>\n<div style=\"text-align: justify;\">Zat\u00edmco n\u00e1m zmi\u0148ovan\u00e1 vyhl\u00eddka nem\u00e1 \u0161anci odhalit skute\u010dn\u00fd soutok Labe a Vltavy, te\u010f m\u00e1m sbrat\u0159en\u00ed Krkono\u0161 a \u0160umavy p\u0159\u00edmo p\u0159ed o\u010dima. Pozdravy obou poho\u0159\u00ed se tu m\u00eds\u00ed zcela spont\u00e1nn\u011b a bez jak\u00e9hokoliv r\u00e1musu pak spole\u010dn\u011b putuj\u00ed k dalek\u00e9mu \u00fast\u00ed na n\u011bmeck\u00e9m severu. Vn\u00edm\u00e1m to jako v\u00fdjime\u010dn\u00fd okam\u017eik a n\u00e1ramn\u011b si jej u\u017e\u00edv\u00e1m. Nepot\u0159ebuji k tomu \u0161t\u011bbetaj\u00edc\u00ed davy, trapn\u00e9 moder\u00e1tory ani uje\u010denou muziku z nabuzen\u00fdch reproduktor\u016f. Hlubok\u00e9 vody tekou potichu, tvrd\u00ed jedno dokonale pravdiv\u00e9 \u00faslov\u00ed.<\/div>\n<div style=\"text-align: justify;\"><a href=\"https:\/\/valasskemezirici.casd.cz\/wp-content\/uploads\/2019\/09\/DSCN4266.jpg\"><img loading=\"lazy\" decoding=\"async\" class=\"alignnone wp-image-5059\" src=\"https:\/\/valasskemezirici.casd.cz\/wp-content\/uploads\/2019\/09\/DSCN4266.jpg\" alt=\"\" width=\"300\" height=\"204\" srcset=\"https:\/\/valasskemezirici.casd.cz\/wp-content\/uploads\/2019\/09\/DSCN4266.jpg 400w, https:\/\/valasskemezirici.casd.cz\/wp-content\/uploads\/2019\/09\/DSCN4266-300x204.jpg 300w\" sizes=\"auto, (max-width: 300px) 100vw, 300px\" \/><\/a> <a href=\"https:\/\/valasskemezirici.casd.cz\/wp-content\/uploads\/2019\/09\/DSCN4271.jpg\"><img loading=\"lazy\" decoding=\"async\" class=\"alignnone wp-image-5060\" src=\"https:\/\/valasskemezirici.casd.cz\/wp-content\/uploads\/2019\/09\/DSCN4271.jpg\" alt=\"\" width=\"304\" height=\"205\" srcset=\"https:\/\/valasskemezirici.casd.cz\/wp-content\/uploads\/2019\/09\/DSCN4271.jpg 400w, https:\/\/valasskemezirici.casd.cz\/wp-content\/uploads\/2019\/09\/DSCN4271-300x203.jpg 300w\" sizes=\"auto, (max-width: 304px) 100vw, 304px\" \/><\/a><\/div>\n<div style=\"text-align: justify;\">Nadch\u00e1z\u00ed smluven\u00e1 hodina a dav je, a\u017e na jist\u00e9 v\u00fdjimky, op\u011bt pohromad\u011b. Pobl\u00ed\u017e Vr\u00e1zovy vyhl\u00eddky najednou do poklidn\u00e9 atmosf\u00e9ry vraz\u00ed kl\u00edn trojice nejmenovan\u00fdch gr\u00e1ci\u00ed. Podle jejich mluv\u010d\u00ed, kter\u00e1 se, co do v\u00fd\u0159e\u010dnosti, v\u00fdrazn\u011b pomamila, je pr\u00fd pro n\u011b ne\u00fanosn\u00e9, ba p\u0159\u00edmo \u017eivotu nebezpe\u010dn\u00e9, pokra\u010dovat v nast\u00edn\u011bn\u00e9m programu, proto\u017ee by jej p\u0159i st\u00e1vaj\u00edc\u00ed teplot\u011b atakuj\u00edc\u00ed tropickou t\u0159ic\u00edtku jednodu\u0161e nezvl\u00e1dly. Daleko u\u017eite\u010dn\u011bj\u0161\u00ed je pro jejich dal\u0161\u00ed zd\u00e1rn\u00fd v\u00fdvoj n\u00e1v\u0161t\u011bva koupali\u0161t\u011b s v\u00fdskytem plaveck\u00fdch baz\u00e9n\u016f, adrenalinov\u00fdch tobog\u00e1n\u016f a potetovan\u00fdch vrstevn\u00edk\u016f v dlouh\u00fdch m\u00f3dn\u00edch bermud\u00e1ch. Zat\u00edmco Matka p\u0159edstaven\u00e1 dlouho a hrdinn\u011b odol\u00e1v\u00e1, adoptivn\u00ed budouc\u00ed Otec rodu se k\u00e1c\u00ed k zemi. Za\u010darovan\u00fd kruh rozsekne a\u017e ne\u010dekan\u00e1 p\u0159\u00edmluva jist\u00e9 ran\u011b seniorsk\u00e9 dvojice, kter\u00e1 si tuto taktiku osvojila p\u0159i ob\u010dasn\u00e9 n\u00e1v\u0161t\u011bv\u011b sv\u00fdch vzd\u00e1len\u00fdch vnou\u010d\u00e1tek. Pevn\u00fd postoj N\u00e1\u010delnice z\u00e1jezdu je t\u00edm p\u0159ekvapiv\u011b zvikl\u00e1n a trio mladistv\u00fdch krasavic se m\u016f\u017ee kone\u010dn\u011b realizovat ve sv\u00e9m v\u00edce \u010di m\u00e9n\u011b \u00fasporn\u00e9m koupac\u00edm oble\u010den\u00ed. Jedinou d\u00edvenkou, kter\u00e1 to m\u00e1 na h\u00e1ku, je v po\u0159ad\u00ed \u010dtvrt\u00e1 kr\u00e1ska. Jmenuje se St\u00e1zka a konfliktn\u00ed kratochv\u00edle vyu\u017e\u00edv\u00e1 k aktivn\u00ed horolezeck\u00e9 p\u0159\u00edprav\u011b na nadch\u00e1zej\u00edc\u00ed koko\u0159\u00ednsk\u00e9 d\u011bjstv\u00ed.<\/div>\n<div style=\"text-align: justify;\"><a href=\"https:\/\/valasskemezirici.casd.cz\/wp-content\/uploads\/2019\/09\/DSCN4280.jpg\"><img loading=\"lazy\" decoding=\"async\" class=\"alignnone wp-image-5065\" src=\"https:\/\/valasskemezirici.casd.cz\/wp-content\/uploads\/2019\/09\/DSCN4280.jpg\" alt=\"\" width=\"300\" height=\"203\" srcset=\"https:\/\/valasskemezirici.casd.cz\/wp-content\/uploads\/2019\/09\/DSCN4280.jpg 400w, https:\/\/valasskemezirici.casd.cz\/wp-content\/uploads\/2019\/09\/DSCN4280-300x203.jpg 300w\" sizes=\"auto, (max-width: 300px) 100vw, 300px\" \/><\/a> <a href=\"https:\/\/valasskemezirici.casd.cz\/wp-content\/uploads\/2019\/09\/DSCN4279.jpg\"><img loading=\"lazy\" decoding=\"async\" class=\"alignnone wp-image-5064\" src=\"https:\/\/valasskemezirici.casd.cz\/wp-content\/uploads\/2019\/09\/DSCN4279.jpg\" alt=\"\" width=\"303\" height=\"205\" srcset=\"https:\/\/valasskemezirici.casd.cz\/wp-content\/uploads\/2019\/09\/DSCN4279.jpg 400w, https:\/\/valasskemezirici.casd.cz\/wp-content\/uploads\/2019\/09\/DSCN4279-300x203.jpg 300w\" sizes=\"auto, (max-width: 303px) 100vw, 303px\" \/><\/a><\/div>\n<div style=\"text-align: justify;\">Gr\u00e1cie tedy nech\u00e1me plavat a m\u00ed\u0159\u00edme ke Koko\u0159\u00ednu. N\u011bkte\u0159\u00ed Koko\u0159\u00ednsk\u00fdm dolem, jin\u00ed klesaj\u00edc\u00edmi serpentinami s jedn\u00edm minitunelem. Ke vlastn\u00edmu hradu se pak mus\u00ed p\u011bkn\u011b do kopce. Caparti v \u010dele s Ad\u00e9lkou tam v pohod\u011b vyb\u011bhnou, v\u00e1\u017een\u00ed kmeti v\u00e1\u017e\u00ed ka\u017ed\u00fd krok. Na konci u\u017e melou z posledn\u00edho. V\u0161echny ale \u010dek\u00e1 velice mil\u00e9 p\u0159ekvapen\u00ed. Tato kamenn\u00e1 pevnost vyrostla k nebi u\u017e za\u010d\u00e1tkem \u010dtrn\u00e1ct\u00e9ho stolet\u00ed. O sto rok\u016f pozd\u011bji jej poni\u010dili bojovn\u00ed husit\u00e9 a od roku 1544 je u\u017e hrad veden jako pust\u00fd. P\u0159esto o n\u011bj m\u00e1 z\u00e1jem cel\u00e1 \u0159ada mocip\u00e1n\u016f, mezi nimi zn\u00e1m\u00fd Albert z Vald\u0161tejna. Na rozhran\u00ed osmn\u00e1ct\u00e9ho a devaten\u00e1ct\u00e9ho v\u011bku z\u0159\u00edceninu kupuje pra\u017esk\u00fd podnikatel protestantsk\u00e9ho ra\u017een\u00ed jm\u00e9nem V\u00e1clav \u0160pa\u010dek a za\u010d\u00edn\u00e1 s jeho rekonstrukc\u00ed. Po slavn\u00e9m V\u00edt\u011bzn\u00e9m \u00fanoru je v\u0161e komunisty zabaveno a a\u017e roku 2006 po dlouh\u00fdch tahanic\u00edch kone\u010dn\u011b vr\u00e1ceno p\u016fvodn\u00edm majitel\u016fm. P\u0159esto\u017ee je hrad v soukrom\u00fdch rukou, rodina \u0160pa\u010dkov\u00fdch si jej neusurpovala jen pro sebe, ale nab\u00edz\u00ed jeho prostory nej\u0161ir\u0161\u00ed ve\u0159ejnosti.<\/div>\n<div style=\"text-align: justify;\"><a href=\"https:\/\/valasskemezirici.casd.cz\/wp-content\/uploads\/2019\/09\/DSCN4282.jpg\"><img loading=\"lazy\" decoding=\"async\" class=\"alignnone wp-image-5066\" src=\"https:\/\/valasskemezirici.casd.cz\/wp-content\/uploads\/2019\/09\/DSCN4282.jpg\" alt=\"\" width=\"306\" height=\"207\" srcset=\"https:\/\/valasskemezirici.casd.cz\/wp-content\/uploads\/2019\/09\/DSCN4282.jpg 400w, https:\/\/valasskemezirici.casd.cz\/wp-content\/uploads\/2019\/09\/DSCN4282-300x203.jpg 300w\" sizes=\"auto, (max-width: 306px) 100vw, 306px\" \/><\/a><a href=\"https:\/\/valasskemezirici.casd.cz\/wp-content\/uploads\/2019\/09\/DSCN4283.jpg\"><img loading=\"lazy\" decoding=\"async\" class=\"alignnone wp-image-5067\" src=\"https:\/\/valasskemezirici.casd.cz\/wp-content\/uploads\/2019\/09\/DSCN4283.jpg\" alt=\"\" width=\"306\" height=\"207\" srcset=\"https:\/\/valasskemezirici.casd.cz\/wp-content\/uploads\/2019\/09\/DSCN4283.jpg 400w, https:\/\/valasskemezirici.casd.cz\/wp-content\/uploads\/2019\/09\/DSCN4283-300x203.jpg 300w\" sizes=\"auto, (max-width: 306px) 100vw, 306px\" \/><\/a><\/div>\n<div style=\"text-align: justify;\"><a href=\"https:\/\/valasskemezirici.casd.cz\/wp-content\/uploads\/2019\/09\/DSCN4284.jpg\"><img loading=\"lazy\" decoding=\"async\" class=\"alignnone wp-image-5068\" src=\"https:\/\/valasskemezirici.casd.cz\/wp-content\/uploads\/2019\/09\/DSCN4284.jpg\" alt=\"\" width=\"305\" height=\"206\" srcset=\"https:\/\/valasskemezirici.casd.cz\/wp-content\/uploads\/2019\/09\/DSCN4284.jpg 400w, https:\/\/valasskemezirici.casd.cz\/wp-content\/uploads\/2019\/09\/DSCN4284-300x203.jpg 300w\" sizes=\"auto, (max-width: 305px) 100vw, 305px\" \/><\/a><a href=\"https:\/\/valasskemezirici.casd.cz\/wp-content\/uploads\/2019\/09\/DSCN4290.jpg\"><img loading=\"lazy\" decoding=\"async\" class=\"alignnone wp-image-5070\" src=\"https:\/\/valasskemezirici.casd.cz\/wp-content\/uploads\/2019\/09\/DSCN4290.jpg\" alt=\"\" width=\"308\" height=\"208\" srcset=\"https:\/\/valasskemezirici.casd.cz\/wp-content\/uploads\/2019\/09\/DSCN4290.jpg 400w, https:\/\/valasskemezirici.casd.cz\/wp-content\/uploads\/2019\/09\/DSCN4290-300x203.jpg 300w\" sizes=\"auto, (max-width: 308px) 100vw, 308px\" \/><\/a><\/div>\n<div style=\"text-align: justify;\"><a href=\"https:\/\/valasskemezirici.casd.cz\/wp-content\/uploads\/2019\/09\/DSCN4292.jpg\"><img loading=\"lazy\" decoding=\"async\" class=\"alignnone wp-image-5072\" src=\"https:\/\/valasskemezirici.casd.cz\/wp-content\/uploads\/2019\/09\/DSCN4292.jpg\" alt=\"\" width=\"305\" height=\"206\" srcset=\"https:\/\/valasskemezirici.casd.cz\/wp-content\/uploads\/2019\/09\/DSCN4292.jpg 400w, https:\/\/valasskemezirici.casd.cz\/wp-content\/uploads\/2019\/09\/DSCN4292-300x203.jpg 300w\" sizes=\"auto, (max-width: 305px) 100vw, 305px\" \/><\/a> <a href=\"https:\/\/valasskemezirici.casd.cz\/wp-content\/uploads\/2019\/09\/DSCN4293.jpg\"><img loading=\"lazy\" decoding=\"async\" class=\"alignnone wp-image-5073\" src=\"https:\/\/valasskemezirici.casd.cz\/wp-content\/uploads\/2019\/09\/DSCN4293.jpg\" alt=\"\" width=\"307\" height=\"207\" srcset=\"https:\/\/valasskemezirici.casd.cz\/wp-content\/uploads\/2019\/09\/DSCN4293.jpg 400w, https:\/\/valasskemezirici.casd.cz\/wp-content\/uploads\/2019\/09\/DSCN4293-300x203.jpg 300w\" sizes=\"auto, (max-width: 307px) 100vw, 307px\" \/><\/a><\/div>\n<div style=\"text-align: justify;\">Z vd\u011b\u010dnosti tu n\u011bkte\u0159\u00ed n\u00e1v\u0161t\u011bvn\u00edci nech\u00e1vaj\u00ed i \u010d\u00e1st obsahu sv\u00fdch pen\u011b\u017eenek. Ondra pat\u0159\u00ed mezi n\u00e1ramn\u011b vn\u00edmav\u00e9 skauty a tak mu lesk nejr\u016fzn\u011bj\u0161\u00edch minc\u00ed p\u0159\u00edmo u\u010daroval. Nev\u00e1h\u00e1 se proto prot\u00e1hnout a\u017e k bezprost\u0159edn\u00ed bl\u00edzkosti hradn\u00ed studny a uskute\u010dnit n\u011bkolik loveck\u00fdch pokus\u016f. Mo\u017en\u00e1 bude m\u00edt na kope\u010dek zmrzliny, mo\u017en\u00e1 na z\u00edt\u0159ej\u0161\u00ed kosteln\u00ed sb\u00edrku.<\/div>\n<div style=\"text-align: justify;\"><a href=\"https:\/\/valasskemezirici.casd.cz\/wp-content\/uploads\/2019\/09\/DSCN4288.jpg\"><img loading=\"lazy\" decoding=\"async\" class=\"alignnone wp-image-5069\" src=\"https:\/\/valasskemezirici.casd.cz\/wp-content\/uploads\/2019\/09\/DSCN4288.jpg\" alt=\"\" width=\"341\" height=\"230\" srcset=\"https:\/\/valasskemezirici.casd.cz\/wp-content\/uploads\/2019\/09\/DSCN4288.jpg 400w, https:\/\/valasskemezirici.casd.cz\/wp-content\/uploads\/2019\/09\/DSCN4288-300x203.jpg 300w\" sizes=\"auto, (max-width: 341px) 100vw, 341px\" \/><\/a> <a href=\"https:\/\/valasskemezirici.casd.cz\/wp-content\/uploads\/2019\/09\/DSCN4291.jpg\"><img loading=\"lazy\" decoding=\"async\" class=\"alignnone wp-image-5071\" src=\"https:\/\/valasskemezirici.casd.cz\/wp-content\/uploads\/2019\/09\/DSCN4291.jpg\" alt=\"\" width=\"254\" height=\"375\" srcset=\"https:\/\/valasskemezirici.casd.cz\/wp-content\/uploads\/2019\/09\/DSCN4291.jpg 271w, https:\/\/valasskemezirici.casd.cz\/wp-content\/uploads\/2019\/09\/DSCN4291-203x300.jpg 203w\" sizes=\"auto, (max-width: 254px) 100vw, 254px\" \/><\/a><\/div>\n<div style=\"text-align: justify;\">Po p\u016flhodinov\u00e9 komentovan\u00e9 prohl\u00eddce interi\u00e9r\u016f \u0161plh\u00e1me po bezm\u00e1la \u0161edes\u00e1ti schodech na osmat\u0159icet metr\u016f vysokou str\u00e1\u017en\u00ed v\u011b\u017e. Jej\u00ed st\u0159echa je kupodivu z kamene, to aby ji neponi\u010dil p\u0159\u00edpadn\u00fd po\u017e\u00e1r. Z kamene bude pravd\u011bpodobn\u011b i nejstar\u0161\u00ed \u00fa\u010dastn\u00edk na\u0161\u00ed v\u00fdpravy, Pavel druh\u00fd, kter\u00fd, jak u\u017e bylo p\u0159edesl\u00e1no, zdol\u00e1v\u00e1 vyhl\u00eddkovou plo\u0161inu se svou znovunalezenou invalidn\u00ed hol\u00ed. Bu\u010f je to mazan\u00fd simulant, kter\u00fd na n\u00e1s svoji nemohoucnost hraje nebo se jedn\u00e1 o obdivuhodn\u00e9ho borce s \u017eeleznou v\u016fl\u00ed a nepoddajnou dubovou palic\u00ed. Pohledy spatra jsou p\u0159\u00edmo \u00fachvatn\u00e9, ale stejn\u011b tak zaj\u00edmav\u00e9 se jev\u00ed i z\u00e1klady cel\u00e9 stavby. Stoj\u00ed, jak je v Bibli doporu\u010dov\u00e1no, na sk\u00e1le, ale ne na sk\u00e1le ledajak\u00e9. Tehdej\u0161\u00ed borci si museli s \u010dlenit\u00fdm p\u00edskovcov\u00fdm podlo\u017e\u00edm nejprve p\u011bkn\u011b pohr\u00e1t, a a\u017e pot\u00e9 se pustit do vy\u0161\u0161\u00edch a vy\u0161\u0161\u00edch pater.<\/div>\n<div style=\"text-align: justify;\"><a href=\"https:\/\/valasskemezirici.casd.cz\/wp-content\/uploads\/2019\/09\/DSCN4297.jpg\"><img loading=\"lazy\" decoding=\"async\" class=\"alignnone wp-image-5075\" src=\"https:\/\/valasskemezirici.casd.cz\/wp-content\/uploads\/2019\/09\/DSCN4297.jpg\" alt=\"\" width=\"303\" height=\"204\" srcset=\"https:\/\/valasskemezirici.casd.cz\/wp-content\/uploads\/2019\/09\/DSCN4297.jpg 400w, https:\/\/valasskemezirici.casd.cz\/wp-content\/uploads\/2019\/09\/DSCN4297-300x203.jpg 300w\" sizes=\"auto, (max-width: 303px) 100vw, 303px\" \/><\/a><a href=\"https:\/\/valasskemezirici.casd.cz\/wp-content\/uploads\/2019\/09\/DSCN4299.jpg\"><img loading=\"lazy\" decoding=\"async\" class=\"alignnone wp-image-5076\" src=\"https:\/\/valasskemezirici.casd.cz\/wp-content\/uploads\/2019\/09\/DSCN4299.jpg\" alt=\"\" width=\"302\" height=\"204\" srcset=\"https:\/\/valasskemezirici.casd.cz\/wp-content\/uploads\/2019\/09\/DSCN4299.jpg 400w, https:\/\/valasskemezirici.casd.cz\/wp-content\/uploads\/2019\/09\/DSCN4299-300x203.jpg 300w\" sizes=\"auto, (max-width: 302px) 100vw, 302px\" \/><\/a><\/div>\n<div style=\"text-align: justify;\"><a href=\"https:\/\/valasskemezirici.casd.cz\/wp-content\/uploads\/2019\/09\/DSCN4300.jpg\"><img loading=\"lazy\" decoding=\"async\" class=\"alignnone wp-image-5077\" src=\"https:\/\/valasskemezirici.casd.cz\/wp-content\/uploads\/2019\/09\/DSCN4300.jpg\" alt=\"\" width=\"302\" height=\"204\" srcset=\"https:\/\/valasskemezirici.casd.cz\/wp-content\/uploads\/2019\/09\/DSCN4300.jpg 400w, https:\/\/valasskemezirici.casd.cz\/wp-content\/uploads\/2019\/09\/DSCN4300-300x203.jpg 300w\" sizes=\"auto, (max-width: 302px) 100vw, 302px\" \/><\/a><a href=\"https:\/\/valasskemezirici.casd.cz\/wp-content\/uploads\/2019\/09\/DSCN4304.jpg\"><img loading=\"lazy\" decoding=\"async\" class=\"alignnone wp-image-5078\" src=\"https:\/\/valasskemezirici.casd.cz\/wp-content\/uploads\/2019\/09\/DSCN4304.jpg\" alt=\"\" width=\"300\" height=\"202\" srcset=\"https:\/\/valasskemezirici.casd.cz\/wp-content\/uploads\/2019\/09\/DSCN4304.jpg 400w, https:\/\/valasskemezirici.casd.cz\/wp-content\/uploads\/2019\/09\/DSCN4304-300x203.jpg 300w\" sizes=\"auto, (max-width: 300px) 100vw, 300px\" \/><\/a><\/div>\n<div style=\"text-align: justify;\"><a href=\"https:\/\/valasskemezirici.casd.cz\/wp-content\/uploads\/2019\/09\/DSCN4305.jpg\"><img loading=\"lazy\" decoding=\"async\" class=\"alignnone wp-image-5079\" src=\"https:\/\/valasskemezirici.casd.cz\/wp-content\/uploads\/2019\/09\/DSCN4305.jpg\" alt=\"\" width=\"300\" height=\"202\" srcset=\"https:\/\/valasskemezirici.casd.cz\/wp-content\/uploads\/2019\/09\/DSCN4305.jpg 400w, https:\/\/valasskemezirici.casd.cz\/wp-content\/uploads\/2019\/09\/DSCN4305-300x203.jpg 300w\" sizes=\"auto, (max-width: 300px) 100vw, 300px\" \/><\/a> <a href=\"https:\/\/valasskemezirici.casd.cz\/wp-content\/uploads\/2019\/09\/DSCN4307.jpg\"><img loading=\"lazy\" decoding=\"async\" class=\"alignnone wp-image-5080\" src=\"https:\/\/valasskemezirici.casd.cz\/wp-content\/uploads\/2019\/09\/DSCN4307.jpg\" alt=\"\" width=\"301\" height=\"203\" srcset=\"https:\/\/valasskemezirici.casd.cz\/wp-content\/uploads\/2019\/09\/DSCN4307.jpg 400w, https:\/\/valasskemezirici.casd.cz\/wp-content\/uploads\/2019\/09\/DSCN4307-300x203.jpg 300w\" sizes=\"auto, (max-width: 301px) 100vw, 301px\" \/><\/a><\/div>\n<div style=\"text-align: justify;\">Cel\u00e9 Koko\u0159\u00ednsko je pro\u0161pikov\u00e1no n\u00e1dhern\u00fdmi skaln\u00edmi m\u011bsty. Jsou zpravidla zamaskov\u00e1ny hlubok\u00fdmi, p\u0159ev\u00e1\u017en\u011b listnat\u00fdmi lesy a vynikaj\u00ed p\u0159edev\u0161\u00edm \u010dlenit\u00fdmi vo\u0161tinov\u00fdmi st\u011bnami s bezpo\u010dtem r\u016fzn\u011b velik\u00fdch d\u011br a kamenn\u00fdch otvor\u016f. Miniaturn\u00ed uk\u00e1zku nab\u00edz\u00ed i bezprost\u0159edn\u00ed okol\u00ed hradu. Ur\u010dit\u011b by to tady st\u00e1lo za po\u0159\u00e1dn\u00fd vandr s n\u011bkolikan\u00e1sobn\u00fdm p\u0159enocov\u00e1n\u00edm pod \u0161ir\u00e1kem, p\u0159\u00edpadn\u011b pod n\u011bjak\u00fdm za\u0161it\u00fdm romantick\u00fdm p\u0159evisem.<\/div>\n<div style=\"text-align: justify;\"><a href=\"https:\/\/valasskemezirici.casd.cz\/wp-content\/uploads\/2019\/09\/DSCN4308.jpg\"><img loading=\"lazy\" decoding=\"async\" class=\"alignnone wp-image-5081\" src=\"https:\/\/valasskemezirici.casd.cz\/wp-content\/uploads\/2019\/09\/DSCN4308.jpg\" alt=\"\" width=\"303\" height=\"204\" srcset=\"https:\/\/valasskemezirici.casd.cz\/wp-content\/uploads\/2019\/09\/DSCN4308.jpg 400w, https:\/\/valasskemezirici.casd.cz\/wp-content\/uploads\/2019\/09\/DSCN4308-300x203.jpg 300w\" sizes=\"auto, (max-width: 303px) 100vw, 303px\" \/><\/a> <a href=\"https:\/\/valasskemezirici.casd.cz\/wp-content\/uploads\/2019\/09\/DSCN4309.jpg\"><img loading=\"lazy\" decoding=\"async\" class=\"alignnone wp-image-5082\" src=\"https:\/\/valasskemezirici.casd.cz\/wp-content\/uploads\/2019\/09\/DSCN4309.jpg\" alt=\"\" width=\"303\" height=\"204\" srcset=\"https:\/\/valasskemezirici.casd.cz\/wp-content\/uploads\/2019\/09\/DSCN4309.jpg 400w, https:\/\/valasskemezirici.casd.cz\/wp-content\/uploads\/2019\/09\/DSCN4309-300x203.jpg 300w\" sizes=\"auto, (max-width: 303px) 100vw, 303px\" \/><\/a><\/div>\n<div style=\"text-align: justify;\"><a href=\"https:\/\/valasskemezirici.casd.cz\/wp-content\/uploads\/2019\/09\/DSCN4311.jpg\"><img loading=\"lazy\" decoding=\"async\" class=\"alignnone wp-image-5083\" src=\"https:\/\/valasskemezirici.casd.cz\/wp-content\/uploads\/2019\/09\/DSCN4311.jpg\" alt=\"\" width=\"613\" height=\"414\" srcset=\"https:\/\/valasskemezirici.casd.cz\/wp-content\/uploads\/2019\/09\/DSCN4311.jpg 400w, https:\/\/valasskemezirici.casd.cz\/wp-content\/uploads\/2019\/09\/DSCN4311-300x203.jpg 300w\" sizes=\"auto, (max-width: 613px) 100vw, 613px\" \/><\/a><\/div>\n<div style=\"text-align: justify;\">U doln\u00edho parkovi\u0161t\u011b se v\u0161ak jedn\u00e1 o \u00fapln\u011b jin\u00e9 kafe. Zast\u00e1nci v\u0161emocn\u00e9 evoluce zde maj\u00ed z\u00e1\u0159n\u00fd p\u0159\u00edklad toho, jak tato v\u0161eobecn\u011b uct\u00edvan\u00e1 bohyn\u011b funguje. Je\u0161t\u011b p\u0159ed l\u00e9ty tu st\u00e1la par\u00e1dn\u00ed staven\u00ed. Evolu\u010dn\u00ed proces ji v\u0161ak posunul do podoby, kterou nab\u00edz\u00ed dnes. Celkov\u00fd dojem na\u0161t\u011bst\u00ed zachra\u0148uj\u00ed prokl\u00ednaj\u00ed spreje\u0159i. Jak uv\u00e1d\u011bj\u00ed ve sv\u00e9m sd\u011blen\u00ed, pokud jsou tady, je se aspo\u0148 na n\u011bco jak\u017e tak\u017e d\u00edvat. Komu z\u0159\u00edceniny aktu\u00e1ln\u011b pat\u0159\u00ed, nen\u00ed zn\u00e1mo. \u0160pa\u010dkovi to bezpochyby nebudou.<\/div>\n<div style=\"text-align: justify;\"><a href=\"https:\/\/valasskemezirici.casd.cz\/wp-content\/uploads\/2019\/09\/DSCN4316.jpg\"><img loading=\"lazy\" decoding=\"async\" class=\"alignnone wp-image-5084\" src=\"https:\/\/valasskemezirici.casd.cz\/wp-content\/uploads\/2019\/09\/DSCN4316.jpg\" alt=\"\" width=\"302\" height=\"204\" srcset=\"https:\/\/valasskemezirici.casd.cz\/wp-content\/uploads\/2019\/09\/DSCN4316.jpg 400w, https:\/\/valasskemezirici.casd.cz\/wp-content\/uploads\/2019\/09\/DSCN4316-300x203.jpg 300w\" sizes=\"auto, (max-width: 302px) 100vw, 302px\" \/><\/a> <a href=\"https:\/\/valasskemezirici.casd.cz\/wp-content\/uploads\/2019\/09\/DSCN4317.jpg\"><img loading=\"lazy\" decoding=\"async\" class=\"alignnone wp-image-5085\" src=\"https:\/\/valasskemezirici.casd.cz\/wp-content\/uploads\/2019\/09\/DSCN4317.jpg\" alt=\"\" width=\"304\" height=\"205\" srcset=\"https:\/\/valasskemezirici.casd.cz\/wp-content\/uploads\/2019\/09\/DSCN4317.jpg 400w, https:\/\/valasskemezirici.casd.cz\/wp-content\/uploads\/2019\/09\/DSCN4317-300x203.jpg 300w\" sizes=\"auto, (max-width: 304px) 100vw, 304px\" \/><\/a><\/div>\n<div style=\"text-align: justify;\"><a href=\"https:\/\/valasskemezirici.casd.cz\/wp-content\/uploads\/2019\/09\/DSCN4318.jpg\"><img loading=\"lazy\" decoding=\"async\" class=\"alignnone wp-image-5086\" src=\"https:\/\/valasskemezirici.casd.cz\/wp-content\/uploads\/2019\/09\/DSCN4318.jpg\" alt=\"\" width=\"609\" height=\"412\" srcset=\"https:\/\/valasskemezirici.casd.cz\/wp-content\/uploads\/2019\/09\/DSCN4318.jpg 400w, https:\/\/valasskemezirici.casd.cz\/wp-content\/uploads\/2019\/09\/DSCN4318-300x203.jpg 300w\" sizes=\"auto, (max-width: 609px) 100vw, 609px\" \/><\/a><\/div>\n<div style=\"text-align: justify;\">Vrac\u00edme se do kempu. Je na \u010dase ukuchtit n\u011bjakou ve\u010de\u0159i. V\u010dera byla pol\u00e9vka z vy\u017eebran\u00fdch brambor, dneska se omez\u00edm na po\u017eivateln\u00e9 ostatky z p\u0159\u00edru\u010dn\u00ed igelitky. V e\u0161usu postupn\u011b miz\u00ed vlo\u010dky, pohanka a cibule. Fin\u00e1lovou chu\u0165 nakonec zavr\u0161\u00ed \u0161petka soli, l\u017ei\u010dka oleje a \u010dundr\u00e1ck\u00fd glutam\u00e1n v podob\u011b hrsti lah\u016fdkov\u00e9ho dro\u017ed\u00ed. Samoz\u0159ejm\u011b i nezbytn\u00e1 d\u00e1vka \u010derstv\u011b oloupan\u00e9ho \u010desneku. \u010cajov\u00e1 sm\u011bs bude op\u011bt origin\u00e1ln\u00ed. Ve va\u0159\u00edc\u00ed vod\u011b se ocitaj\u00ed modrofialov\u00e9 plody bezinek a zelen\u00e9 listy jitrocele. Na Vala\u0161sku se mu \u0159\u00edk\u00e1valo ps\u00ed jaz\u00fd\u010dek, co\u017e op\u011bt evokuje my\u0161lenku na p\u0159edchoz\u00ed n\u00e1v\u0161t\u011bvu certifikovan\u00e9ho hl\u00edda\u010de na\u0161\u00ed Iwanu\u0161ky Petrowny. I tentokr\u00e1t je v\u0161e v\u00fd\u0161e zm\u00edn\u011bn\u00e9 do detailu zlikvidov\u00e1no s pomoc\u00ed v\u011bhlasn\u00e9ho akademika, a jak bl\u00edzk\u00e1 budoucnost uk\u00e1\u017ee, bez negativn\u00edch n\u00e1sledk\u016f na zdrav\u00ed i na \u017eivotech.<\/div>\n<div style=\"text-align: justify;\"><a href=\"https:\/\/valasskemezirici.casd.cz\/wp-content\/uploads\/2019\/09\/DSCN4321.jpg\"><img loading=\"lazy\" decoding=\"async\" class=\"alignnone wp-image-5087\" src=\"https:\/\/valasskemezirici.casd.cz\/wp-content\/uploads\/2019\/09\/DSCN4321.jpg\" alt=\"\" width=\"601\" height=\"406\" srcset=\"https:\/\/valasskemezirici.casd.cz\/wp-content\/uploads\/2019\/09\/DSCN4321.jpg 400w, https:\/\/valasskemezirici.casd.cz\/wp-content\/uploads\/2019\/09\/DSCN4321-300x203.jpg 300w\" sizes=\"auto, (max-width: 601px) 100vw, 601px\" \/><\/a><\/div>\n<div style=\"text-align: justify;\">Na po\u0159adu dne je dlouho ohla\u0161ovan\u00e9 p\u0159ekvapen\u00ed. Jeho odtajn\u011bn\u00ed za\u010d\u00edn\u00e1 zn\u00e1mou zn\u011blkou v pod\u00e1n\u00ed \u0161pan\u011blsk\u00e9 kytary a vala\u0161sk\u00e9ho d\u00edv\u010d\u00edho dua, stejn\u011b jako l\u00e1kav\u011b vyhl\u00ed\u017eej\u00edc\u00edmi kulin\u00e1\u0159sk\u00fdmi v\u00fdtvory kruhovit\u00e9ho tvaru, kter\u00e9 zdob\u00ed slavnostn\u011b prost\u0159en\u00fd st\u016fl. Narozeniny neslav\u00ed nikdo slavn\u011bj\u0161\u00ed ne\u017e na\u0161e milovan\u00e1 Mamine\u010dka p\u0159edstaven\u00e1. Gratulace, obj\u00edm\u00e1n\u00ed a p\u0159edev\u0161\u00edm konzumov\u00e1n\u00ed obsahu slavnostn\u00ed tabule neberou konce. Cht\u011blo by to v\u0161ak je\u0161t\u011b n\u011bjak\u00e9 po\u0159\u00e1dn\u00e9 hobla, ale p\u0159i p\u0159edstav\u011b, \u017ee by obsahovalo v\u00edce ne\u017e p\u011btadvacet poctiv\u00fdch zdvih\u016f se i nejstatn\u011bj\u0161\u00edm p\u0159\u00edtomn\u00fdm borc\u016fm do takov\u00e9ho podniku ani trochu nechce. Riziko, \u017ee by p\u0159i akci oslavenkyn\u011b n\u011bjakou n\u00e1hodou upadla na zem \u010di p\u0159\u00edmo do k\u00f3matu je p\u0159\u00edli\u0161 velk\u00e1, stejn\u011b jako pravd\u011bpodobnost trval\u00e9 invalidity p\u0159\u00edm\u00fdch akt\u00e9r\u016f ve\u0159ejn\u00e9ho pozdvihov\u00e1n\u00ed.<\/div>\n<div style=\"text-align: justify;\"><a href=\"https:\/\/valasskemezirici.casd.cz\/wp-content\/uploads\/2019\/09\/DSCN4326.jpg\"><img loading=\"lazy\" decoding=\"async\" class=\"alignnone wp-image-5091\" src=\"https:\/\/valasskemezirici.casd.cz\/wp-content\/uploads\/2019\/09\/DSCN4326.jpg\" alt=\"\" width=\"305\" height=\"206\" srcset=\"https:\/\/valasskemezirici.casd.cz\/wp-content\/uploads\/2019\/09\/DSCN4326.jpg 400w, https:\/\/valasskemezirici.casd.cz\/wp-content\/uploads\/2019\/09\/DSCN4326-300x203.jpg 300w\" sizes=\"auto, (max-width: 305px) 100vw, 305px\" \/><\/a><a href=\"https:\/\/valasskemezirici.casd.cz\/wp-content\/uploads\/2019\/09\/DSCN4331.jpg\"><img loading=\"lazy\" decoding=\"async\" class=\"alignnone wp-image-5095\" src=\"https:\/\/valasskemezirici.casd.cz\/wp-content\/uploads\/2019\/09\/DSCN4331.jpg\" alt=\"\" width=\"308\" height=\"208\" srcset=\"https:\/\/valasskemezirici.casd.cz\/wp-content\/uploads\/2019\/09\/DSCN4331.jpg 400w, https:\/\/valasskemezirici.casd.cz\/wp-content\/uploads\/2019\/09\/DSCN4331-300x203.jpg 300w\" sizes=\"auto, (max-width: 308px) 100vw, 308px\" \/><\/a><\/div>\n<div style=\"text-align: justify;\"><a href=\"https:\/\/valasskemezirici.casd.cz\/wp-content\/uploads\/2019\/09\/DSCN4327.jpg\"><img loading=\"lazy\" decoding=\"async\" class=\"alignnone wp-image-5092\" src=\"https:\/\/valasskemezirici.casd.cz\/wp-content\/uploads\/2019\/09\/DSCN4327.jpg\" alt=\"\" width=\"304\" height=\"205\" srcset=\"https:\/\/valasskemezirici.casd.cz\/wp-content\/uploads\/2019\/09\/DSCN4327.jpg 400w, https:\/\/valasskemezirici.casd.cz\/wp-content\/uploads\/2019\/09\/DSCN4327-300x203.jpg 300w\" sizes=\"auto, (max-width: 304px) 100vw, 304px\" \/><\/a> <a href=\"https:\/\/valasskemezirici.casd.cz\/wp-content\/uploads\/2019\/09\/DSCN4332.jpg\"><img loading=\"lazy\" decoding=\"async\" class=\"alignnone wp-image-5096\" src=\"https:\/\/valasskemezirici.casd.cz\/wp-content\/uploads\/2019\/09\/DSCN4332.jpg\" alt=\"\" width=\"304\" height=\"205\" srcset=\"https:\/\/valasskemezirici.casd.cz\/wp-content\/uploads\/2019\/09\/DSCN4332.jpg 400w, https:\/\/valasskemezirici.casd.cz\/wp-content\/uploads\/2019\/09\/DSCN4332-300x203.jpg 300w\" sizes=\"auto, (max-width: 304px) 100vw, 304px\" \/><\/a><\/div>\n<div style=\"text-align: justify;\">Rozja\u0159en\u00e9 st\u00e1do se pot\u00e9 rozch\u00e1z\u00ed do sv\u00fdch p\u0159id\u011blen\u00fdch doupat. P\u00e1nsk\u00fd kvartet zal\u00e9z\u00e1 do rozestlan\u00fdch pelech\u016f a p\u00e1te\u010dn\u00ed ve\u010der si u\u017e\u00edv\u00e1 podle sv\u00fdch zvyklost\u00ed \u010di p\u0159edstav. Pavel prvn\u00ed hled\u00ed do po\u010d\u00edta\u010de, zat\u00edmco ch\u00e1raktern\u00ed Petr po\u010d\u00edt\u00e1 ove\u010dky. Daleko nej\u010dilej\u0161\u00edm \u010dlenem chaty \u010d\u00edslo jedna je osmi k\u0159\u00ed\u017eky pron\u00e1sledovan\u00fd Pavel druh\u00fd. Trp\u011bliv\u011b naslouchaj\u00edc\u00edmu Jind\u0159ichov\u011b barvit\u011b p\u0159edstavuje sv\u00e9 uskute\u010dn\u011bn\u00e9 dobr\u00e9 skutky, kter\u00e9 v\u0161ak byly ve v\u011bt\u0161in\u011b p\u0159\u00edpad\u016f po z\u00e1sluze potrest\u00e1ny.<\/div>\n<div style=\"text-align: justify;\"><a href=\"https:\/\/valasskemezirici.casd.cz\/wp-content\/uploads\/2019\/09\/DSCN4335.jpg\"><img loading=\"lazy\" decoding=\"async\" class=\"alignnone wp-image-5098\" src=\"https:\/\/valasskemezirici.casd.cz\/wp-content\/uploads\/2019\/09\/DSCN4335.jpg\" alt=\"\" width=\"305\" height=\"206\" srcset=\"https:\/\/valasskemezirici.casd.cz\/wp-content\/uploads\/2019\/09\/DSCN4335.jpg 400w, https:\/\/valasskemezirici.casd.cz\/wp-content\/uploads\/2019\/09\/DSCN4335-300x203.jpg 300w\" sizes=\"auto, (max-width: 305px) 100vw, 305px\" \/><\/a> <a href=\"https:\/\/valasskemezirici.casd.cz\/wp-content\/uploads\/2019\/09\/DSCN4336.jpg\"><img loading=\"lazy\" decoding=\"async\" class=\"alignnone wp-image-5099\" src=\"https:\/\/valasskemezirici.casd.cz\/wp-content\/uploads\/2019\/09\/DSCN4336.jpg\" alt=\"\" width=\"307\" height=\"207\" srcset=\"https:\/\/valasskemezirici.casd.cz\/wp-content\/uploads\/2019\/09\/DSCN4336.jpg 400w, https:\/\/valasskemezirici.casd.cz\/wp-content\/uploads\/2019\/09\/DSCN4336-300x203.jpg 300w\" sizes=\"auto, (max-width: 307px) 100vw, 307px\" \/><\/a><\/div>\n<div style=\"text-align: justify;\">P\u0159\u00ed\u0161t\u00ed r\u00e1no je ve znamen\u00ed \u010dty\u0159icetikilometrov\u00e9ho odsunu k n\u011bmeck\u00fdm hranic\u00edm. Litom\u011b\u0159ice, kter\u00e9 dodnes nezap\u0159ou germ\u00e1nsk\u00e9 stopy, n\u00e1s v\u00edtaj\u00ed sluncem, modrou oblohou a tot\u00e1ln\u011b ucpan\u00fdmi ulicemi m\u011bstsk\u00e9ho centra. Postupn\u011b sv\u00fdmi p\u0159ibli\u017eovadly zapln\u00edme ve\u0161ker\u00e9 voln\u00e9 skuliny a p\u0159esouv\u00e1me se na uzounkou M\u00e1chovu ulici. V p\u0159\u00edm\u00e9m sousedstv\u00ed arcibiskupsk\u00fdch nemovitost\u00ed se tu kr\u010d\u00ed modlitebna m\u00edstn\u00edch adventist\u016f. Ti jsou ve sv\u011bt\u011b zn\u00e1m\u00ed p\u0159edev\u0161\u00edm sv\u00fdmi bizarn\u011b vyhl\u00ed\u017eej\u00edc\u00edmi specifiky, mezi nimi\u017e v\u00fdrazn\u011b vy\u010dn\u00edv\u00e1 prad\u00e1vno zn\u00e1m\u00fd oby\u010dej sobotn\u00edho odpo\u010dinku. A proto\u017ee je dnes pr\u00e1v\u011b onen zmi\u0148ovan\u00fd den, architektonicky zaj\u00edmav\u00e1 budova je v m\u00edrn\u00e9m oble\u017een\u00ed. Vstupujeme dovnit\u0159 a \u00fa\u010dastn\u00edme se dopoledn\u00ed pobo\u017enosti. Zat\u00edmco v\u011bt\u0161ina z n\u00e1s p\u0159\u00edv\u011btiv\u011b relaxuje v pohodln\u00fdch lavic\u00edch, n\u00e1\u0161 b\u00fdval\u00fd pastor m\u00e1 pracovn\u00ed \u0161ichtu. M\u00edstn\u00edm sourozenc\u016fm toti\u017e slou\u017e\u00ed reprodukc\u00ed Dobr\u00e9 zpr\u00e1vy, chcete-li, k\u00e1z\u00e1n\u00edm. T\u00e9 ov\u0161em p\u0159edch\u00e1z\u00ed moderovan\u00e1 diskuze na p\u0159edem dan\u00e9 t\u00e9ma, nazvan\u00e9 Sobotn\u00ed \u0161kola, spole\u010dn\u00e9 zp\u00edv\u00e1n\u00ed a jak napov\u00edd\u00e1 n\u00e1zev budovy, tak\u00e9 modlitby k V\u0161emohouc\u00edmu. To v\u0161echno v duchu \u00fast\u0159edn\u00edho motta, odkazuj\u00edc\u00edho na Krista, zdroje a smyslu skute\u010dn\u00e9ho \u017eivota. V\u0161\u00edm\u00e1m si tak\u00e9 n\u00e1pisu na jedn\u00e9 z v\u00fdv\u011bsek ur\u010den\u00fdch k informov\u00e1n\u00ed ve\u0159ejnosti. Litom\u011b\u0159i\u010dt\u00ed adventist\u00e9 se na n\u011bm p\u0159edstavuj\u00ed stylov\u011b: \u201eM\u00e9n\u011b n\u00e1bo\u017eenstv\u00ed, v\u00edce p\u0159\u00e1telstv\u00ed\u201c.<\/div>\n<div style=\"text-align: justify;\">&nbsp;<\/div>\n<div style=\"text-align: justify;\"><a href=\"https:\/\/valasskemezirici.casd.cz\/wp-content\/uploads\/2019\/09\/DSCN4343.jpg\"><img loading=\"lazy\" decoding=\"async\" class=\"alignnone wp-image-5104\" src=\"https:\/\/valasskemezirici.casd.cz\/wp-content\/uploads\/2019\/09\/DSCN4343.jpg\" alt=\"\" width=\"307\" height=\"208\" srcset=\"https:\/\/valasskemezirici.casd.cz\/wp-content\/uploads\/2019\/09\/DSCN4343.jpg 400w, https:\/\/valasskemezirici.casd.cz\/wp-content\/uploads\/2019\/09\/DSCN4343-300x203.jpg 300w\" sizes=\"auto, (max-width: 307px) 100vw, 307px\" \/><\/a><a href=\"https:\/\/valasskemezirici.casd.cz\/wp-content\/uploads\/2019\/09\/DSCN4345.jpg\"><img loading=\"lazy\" decoding=\"async\" class=\"alignnone wp-image-5105\" src=\"https:\/\/valasskemezirici.casd.cz\/wp-content\/uploads\/2019\/09\/DSCN4345.jpg\" alt=\"\" width=\"309\" height=\"209\" srcset=\"https:\/\/valasskemezirici.casd.cz\/wp-content\/uploads\/2019\/09\/DSCN4345.jpg 400w, https:\/\/valasskemezirici.casd.cz\/wp-content\/uploads\/2019\/09\/DSCN4345-300x203.jpg 300w\" sizes=\"auto, (max-width: 309px) 100vw, 309px\" \/><\/a><\/div>\n<div style=\"text-align: justify;\"><a href=\"https:\/\/valasskemezirici.casd.cz\/wp-content\/uploads\/2019\/09\/DSCN4348.jpg\"><img loading=\"lazy\" decoding=\"async\" class=\"alignnone wp-image-5107\" src=\"https:\/\/valasskemezirici.casd.cz\/wp-content\/uploads\/2019\/09\/DSCN4348.jpg\" alt=\"\" width=\"307\" height=\"207\" srcset=\"https:\/\/valasskemezirici.casd.cz\/wp-content\/uploads\/2019\/09\/DSCN4348.jpg 400w, https:\/\/valasskemezirici.casd.cz\/wp-content\/uploads\/2019\/09\/DSCN4348-300x203.jpg 300w\" sizes=\"auto, (max-width: 307px) 100vw, 307px\" \/><\/a> <a href=\"https:\/\/valasskemezirici.casd.cz\/wp-content\/uploads\/2019\/09\/DSCN4347.jpg\"><img loading=\"lazy\" decoding=\"async\" class=\"alignnone wp-image-5106\" src=\"https:\/\/valasskemezirici.casd.cz\/wp-content\/uploads\/2019\/09\/DSCN4347.jpg\" alt=\"\" width=\"307\" height=\"207\" srcset=\"https:\/\/valasskemezirici.casd.cz\/wp-content\/uploads\/2019\/09\/DSCN4347.jpg 400w, https:\/\/valasskemezirici.casd.cz\/wp-content\/uploads\/2019\/09\/DSCN4347-300x203.jpg 300w\" sizes=\"auto, (max-width: 307px) 100vw, 307px\" \/><\/a><\/div>\n<div style=\"text-align: justify;\"><a href=\"https:\/\/valasskemezirici.casd.cz\/wp-content\/uploads\/2019\/09\/DSCN4340.jpg\"><img loading=\"lazy\" decoding=\"async\" class=\"alignnone wp-image-5102\" src=\"https:\/\/valasskemezirici.casd.cz\/wp-content\/uploads\/2019\/09\/DSCN4340.jpg\" alt=\"\" width=\"616\" height=\"416\" srcset=\"https:\/\/valasskemezirici.casd.cz\/wp-content\/uploads\/2019\/09\/DSCN4340.jpg 400w, https:\/\/valasskemezirici.casd.cz\/wp-content\/uploads\/2019\/09\/DSCN4340-300x203.jpg 300w\" sizes=\"auto, (max-width: 616px) 100vw, 616px\" \/><\/a><\/div>\n<div style=\"text-align: justify;\">Pravdivost uveden\u00e9ho hesla si ov\u011b\u0159ujeme hned po skon\u010den\u00ed ofici\u00e1ln\u00edho programu. V\u00e1\u017en\u011b se tv\u00e1\u0159\u00edc\u00ed sestry se p\u0159evt\u011bluj\u00ed v \u010dipern\u00e9 serv\u00edrky a b\u011bhem chv\u00edle zapln\u00ed dlouh\u00fd st\u016fl nejr\u016fzn\u011bj\u0161\u00edmi dobrotami. Pestr\u00e9 menu nav\u00edc jist\u00ed hned \u010dty\u0159mi druhy v\u00fdte\u010dn\u00fdch pol\u00e9vek, po kter\u00fdch se co nevid\u011bt jenom zapr\u00e1\u0161\u00ed. Pokud se mi na tomto c\u00edrkevn\u00edm spole\u010denstv\u00ed, kter\u00e9 samoz\u0159ejm\u011b opl\u00fdv\u00e1 spoustou nejr\u016fzn\u011bj\u0161\u00edch neduh\u016f n\u011bco l\u00edb\u00ed, pak je to p\u0159edev\u0161\u00edm n\u011bco jako rodinn\u00e1 atmosf\u00e9ra. A\u0165 u\u017e p\u0159ijdete na sever \u010cech, do Rumunska nebo do vzd\u00e1len\u00e9ho Ul\u00e1nb\u00e1taru, c\u00edt\u00edte se tu jako doma. A litom\u011b\u0159ick\u00e9 nav\u00edc \u0161lecht\u00ed jedna velice z\u00e1sadn\u00ed v\u011bc. Vztahy k ostatn\u00edm k\u0159es\u0165an\u016fm, v\u011bt\u0161inov\u00e9 katol\u00edky nevyj\u00edmaje. Podle sd\u011blen\u00ed m\u00edstn\u00edch jim sousedn\u00ed Arcibiskupstv\u00ed pronajalo m\u00edcha\u010dku na celou dobu stavby modlitebny a \u0159\u00e1dov\u00e9 sest\u0159i\u010dky nejednou obdarovaly shrom\u00e1\u017ed\u011bn\u00e9 adventisty \u010derstv\u00fdmi meru\u0148kami z farn\u00ed zahrady.<\/div>\n<div style=\"text-align: justify;\"><a href=\"https:\/\/valasskemezirici.casd.cz\/wp-content\/uploads\/2019\/09\/DSCN4349.jpg\"><img loading=\"lazy\" decoding=\"async\" class=\"alignnone wp-image-5108\" src=\"https:\/\/valasskemezirici.casd.cz\/wp-content\/uploads\/2019\/09\/DSCN4349.jpg\" alt=\"\" width=\"301\" height=\"203\" srcset=\"https:\/\/valasskemezirici.casd.cz\/wp-content\/uploads\/2019\/09\/DSCN4349.jpg 400w, https:\/\/valasskemezirici.casd.cz\/wp-content\/uploads\/2019\/09\/DSCN4349-300x203.jpg 300w\" sizes=\"auto, (max-width: 301px) 100vw, 301px\" \/><\/a><a href=\"https:\/\/valasskemezirici.casd.cz\/wp-content\/uploads\/2019\/09\/DSCN4353.jpg\"><img loading=\"lazy\" decoding=\"async\" class=\"alignnone wp-image-5111\" src=\"https:\/\/valasskemezirici.casd.cz\/wp-content\/uploads\/2019\/09\/DSCN4353.jpg\" alt=\"\" width=\"306\" height=\"206\" srcset=\"https:\/\/valasskemezirici.casd.cz\/wp-content\/uploads\/2019\/09\/DSCN4353.jpg 400w, https:\/\/valasskemezirici.casd.cz\/wp-content\/uploads\/2019\/09\/DSCN4353-300x203.jpg 300w\" sizes=\"auto, (max-width: 306px) 100vw, 306px\" \/><\/a><\/div>\n<div style=\"text-align: justify;\"><a href=\"https:\/\/valasskemezirici.casd.cz\/wp-content\/uploads\/2019\/09\/DSCN4354.jpg\"><img loading=\"lazy\" decoding=\"async\" class=\"alignnone wp-image-5112\" src=\"https:\/\/valasskemezirici.casd.cz\/wp-content\/uploads\/2019\/09\/DSCN4354.jpg\" alt=\"\" width=\"331\" height=\"224\" srcset=\"https:\/\/valasskemezirici.casd.cz\/wp-content\/uploads\/2019\/09\/DSCN4354.jpg 400w, https:\/\/valasskemezirici.casd.cz\/wp-content\/uploads\/2019\/09\/DSCN4354-300x203.jpg 300w\" sizes=\"auto, (max-width: 331px) 100vw, 331px\" \/><\/a> <a href=\"https:\/\/valasskemezirici.casd.cz\/wp-content\/uploads\/2019\/09\/DSCN4355.jpg\"><img loading=\"lazy\" decoding=\"async\" class=\"alignnone size-full wp-image-5113\" src=\"https:\/\/valasskemezirici.casd.cz\/wp-content\/uploads\/2019\/09\/DSCN4355.jpg\" alt=\"\" width=\"272\" height=\"400\" srcset=\"https:\/\/valasskemezirici.casd.cz\/wp-content\/uploads\/2019\/09\/DSCN4355.jpg 272w, https:\/\/valasskemezirici.casd.cz\/wp-content\/uploads\/2019\/09\/DSCN4355-204x300.jpg 204w\" sizes=\"auto, (max-width: 272px) 100vw, 272px\" \/><\/a><\/div>\n<div style=\"text-align: justify;\"><a href=\"https:\/\/valasskemezirici.casd.cz\/wp-content\/uploads\/2019\/09\/DSCN4397.jpg\"><img loading=\"lazy\" decoding=\"async\" class=\"alignnone wp-image-5133\" src=\"https:\/\/valasskemezirici.casd.cz\/wp-content\/uploads\/2019\/09\/DSCN4397.jpg\" alt=\"\" width=\"606\" height=\"409\" srcset=\"https:\/\/valasskemezirici.casd.cz\/wp-content\/uploads\/2019\/09\/DSCN4397.jpg 400w, https:\/\/valasskemezirici.casd.cz\/wp-content\/uploads\/2019\/09\/DSCN4397-300x203.jpg 300w\" sizes=\"auto, (max-width: 606px) 100vw, 606px\" \/><\/a><\/div>\n<div style=\"text-align: justify;\">Z nev\u0161edn\u00edm v\u00fdhledem na historick\u00e9 panor\u00e1ma si p\u0159\u00edmo vedle sboru ordinujeme poledn\u00ed sobotn\u00ed odpo\u010dinek. N\u011bkte\u0159\u00ed vestoje, jin\u00ed vsed\u011b a nejv\u011bt\u0161\u00ed propag\u00e1tor izraelsk\u00fdch zvyklost\u00ed dotahuje \u0161\u00e1bes k \u017eidovsk\u00e9 dokonalosti. Ukl\u00e1d\u00e1 t\u011blo do horizont\u00e1ln\u00ed polohy a dop\u0159\u00e1v\u00e1 si p\u00e1r minutek sp\u00e1nku spravedliv\u00fdch.<\/div>\n<div style=\"text-align: justify;\"><a href=\"https:\/\/valasskemezirici.casd.cz\/wp-content\/uploads\/2019\/09\/DSCN4349.jpg\"><img loading=\"lazy\" decoding=\"async\" class=\"alignnone wp-image-5108\" src=\"https:\/\/valasskemezirici.casd.cz\/wp-content\/uploads\/2019\/09\/DSCN4349.jpg\" alt=\"\" width=\"304\" height=\"205\" srcset=\"https:\/\/valasskemezirici.casd.cz\/wp-content\/uploads\/2019\/09\/DSCN4349.jpg 400w, https:\/\/valasskemezirici.casd.cz\/wp-content\/uploads\/2019\/09\/DSCN4349-300x203.jpg 300w\" sizes=\"auto, (max-width: 304px) 100vw, 304px\" \/><\/a><a href=\"https:\/\/valasskemezirici.casd.cz\/wp-content\/uploads\/2019\/09\/DSCN4351.jpg\"><img loading=\"lazy\" decoding=\"async\" class=\"alignnone wp-image-5110\" src=\"https:\/\/valasskemezirici.casd.cz\/wp-content\/uploads\/2019\/09\/DSCN4351.jpg\" alt=\"\" width=\"301\" height=\"204\" srcset=\"https:\/\/valasskemezirici.casd.cz\/wp-content\/uploads\/2019\/09\/DSCN4351.jpg 400w, https:\/\/valasskemezirici.casd.cz\/wp-content\/uploads\/2019\/09\/DSCN4351-300x203.jpg 300w\" sizes=\"auto, (max-width: 301px) 100vw, 301px\" \/><\/a><\/div>\n<div style=\"text-align: justify;\"><a href=\"https:\/\/valasskemezirici.casd.cz\/wp-content\/uploads\/2019\/09\/DSCN4350.jpg\"><img loading=\"lazy\" decoding=\"async\" class=\"alignnone wp-image-5109\" src=\"https:\/\/valasskemezirici.casd.cz\/wp-content\/uploads\/2019\/09\/DSCN4350.jpg\" alt=\"\" width=\"300\" height=\"203\" srcset=\"https:\/\/valasskemezirici.casd.cz\/wp-content\/uploads\/2019\/09\/DSCN4350.jpg 400w, https:\/\/valasskemezirici.casd.cz\/wp-content\/uploads\/2019\/09\/DSCN4350-300x203.jpg 300w\" sizes=\"auto, (max-width: 300px) 100vw, 300px\" \/><\/a> <a href=\"https:\/\/valasskemezirici.casd.cz\/wp-content\/uploads\/2019\/09\/DSCN4363.jpg\"><img loading=\"lazy\" decoding=\"async\" class=\"alignnone wp-image-5116\" src=\"https:\/\/valasskemezirici.casd.cz\/wp-content\/uploads\/2019\/09\/DSCN4363.jpg\" alt=\"\" width=\"299\" height=\"202\" srcset=\"https:\/\/valasskemezirici.casd.cz\/wp-content\/uploads\/2019\/09\/DSCN4363.jpg 400w, https:\/\/valasskemezirici.casd.cz\/wp-content\/uploads\/2019\/09\/DSCN4363-300x203.jpg 300w\" sizes=\"auto, (max-width: 299px) 100vw, 299px\" \/><\/a><\/div>\n<div style=\"text-align: justify;\">Odpoledne se je\u0161t\u011b na chvilku zhoufujeme v sympatick\u00e9m interi\u00e9ru shroma\u017e\u010fovac\u00edho s\u00e1lu. Dokonal\u00e9 prosklen\u00ed budovy v\u0161ak vykazuje jednu nev\u00fdhodu. N\u00e1\u010delnice Iwa nachystala hned t\u0159i videa p\u0159edstavuj\u00edc\u00ed vala\u0161sk\u00fd kraj v\u010detn\u011b na\u0161\u00ed modlitebny. P\u0159em\u00edra sv\u011btla v\u0161ak zp\u016fsob\u00ed, \u017ee m\u00edstn\u00ed v\u011b\u0159\u00edc\u00ed nevid\u00ed Vala\u0161sko, ale pouze sv\u00e9 d\u016fv\u011brn\u011b zn\u00e1m\u00e9 prom\u00edtac\u00ed pl\u00e1tno. M\u00edstn\u00ed pastor Petr to bere s pat\u0159i\u010dn\u00fdm nadhledem, podobn\u011b jako na\u0161e Mamine\u010dka p\u0159edstaven\u00e1. Litom\u011b\u0159ick\u00fdm proto nezb\u00fdv\u00e1 ne\u017e D\u00e1ln\u00fd V\u00fdchod nav\u0161t\u00edvit osobn\u011b nebo si program naserv\u00edrovat na n\u011bkter\u00fd z dlouh\u00fdch zimn\u00edch ve\u010der\u016f. Jedin\u00fdm jak\u017e tak\u017e srozumiteln\u00fdm sd\u011blen\u00edm o vala\u0161sk\u00e9 domovin\u011b se tak st\u00e1v\u00e1 p\u00edsni\u010dka N\u00e1\u0161 kraj doprov\u00e1zen\u00e1 hostuj\u00edc\u00ed moldavskou klav\u00edristkou Jekaterinou.<\/div>\n<div style=\"text-align: justify;\"><a href=\"https:\/\/valasskemezirici.casd.cz\/wp-content\/uploads\/2019\/09\/DSCN4365.jpg\"><img loading=\"lazy\" decoding=\"async\" class=\"alignnone wp-image-5118\" src=\"https:\/\/valasskemezirici.casd.cz\/wp-content\/uploads\/2019\/09\/DSCN4365.jpg\" alt=\"\" width=\"302\" height=\"204\" srcset=\"https:\/\/valasskemezirici.casd.cz\/wp-content\/uploads\/2019\/09\/DSCN4365.jpg 400w, https:\/\/valasskemezirici.casd.cz\/wp-content\/uploads\/2019\/09\/DSCN4365-300x203.jpg 300w\" sizes=\"auto, (max-width: 302px) 100vw, 302px\" \/><\/a> <a href=\"https:\/\/valasskemezirici.casd.cz\/wp-content\/uploads\/2019\/09\/DSCN4364.jpg\"><img loading=\"lazy\" decoding=\"async\" class=\"alignnone wp-image-5117\" src=\"https:\/\/valasskemezirici.casd.cz\/wp-content\/uploads\/2019\/09\/DSCN4364.jpg\" alt=\"\" width=\"303\" height=\"204\" srcset=\"https:\/\/valasskemezirici.casd.cz\/wp-content\/uploads\/2019\/09\/DSCN4364.jpg 400w, https:\/\/valasskemezirici.casd.cz\/wp-content\/uploads\/2019\/09\/DSCN4364-300x202.jpg 300w\" sizes=\"auto, (max-width: 303px) 100vw, 303px\" \/><\/a><\/div>\n<div style=\"text-align: justify;\">V p\u0159\u00edm\u00e9m sousedstv\u00ed adventistick\u00e9ho \u00fato\u010di\u0161t\u011b nen\u00ed jen u\u017e vzpom\u00ednan\u00e9 arcibiskupstv\u00ed, ale i domek, kde na sklonku \u017eivota pob\u00fdv\u00e1 Karel Hynek M\u00e1cha. Narod\u00ed se roku 1810 v Praze a ve sv\u00fdch \u0161estadvaceti letech odj\u00ed\u017ed\u00ed do Litom\u011b\u0159ic. Za pouh\u00e9 t\u0159i m\u011bs\u00edce v\u0161ak um\u00edr\u00e1. Poh\u0159eb je 8. listopadu, v den, kdy se m\u011bla konat jeho svatba. B\u00e1snick\u00e1 sb\u00edrka M\u00e1j tak m\u00e1 pon\u011bkud smutn\u00e9 zakon\u010den\u00ed.<\/div>\n<div style=\"text-align: justify;\"><a href=\"https:\/\/valasskemezirici.casd.cz\/wp-content\/uploads\/2019\/09\/DSCN4371.jpg\"><img loading=\"lazy\" decoding=\"async\" class=\"alignnone size-full wp-image-5122\" src=\"https:\/\/valasskemezirici.casd.cz\/wp-content\/uploads\/2019\/09\/DSCN4371.jpg\" alt=\"\" width=\"270\" height=\"400\" srcset=\"https:\/\/valasskemezirici.casd.cz\/wp-content\/uploads\/2019\/09\/DSCN4371.jpg 270w, https:\/\/valasskemezirici.casd.cz\/wp-content\/uploads\/2019\/09\/DSCN4371-203x300.jpg 203w\" sizes=\"auto, (max-width: 270px) 100vw, 270px\" \/><\/a><\/div>\n<div style=\"text-align: justify;\"><a href=\"https:\/\/valasskemezirici.casd.cz\/wp-content\/uploads\/2019\/09\/DSCN4356.jpg\"><img loading=\"lazy\" decoding=\"async\" class=\"alignnone wp-image-5114\" src=\"https:\/\/valasskemezirici.casd.cz\/wp-content\/uploads\/2019\/09\/DSCN4356.jpg\" alt=\"\" width=\"294\" height=\"198\" srcset=\"https:\/\/valasskemezirici.casd.cz\/wp-content\/uploads\/2019\/09\/DSCN4356.jpg 400w, https:\/\/valasskemezirici.casd.cz\/wp-content\/uploads\/2019\/09\/DSCN4356-300x203.jpg 300w\" sizes=\"auto, (max-width: 294px) 100vw, 294px\" \/><\/a> <a href=\"https:\/\/valasskemezirici.casd.cz\/wp-content\/uploads\/2019\/09\/DSCN4338.jpg\"><img loading=\"lazy\" decoding=\"async\" class=\"alignnone wp-image-5101\" src=\"https:\/\/valasskemezirici.casd.cz\/wp-content\/uploads\/2019\/09\/DSCN4338.jpg\" alt=\"\" width=\"295\" height=\"199\" srcset=\"https:\/\/valasskemezirici.casd.cz\/wp-content\/uploads\/2019\/09\/DSCN4338.jpg 400w, https:\/\/valasskemezirici.casd.cz\/wp-content\/uploads\/2019\/09\/DSCN4338-300x203.jpg 300w\" sizes=\"auto, (max-width: 295px) 100vw, 295px\" \/><\/a><\/div>\n<div style=\"text-align: justify;\">Pod veden\u00edm n\u00e1ramn\u011b pohodov\u00e9ho past\u00fd\u0159e Petra a jeho bystr\u00e9ho syn\u00e1tora vyr\u00e1\u017e\u00edme na obhl\u00eddku slavn\u00e9ho historick\u00e9ho centra. M\u011bsto, kter\u00e9 m\u00e1 v sou\u010dasnosti kolem p\u011btadvaceti tis\u00edc obyvatel letos slav\u00ed osm set let sv\u00e9ho trv\u00e1n\u00ed. Jako\u017eto m\u011bsto kr\u00e1lovsk\u00e9 m\u011blo celou \u0159adu v\u00fdhod a p\u0159esto\u017ee tu zpo\u010d\u00e1tku pob\u00fdvali v\u011bt\u0161inou domorodci \u010desk\u00e9 n\u00e1rodnosti, \u010dasem je zcela p\u0159ev\u00e1lcovali rozp\u00ednav\u00ed Germ\u00e1ni. Stop stav jejich nadvl\u00e1dy nestal ve zlomov\u00e9m roce 1945, kdy museli na z\u00e1klad\u011b Bene\u0161ov\u00fdch dekret\u016f odcupitat za kope\u010dky. Nechali tu vznosn\u00e9 budovy, udr\u017eovan\u00e9 vinice i \u00farodn\u00e1 pole, kter\u00e1 vydobyla tomuto kraji lichotiv\u00e9 p\u0159\u00edzvisko Zahrada \u010cech.<\/div>\n<div style=\"text-align: justify;\"><a href=\"https:\/\/valasskemezirici.casd.cz\/wp-content\/uploads\/2019\/09\/DSCN4366.jpg\"><img loading=\"lazy\" decoding=\"async\" class=\"alignnone wp-image-5119\" src=\"https:\/\/valasskemezirici.casd.cz\/wp-content\/uploads\/2019\/09\/DSCN4366.jpg\" alt=\"\" width=\"297\" height=\"200\" srcset=\"https:\/\/valasskemezirici.casd.cz\/wp-content\/uploads\/2019\/09\/DSCN4366.jpg 400w, https:\/\/valasskemezirici.casd.cz\/wp-content\/uploads\/2019\/09\/DSCN4366-300x203.jpg 300w\" sizes=\"auto, (max-width: 297px) 100vw, 297px\" \/><\/a><a href=\"https:\/\/valasskemezirici.casd.cz\/wp-content\/uploads\/2019\/09\/DSCN4367.jpg\"><img loading=\"lazy\" decoding=\"async\" class=\"alignnone wp-image-5120\" src=\"https:\/\/valasskemezirici.casd.cz\/wp-content\/uploads\/2019\/09\/DSCN4367.jpg\" alt=\"\" width=\"296\" height=\"200\" srcset=\"https:\/\/valasskemezirici.casd.cz\/wp-content\/uploads\/2019\/09\/DSCN4367.jpg 400w, https:\/\/valasskemezirici.casd.cz\/wp-content\/uploads\/2019\/09\/DSCN4367-300x203.jpg 300w\" sizes=\"auto, (max-width: 296px) 100vw, 296px\" \/><\/a><\/div>\n<div style=\"text-align: justify;\"><a href=\"https:\/\/valasskemezirici.casd.cz\/wp-content\/uploads\/2019\/09\/DSCN4368.jpg\"><img loading=\"lazy\" decoding=\"async\" class=\"alignnone wp-image-5121\" src=\"https:\/\/valasskemezirici.casd.cz\/wp-content\/uploads\/2019\/09\/DSCN4368.jpg\" alt=\"\" width=\"295\" height=\"199\" srcset=\"https:\/\/valasskemezirici.casd.cz\/wp-content\/uploads\/2019\/09\/DSCN4368.jpg 400w, https:\/\/valasskemezirici.casd.cz\/wp-content\/uploads\/2019\/09\/DSCN4368-300x203.jpg 300w\" sizes=\"auto, (max-width: 295px) 100vw, 295px\" \/><\/a><a href=\"https:\/\/valasskemezirici.casd.cz\/wp-content\/uploads\/2019\/09\/DSCN4372.jpg\"><img loading=\"lazy\" decoding=\"async\" class=\"alignnone wp-image-5123\" src=\"https:\/\/valasskemezirici.casd.cz\/wp-content\/uploads\/2019\/09\/DSCN4372.jpg\" alt=\"\" width=\"294\" height=\"198\" srcset=\"https:\/\/valasskemezirici.casd.cz\/wp-content\/uploads\/2019\/09\/DSCN4372.jpg 400w, https:\/\/valasskemezirici.casd.cz\/wp-content\/uploads\/2019\/09\/DSCN4372-300x203.jpg 300w\" sizes=\"auto, (max-width: 294px) 100vw, 294px\" \/><\/a><\/div>\n<div style=\"text-align: justify;\"><a href=\"https:\/\/valasskemezirici.casd.cz\/wp-content\/uploads\/2019\/09\/DSCN4375.jpg\"><img loading=\"lazy\" decoding=\"async\" class=\"alignnone wp-image-5124\" src=\"https:\/\/valasskemezirici.casd.cz\/wp-content\/uploads\/2019\/09\/DSCN4375.jpg\" alt=\"\" width=\"294\" height=\"198\" srcset=\"https:\/\/valasskemezirici.casd.cz\/wp-content\/uploads\/2019\/09\/DSCN4375.jpg 400w, https:\/\/valasskemezirici.casd.cz\/wp-content\/uploads\/2019\/09\/DSCN4375-300x203.jpg 300w\" sizes=\"auto, (max-width: 294px) 100vw, 294px\" \/><\/a><a href=\"https:\/\/valasskemezirici.casd.cz\/wp-content\/uploads\/2019\/09\/DSCN4376.jpg\"><img loading=\"lazy\" decoding=\"async\" class=\"alignnone wp-image-5125\" src=\"https:\/\/valasskemezirici.casd.cz\/wp-content\/uploads\/2019\/09\/DSCN4376.jpg\" alt=\"\" width=\"293\" height=\"198\" srcset=\"https:\/\/valasskemezirici.casd.cz\/wp-content\/uploads\/2019\/09\/DSCN4376.jpg 400w, https:\/\/valasskemezirici.casd.cz\/wp-content\/uploads\/2019\/09\/DSCN4376-300x203.jpg 300w\" sizes=\"auto, (max-width: 293px) 100vw, 293px\" \/><\/a><\/div>\n<div style=\"text-align: justify;\"><a href=\"https:\/\/valasskemezirici.casd.cz\/wp-content\/uploads\/2019\/09\/DSCN4386.jpg\"><img loading=\"lazy\" decoding=\"async\" class=\"alignnone wp-image-5129\" src=\"https:\/\/valasskemezirici.casd.cz\/wp-content\/uploads\/2019\/09\/DSCN4386.jpg\" alt=\"\" width=\"292\" height=\"197\" srcset=\"https:\/\/valasskemezirici.casd.cz\/wp-content\/uploads\/2019\/09\/DSCN4386.jpg 400w, https:\/\/valasskemezirici.casd.cz\/wp-content\/uploads\/2019\/09\/DSCN4386-300x203.jpg 300w\" sizes=\"auto, (max-width: 292px) 100vw, 292px\" \/><\/a> <a href=\"https:\/\/valasskemezirici.casd.cz\/wp-content\/uploads\/2019\/09\/DSCN4388.jpg\"><img loading=\"lazy\" decoding=\"async\" class=\"alignnone wp-image-5130\" src=\"https:\/\/valasskemezirici.casd.cz\/wp-content\/uploads\/2019\/09\/DSCN4388.jpg\" alt=\"\" width=\"290\" height=\"196\" srcset=\"https:\/\/valasskemezirici.casd.cz\/wp-content\/uploads\/2019\/09\/DSCN4388.jpg 400w, https:\/\/valasskemezirici.casd.cz\/wp-content\/uploads\/2019\/09\/DSCN4388-300x203.jpg 300w\" sizes=\"auto, (max-width: 290px) 100vw, 290px\" \/><\/a><\/div>\n<div style=\"text-align: justify;\"><a href=\"https:\/\/valasskemezirici.casd.cz\/wp-content\/uploads\/2019\/09\/DSCN4392.jpg\"><img loading=\"lazy\" decoding=\"async\" class=\"alignnone wp-image-5132\" src=\"https:\/\/valasskemezirici.casd.cz\/wp-content\/uploads\/2019\/09\/DSCN4392.jpg\" alt=\"\" width=\"584\" height=\"394\" srcset=\"https:\/\/valasskemezirici.casd.cz\/wp-content\/uploads\/2019\/09\/DSCN4392.jpg 400w, https:\/\/valasskemezirici.casd.cz\/wp-content\/uploads\/2019\/09\/DSCN4392-300x203.jpg 300w\" sizes=\"auto, (max-width: 584px) 100vw, 584px\" \/><\/a><\/div>\n<div style=\"text-align: justify;\">Zat\u00edmco se drtiv\u00e1 v\u011bt\u0161ina v\u00fdpravy soust\u0159ed\u00ed na d\u00e1vn\u00e9 architektonick\u00e9 z\u00e1zraky, na\u0161e N\u00e1\u010delnice Iwa Petrowna vzhl\u00ed\u017e\u00ed ke slibn\u00e9 budoucnosti. Sv\u00e9ho schopn\u00e9ho potomka vys\u00edl\u00e1 na pr\u016fzkum zdroj\u016f slavnostn\u00edch n\u00e1poj\u016f a sama vyhl\u00ed\u017e\u00ed m\u00edsto, kde by se dlouho o\u010dek\u00e1van\u00e1 a zat\u00edm p\u0159\u00edsn\u011b utajovan\u00e1 ud\u00e1lost m\u011bla uskute\u010dnit. V\u0161e je dotahov\u00e1no do detail\u016f, v\u010detn\u011b objedn\u00e1n\u00ed vyzdoben\u00e9ho auta a plavek na svatebn\u00ed cestu do Karibiku.<\/div>\n<div style=\"text-align: justify;\"><a href=\"https:\/\/valasskemezirici.casd.cz\/wp-content\/uploads\/2019\/09\/DSCN4383.jpg\"><img loading=\"lazy\" decoding=\"async\" class=\"alignnone wp-image-5128\" src=\"https:\/\/valasskemezirici.casd.cz\/wp-content\/uploads\/2019\/09\/DSCN4383.jpg\" alt=\"\" width=\"291\" height=\"197\" srcset=\"https:\/\/valasskemezirici.casd.cz\/wp-content\/uploads\/2019\/09\/DSCN4383.jpg 400w, https:\/\/valasskemezirici.casd.cz\/wp-content\/uploads\/2019\/09\/DSCN4383-300x203.jpg 300w\" sizes=\"auto, (max-width: 291px) 100vw, 291px\" \/><\/a> <a href=\"https:\/\/valasskemezirici.casd.cz\/wp-content\/uploads\/2019\/09\/DSCN4380.jpg\"><img loading=\"lazy\" decoding=\"async\" class=\"alignnone wp-image-5127\" src=\"https:\/\/valasskemezirici.casd.cz\/wp-content\/uploads\/2019\/09\/DSCN4380.jpg\" alt=\"\" width=\"294\" height=\"198\" srcset=\"https:\/\/valasskemezirici.casd.cz\/wp-content\/uploads\/2019\/09\/DSCN4380.jpg 400w, https:\/\/valasskemezirici.casd.cz\/wp-content\/uploads\/2019\/09\/DSCN4380-300x203.jpg 300w\" sizes=\"auto, (max-width: 294px) 100vw, 294px\" \/><\/a><\/div>\n<div style=\"text-align: justify;\"><a href=\"https:\/\/valasskemezirici.casd.cz\/wp-content\/uploads\/2019\/09\/DSCN4391.jpg\"><img loading=\"lazy\" decoding=\"async\" class=\"alignnone wp-image-5131\" src=\"https:\/\/valasskemezirici.casd.cz\/wp-content\/uploads\/2019\/09\/DSCN4391.jpg\" alt=\"\" width=\"292\" height=\"197\" srcset=\"https:\/\/valasskemezirici.casd.cz\/wp-content\/uploads\/2019\/09\/DSCN4391.jpg 400w, https:\/\/valasskemezirici.casd.cz\/wp-content\/uploads\/2019\/09\/DSCN4391-300x203.jpg 300w\" sizes=\"auto, (max-width: 292px) 100vw, 292px\" \/><\/a> <a href=\"https:\/\/valasskemezirici.casd.cz\/wp-content\/uploads\/2019\/09\/DSCN4276.jpg\"><img loading=\"lazy\" decoding=\"async\" class=\"alignnone wp-image-5063\" src=\"https:\/\/valasskemezirici.casd.cz\/wp-content\/uploads\/2019\/09\/DSCN4276.jpg\" alt=\"\" width=\"293\" height=\"198\" srcset=\"https:\/\/valasskemezirici.casd.cz\/wp-content\/uploads\/2019\/09\/DSCN4276.jpg 400w, https:\/\/valasskemezirici.casd.cz\/wp-content\/uploads\/2019\/09\/DSCN4276-300x203.jpg 300w\" sizes=\"auto, (max-width: 293px) 100vw, 293px\" \/><\/a><\/div>\n<div style=\"text-align: justify;\">\n<div>Zved\u00e1me kotvy a labsk\u00e9 p\u0159\u00edstavn\u00ed m\u011bsto nech\u00e1v\u00e1me za z\u00e1dy. Kousek proti proudu le\u017e\u00ed obec K\u0159e\u0161ice. Pr\u00e1v\u011b tady p\u0159ed sedmn\u00e1cti lety operovala v barv\u00e1ch \u010desk\u00e9 Adry \u010d\u00e1st na\u0161\u00ed sou\u010dasn\u00e9 dru\u017einy. Zastavujeme u zn\u00e1m\u00e9ho vodoznaku a vzpom\u00edn\u00e1me. T\u011bsn\u011b po katastrof\u00e1ln\u00edch z\u00e1plav\u00e1ch tu vypadalo v\u0161echno \u00fapln\u011b jinak. M\u00edsta, kter\u00e1 byla pln\u00e1 p\u00e1chnouc\u00edho bl\u00e1ta dnes zdob\u00ed sv\u011b\u017ee zelen\u00fd tr\u00e1vn\u00edk a d\u016fm, kde se om\u00edtky okop\u00e1valy i v \u010d\u00e1sti prvn\u00edho patra z\u00e1\u0159\u00ed \u010distotou. A to p\u0159esto, \u017ee p\u0159ed \u0161esti lety si tu \u017eivel op\u011bt z\u0159eteln\u011b zala\u0161koval a poslal sv\u00e9 vody jen o p\u016fl metru n\u00ed\u017e ne\u017e v onom pam\u00e1tn\u00e9m roce 2002. Tenkr\u00e1t tu sahaly a\u017e do \u00factyhodn\u00fdch \u010dty\u0159 metr\u016f.<\/div>\n<div>&nbsp;<a href=\"https:\/\/valasskemezirici.casd.cz\/wp-content\/uploads\/2019\/09\/DSCN4984.jpg\"><img loading=\"lazy\" decoding=\"async\" class=\"alignnone wp-image-5203\" src=\"https:\/\/valasskemezirici.casd.cz\/wp-content\/uploads\/2019\/09\/DSCN4984.jpg\" alt=\"\" width=\"576\" height=\"389\" srcset=\"https:\/\/valasskemezirici.casd.cz\/wp-content\/uploads\/2019\/09\/DSCN4984.jpg 400w, https:\/\/valasskemezirici.casd.cz\/wp-content\/uploads\/2019\/09\/DSCN4984-300x203.jpg 300w\" sizes=\"auto, (max-width: 576px) 100vw, 576px\" \/><\/a><\/div>\n<div><a href=\"https:\/\/valasskemezirici.casd.cz\/wp-content\/uploads\/2019\/09\/DSCN4981.jpg\"><img loading=\"lazy\" decoding=\"async\" class=\"alignnone wp-image-5202\" src=\"https:\/\/valasskemezirici.casd.cz\/wp-content\/uploads\/2019\/09\/DSCN4981.jpg\" alt=\"\" width=\"289\" height=\"426\" srcset=\"https:\/\/valasskemezirici.casd.cz\/wp-content\/uploads\/2019\/09\/DSCN4981.jpg 271w, https:\/\/valasskemezirici.casd.cz\/wp-content\/uploads\/2019\/09\/DSCN4981-203x300.jpg 203w\" sizes=\"auto, (max-width: 289px) 100vw, 289px\" \/><\/a><a href=\"https:\/\/valasskemezirici.casd.cz\/wp-content\/uploads\/2019\/09\/DSCN4979.jpg\"><img loading=\"lazy\" decoding=\"async\" class=\"alignnone wp-image-5201\" src=\"https:\/\/valasskemezirici.casd.cz\/wp-content\/uploads\/2019\/09\/DSCN4979.jpg\" alt=\"\" width=\"287\" height=\"425\" srcset=\"https:\/\/valasskemezirici.casd.cz\/wp-content\/uploads\/2019\/09\/DSCN4979.jpg 270w, https:\/\/valasskemezirici.casd.cz\/wp-content\/uploads\/2019\/09\/DSCN4979-203x300.jpg 203w\" sizes=\"auto, (max-width: 287px) 100vw, 287px\" \/><\/a><\/div>\n<div><a href=\"https:\/\/valasskemezirici.casd.cz\/wp-content\/uploads\/2019\/09\/DSCN4978.jpg\"><img loading=\"lazy\" decoding=\"async\" class=\"alignnone wp-image-5200\" src=\"https:\/\/valasskemezirici.casd.cz\/wp-content\/uploads\/2019\/09\/DSCN4978.jpg\" alt=\"\" width=\"286\" height=\"422\" srcset=\"https:\/\/valasskemezirici.casd.cz\/wp-content\/uploads\/2019\/09\/DSCN4978.jpg 271w, https:\/\/valasskemezirici.casd.cz\/wp-content\/uploads\/2019\/09\/DSCN4978-203x300.jpg 203w\" sizes=\"auto, (max-width: 286px) 100vw, 286px\" \/><\/a><a href=\"https:\/\/valasskemezirici.casd.cz\/wp-content\/uploads\/2019\/09\/DSCN4976.jpg\"><img loading=\"lazy\" decoding=\"async\" class=\"alignnone wp-image-5199\" src=\"https:\/\/valasskemezirici.casd.cz\/wp-content\/uploads\/2019\/09\/DSCN4976.jpg\" alt=\"\" width=\"285\" height=\"422\" srcset=\"https:\/\/valasskemezirici.casd.cz\/wp-content\/uploads\/2019\/09\/DSCN4976.jpg 270w, https:\/\/valasskemezirici.casd.cz\/wp-content\/uploads\/2019\/09\/DSCN4976-203x300.jpg 203w\" sizes=\"auto, (max-width: 285px) 100vw, 285px\" \/><\/a><\/div>\n<div><a href=\"https:\/\/valasskemezirici.casd.cz\/wp-content\/uploads\/2019\/09\/DSCN4399.jpg\"><img loading=\"lazy\" decoding=\"async\" class=\"alignnone wp-image-5134\" src=\"https:\/\/valasskemezirici.casd.cz\/wp-content\/uploads\/2019\/09\/DSCN4399.jpg\" alt=\"\" width=\"570\" height=\"385\" srcset=\"https:\/\/valasskemezirici.casd.cz\/wp-content\/uploads\/2019\/09\/DSCN4399.jpg 400w, https:\/\/valasskemezirici.casd.cz\/wp-content\/uploads\/2019\/09\/DSCN4399-300x203.jpg 300w\" sizes=\"auto, (max-width: 570px) 100vw, 570px\" \/><\/a><\/div>\n<div><a href=\"https:\/\/valasskemezirici.casd.cz\/wp-content\/uploads\/2019\/09\/DSCN4402.jpg\"><img loading=\"lazy\" decoding=\"async\" class=\"alignnone wp-image-5135\" src=\"https:\/\/valasskemezirici.casd.cz\/wp-content\/uploads\/2019\/09\/DSCN4402.jpg\" alt=\"\" width=\"283\" height=\"190\" srcset=\"https:\/\/valasskemezirici.casd.cz\/wp-content\/uploads\/2019\/09\/DSCN4402.jpg 400w, https:\/\/valasskemezirici.casd.cz\/wp-content\/uploads\/2019\/09\/DSCN4402-300x202.jpg 300w\" sizes=\"auto, (max-width: 283px) 100vw, 283px\" \/><\/a> <a href=\"https:\/\/valasskemezirici.casd.cz\/wp-content\/uploads\/2019\/09\/DSCN4403.jpg\"><img loading=\"lazy\" decoding=\"async\" class=\"alignnone wp-image-5136\" src=\"https:\/\/valasskemezirici.casd.cz\/wp-content\/uploads\/2019\/09\/DSCN4403.jpg\" alt=\"\" width=\"282\" height=\"190\" srcset=\"https:\/\/valasskemezirici.casd.cz\/wp-content\/uploads\/2019\/09\/DSCN4403.jpg 400w, https:\/\/valasskemezirici.casd.cz\/wp-content\/uploads\/2019\/09\/DSCN4403-300x203.jpg 300w\" sizes=\"auto, (max-width: 282px) 100vw, 282px\" \/><\/a><\/div>\n<div>Minulost je dokonale zapomenuta a v z\u00e1topov\u00fdch m\u00edstech vyrostlo par\u00e1dn\u00ed h\u0159i\u0161t\u011b pro zdej\u0161\u00ed ml\u00e1\u010fata. Vyu\u017e\u00edvaj\u00ed jej v\u0161ak i pon\u011bkud p\u0159erostl\u00e9 d\u011bti z na\u0161\u00ed v\u00fdpravy. Ctihodn\u00ed funkcion\u00e1\u0159i, jako\u017e i reprezentanti spodn\u011bj\u0161\u00edch c\u00edrkevn\u00edch vrstev si tu dop\u0159\u00e1vaj\u00ed bohulib\u00e9 sobotn\u00ed kratochv\u00edle a t\u00edm dokazuj\u00ed, \u017ee den odpo\u010dinku nen\u00ed jen o vysed\u00e1v\u00e1n\u00ed v kosteln\u00edch lavic\u00edch \u010d\u00ed nihilistick\u00e9m vyleh\u00e1v\u00e1n\u00ed na rozestlan\u00e9m gau\u010di.<\/div>\n<div><a href=\"https:\/\/valasskemezirici.casd.cz\/wp-content\/uploads\/2019\/09\/DSCN4404.jpg\"><img loading=\"lazy\" decoding=\"async\" class=\"alignnone size-full wp-image-5137\" src=\"https:\/\/valasskemezirici.casd.cz\/wp-content\/uploads\/2019\/09\/DSCN4404.jpg\" alt=\"\" width=\"270\" height=\"400\" srcset=\"https:\/\/valasskemezirici.casd.cz\/wp-content\/uploads\/2019\/09\/DSCN4404.jpg 270w, https:\/\/valasskemezirici.casd.cz\/wp-content\/uploads\/2019\/09\/DSCN4404-203x300.jpg 203w\" sizes=\"auto, (max-width: 270px) 100vw, 270px\" \/><\/a><a href=\"https:\/\/valasskemezirici.casd.cz\/wp-content\/uploads\/2019\/09\/DSCN4405.jpg\"><img loading=\"lazy\" decoding=\"async\" class=\"alignnone size-full wp-image-5138\" src=\"https:\/\/valasskemezirici.casd.cz\/wp-content\/uploads\/2019\/09\/DSCN4405.jpg\" alt=\"\" width=\"270\" height=\"400\" srcset=\"https:\/\/valasskemezirici.casd.cz\/wp-content\/uploads\/2019\/09\/DSCN4405.jpg 270w, https:\/\/valasskemezirici.casd.cz\/wp-content\/uploads\/2019\/09\/DSCN4405-203x300.jpg 203w\" sizes=\"auto, (max-width: 270px) 100vw, 270px\" \/><\/a><\/div>\n<div><a href=\"https:\/\/valasskemezirici.casd.cz\/wp-content\/uploads\/2019\/09\/DSCN4406.jpg\"><img loading=\"lazy\" decoding=\"async\" class=\"alignnone wp-image-5139\" src=\"https:\/\/valasskemezirici.casd.cz\/wp-content\/uploads\/2019\/09\/DSCN4406.jpg\" alt=\"\" width=\"268\" height=\"181\" srcset=\"https:\/\/valasskemezirici.casd.cz\/wp-content\/uploads\/2019\/09\/DSCN4406.jpg 400w, https:\/\/valasskemezirici.casd.cz\/wp-content\/uploads\/2019\/09\/DSCN4406-300x203.jpg 300w\" sizes=\"auto, (max-width: 268px) 100vw, 268px\" \/><\/a> <a href=\"https:\/\/valasskemezirici.casd.cz\/wp-content\/uploads\/2019\/09\/DSCN4407.jpg\"><img loading=\"lazy\" decoding=\"async\" class=\"alignnone wp-image-5140\" src=\"https:\/\/valasskemezirici.casd.cz\/wp-content\/uploads\/2019\/09\/DSCN4407.jpg\" alt=\"\" width=\"270\" height=\"183\" srcset=\"https:\/\/valasskemezirici.casd.cz\/wp-content\/uploads\/2019\/09\/DSCN4407.jpg 400w, https:\/\/valasskemezirici.casd.cz\/wp-content\/uploads\/2019\/09\/DSCN4407-300x203.jpg 300w\" sizes=\"auto, (max-width: 270px) 100vw, 270px\" \/><\/a><\/div>\n<div>Zanedlouho se u\u017e ocit\u00e1me na \u00fapat\u00ed nejpresti\u017en\u011bj\u0161\u00edho \u010desk\u00e9ho pahorku. Ten si kupodivu nenechaj\u00ed uj\u00edt ani t\u0159i gr\u00e1cie, kter\u00e9 v\u010derej\u0161\u00ed Koko\u0159\u00edn vym\u011bnily za m\u011blnickou promen\u00e1du v plavk\u00e1ch. M\u00edrn\u00e9 stoup\u00e1n\u00ed vzrostlou alej\u00ed st\u0159\u00edd\u00e1 v\u00fd\u017eivn\u011bj\u0161\u00ed v\u00fd\u0161vih listnat\u00fdm lesem. Dlouholet\u00fd u\u010ditel auto\u0161koly, kter\u00fd se b\u011b\u017en\u011b neobt\u011b\u017euje vyhazov\u00e1n\u00edm blinkr\u016f \u010di respektov\u00e1n\u00edm jednosm\u011brek to p\u0159es v\u0161echny mo\u017en\u00e9 z\u00e1kazy bere nahoru sv\u00fdm v\u00fdkonn\u00fdm fordem. Budi\u017e mu p\u0159ips\u00e1no k dobru, \u017ee krom\u011b sv\u00e9 t\u011blesn\u00e9 schr\u00e1nky sem nech\u00e1v\u00e1 vyv\u00e9zt i n\u011bkolik dal\u0161\u00edch jedinc\u016f, pro kter\u00e9 by hora praotce \u010cecha z\u016fstala nedobytn\u00e1.<\/div>\n<div><a href=\"https:\/\/valasskemezirici.casd.cz\/wp-content\/uploads\/2019\/09\/DSCN4409.jpg\"><img loading=\"lazy\" decoding=\"async\" class=\"alignnone wp-image-5141\" src=\"https:\/\/valasskemezirici.casd.cz\/wp-content\/uploads\/2019\/09\/DSCN4409.jpg\" alt=\"\" width=\"270\" height=\"184\" srcset=\"https:\/\/valasskemezirici.casd.cz\/wp-content\/uploads\/2019\/09\/DSCN4409.jpg 400w, https:\/\/valasskemezirici.casd.cz\/wp-content\/uploads\/2019\/09\/DSCN4409-300x205.jpg 300w\" sizes=\"auto, (max-width: 270px) 100vw, 270px\" \/><\/a><a href=\"https:\/\/valasskemezirici.casd.cz\/wp-content\/uploads\/2019\/09\/DSCN4414.jpg\"><img loading=\"lazy\" decoding=\"async\" class=\"alignnone wp-image-5143\" src=\"https:\/\/valasskemezirici.casd.cz\/wp-content\/uploads\/2019\/09\/DSCN4414.jpg\" alt=\"\" width=\"274\" height=\"185\" srcset=\"https:\/\/valasskemezirici.casd.cz\/wp-content\/uploads\/2019\/09\/DSCN4414.jpg 400w, https:\/\/valasskemezirici.casd.cz\/wp-content\/uploads\/2019\/09\/DSCN4414-300x203.jpg 300w\" sizes=\"auto, (max-width: 274px) 100vw, 274px\" \/><\/a><\/div>\n<div><a href=\"https:\/\/valasskemezirici.casd.cz\/wp-content\/uploads\/2019\/09\/DSCN4416.jpg\"><img loading=\"lazy\" decoding=\"async\" class=\"alignnone wp-image-5144\" src=\"https:\/\/valasskemezirici.casd.cz\/wp-content\/uploads\/2019\/09\/DSCN4416.jpg\" alt=\"\" width=\"273\" height=\"183\" srcset=\"https:\/\/valasskemezirici.casd.cz\/wp-content\/uploads\/2019\/09\/DSCN4416.jpg 400w, https:\/\/valasskemezirici.casd.cz\/wp-content\/uploads\/2019\/09\/DSCN4416-300x202.jpg 300w\" sizes=\"auto, (max-width: 273px) 100vw, 273px\" \/><\/a> <a href=\"https:\/\/valasskemezirici.casd.cz\/wp-content\/uploads\/2019\/09\/DSCN4452.jpg\"><img loading=\"lazy\" decoding=\"async\" class=\"alignnone wp-image-5154\" src=\"https:\/\/valasskemezirici.casd.cz\/wp-content\/uploads\/2019\/09\/DSCN4452.jpg\" alt=\"\" width=\"271\" height=\"183\" srcset=\"https:\/\/valasskemezirici.casd.cz\/wp-content\/uploads\/2019\/09\/DSCN4452.jpg 400w, https:\/\/valasskemezirici.casd.cz\/wp-content\/uploads\/2019\/09\/DSCN4452-300x203.jpg 300w\" sizes=\"auto, (max-width: 271px) 100vw, 271px\" \/><\/a><\/div>\n<div>N\u011bkde na p\u016fli cesty potk\u00e1v\u00e1me p\u00e1r pov\u011bdom\u00fdch litom\u011b\u0159ick\u00fdch tv\u00e1\u0159\u00ed, kter\u00e9 n\u00e1s v dobyt\u00ed vrcholu v\u00fdrazn\u011b p\u0159edb\u011bhly. Mezi nimi i respektovan\u00e9ho Jendu, s n\u00edm\u017e jsme kdysi zd\u00e1vna bezm\u00e1la cel\u00e9 desetilet\u00ed vysed\u00e1vali v tehdej\u0161\u00ed Rad\u011b \u010desk\u00e9 Adry. Zat\u00edmco on c\u00edlev\u011bdom\u011b diskutoval, moje mali\u010dkost za stolem posp\u00e1vala, p\u0159\u00edpadn\u011b vyru\u0161ovala. P\u0159esto se pr\u00e1v\u011b v onom obdob\u00ed zm\u00edn\u011bn\u00e1 organizace t\u011b\u0161ila asi nejv\u011bt\u0161\u00ed p\u0159\u00edzni tuzemsk\u00e9 ve\u0159ejnosti. S bratrem Janem si pop\u0159ejeme \u0161\u0165astn\u00e9 a vesel\u00e9 st\u00e1rnut\u00ed a pak ka\u017ed\u00fd sv\u00fdm sm\u011brem pokra\u010dujeme \u0159\u00edpsk\u00fdm \u00fabo\u010d\u00edm.<\/div>\n<div><a href=\"https:\/\/valasskemezirici.casd.cz\/wp-content\/uploads\/2019\/09\/DSCN4413.jpg\"><img loading=\"lazy\" decoding=\"async\" class=\"alignnone wp-image-5142\" src=\"https:\/\/valasskemezirici.casd.cz\/wp-content\/uploads\/2019\/09\/DSCN4413.jpg\" alt=\"\" width=\"273\" height=\"184\" srcset=\"https:\/\/valasskemezirici.casd.cz\/wp-content\/uploads\/2019\/09\/DSCN4413.jpg 400w, https:\/\/valasskemezirici.casd.cz\/wp-content\/uploads\/2019\/09\/DSCN4413-300x203.jpg 300w\" sizes=\"auto, (max-width: 273px) 100vw, 273px\" \/><\/a> <a href=\"https:\/\/valasskemezirici.casd.cz\/wp-content\/uploads\/2019\/09\/DSCN4420.jpg\"><img loading=\"lazy\" decoding=\"async\" class=\"alignnone wp-image-5145\" src=\"https:\/\/valasskemezirici.casd.cz\/wp-content\/uploads\/2019\/09\/DSCN4420.jpg\" alt=\"\" width=\"271\" height=\"183\" srcset=\"https:\/\/valasskemezirici.casd.cz\/wp-content\/uploads\/2019\/09\/DSCN4420.jpg 400w, https:\/\/valasskemezirici.casd.cz\/wp-content\/uploads\/2019\/09\/DSCN4420-300x203.jpg 300w\" sizes=\"auto, (max-width: 271px) 100vw, 271px\" \/><\/a><\/div>\n<div>Kone\u010dn\u011b jsme na nejvy\u0161\u0161\u00edm bod\u011b. Toto n\u00e1vr\u0161\u00ed nezap\u0159e, \u017ee se nach\u00e1z\u00edme v \u010cech\u00e1ch. Stoj\u00ed tu toti\u017e kostel i hospoda. Rotunda pamatuje \u010dasy rom\u00e1nsk\u00e9, d\u0159ev\u011bn\u00e1 chata bude o n\u011bkolik p\u00e1tk\u016f mlad\u0161\u00ed. Nach\u00e1z\u00edme se v \u00factyhodn\u00e9 v\u00fd\u0161ce \u010dty\u0159 set p\u011btapades\u00e1ti metr\u016f. Praotec to m\u011bl jednodu\u0161\u0161\u00ed, proto\u017ee a\u017e do roku 1879 byl kopec bez les\u016f. Dnes mus\u00edme za v\u00fdhledem na n\u011bkterou z vyhl\u00eddek. Pra\u017esk\u00e1 i ta roudnick\u00e1 odhaluj\u00ed \u017e\u00edrnou krajinu pol\u00ed, m\u011bst a vesni\u010dek, ze kter\u00e9 \u010dn\u00ed k nebes\u016fm v\u011b\u017ee kostel\u016f a romantick\u00fdch d\u00fdmaj\u00edc\u00edch kom\u00edn\u016f. Zkr\u00e1tka a dob\u0159e, zemsk\u00fd r\u00e1j to na pohled.<br \/>\n&nbsp;<\/div>\n<div><a href=\"https:\/\/valasskemezirici.casd.cz\/wp-content\/uploads\/2019\/09\/DSCN4422.jpg\"><img loading=\"lazy\" decoding=\"async\" class=\"alignnone wp-image-5146\" src=\"https:\/\/valasskemezirici.casd.cz\/wp-content\/uploads\/2019\/09\/DSCN4422.jpg\" alt=\"\" width=\"273\" height=\"184\" srcset=\"https:\/\/valasskemezirici.casd.cz\/wp-content\/uploads\/2019\/09\/DSCN4422.jpg 400w, https:\/\/valasskemezirici.casd.cz\/wp-content\/uploads\/2019\/09\/DSCN4422-300x203.jpg 300w\" sizes=\"auto, (max-width: 273px) 100vw, 273px\" \/><\/a><a href=\"https:\/\/valasskemezirici.casd.cz\/wp-content\/uploads\/2019\/09\/DSCN4423.jpg\"><img loading=\"lazy\" decoding=\"async\" class=\"alignnone wp-image-5147\" src=\"https:\/\/valasskemezirici.casd.cz\/wp-content\/uploads\/2019\/09\/DSCN4423.jpg\" alt=\"\" width=\"277\" height=\"187\" srcset=\"https:\/\/valasskemezirici.casd.cz\/wp-content\/uploads\/2019\/09\/DSCN4423.jpg 400w, https:\/\/valasskemezirici.casd.cz\/wp-content\/uploads\/2019\/09\/DSCN4423-300x203.jpg 300w\" sizes=\"auto, (max-width: 277px) 100vw, 277px\" \/><\/a><\/div>\n<div><a href=\"https:\/\/valasskemezirici.casd.cz\/wp-content\/uploads\/2019\/09\/DSCN4425.jpg\"><img loading=\"lazy\" decoding=\"async\" class=\"alignnone wp-image-5148\" src=\"https:\/\/valasskemezirici.casd.cz\/wp-content\/uploads\/2019\/09\/DSCN4425.jpg\" alt=\"\" width=\"273\" height=\"184\" srcset=\"https:\/\/valasskemezirici.casd.cz\/wp-content\/uploads\/2019\/09\/DSCN4425.jpg 400w, https:\/\/valasskemezirici.casd.cz\/wp-content\/uploads\/2019\/09\/DSCN4425-300x203.jpg 300w\" sizes=\"auto, (max-width: 273px) 100vw, 273px\" \/><\/a><a href=\"https:\/\/valasskemezirici.casd.cz\/wp-content\/uploads\/2019\/09\/DSCN4429.jpg\"><img loading=\"lazy\" decoding=\"async\" class=\"alignnone wp-image-5149\" src=\"https:\/\/valasskemezirici.casd.cz\/wp-content\/uploads\/2019\/09\/DSCN4429.jpg\" alt=\"\" width=\"276\" height=\"186\" srcset=\"https:\/\/valasskemezirici.casd.cz\/wp-content\/uploads\/2019\/09\/DSCN4429.jpg 400w, https:\/\/valasskemezirici.casd.cz\/wp-content\/uploads\/2019\/09\/DSCN4429-300x203.jpg 300w\" sizes=\"auto, (max-width: 276px) 100vw, 276px\" \/><\/a><\/div>\n<div><a href=\"https:\/\/valasskemezirici.casd.cz\/wp-content\/uploads\/2019\/09\/DSCN4457.jpg\"><img loading=\"lazy\" decoding=\"async\" class=\"alignnone wp-image-5155\" src=\"https:\/\/valasskemezirici.casd.cz\/wp-content\/uploads\/2019\/09\/DSCN4457.jpg\" alt=\"\" width=\"271\" height=\"183\" srcset=\"https:\/\/valasskemezirici.casd.cz\/wp-content\/uploads\/2019\/09\/DSCN4457.jpg 400w, https:\/\/valasskemezirici.casd.cz\/wp-content\/uploads\/2019\/09\/DSCN4457-300x203.jpg 300w\" sizes=\"auto, (max-width: 271px) 100vw, 271px\" \/><\/a> <a href=\"https:\/\/valasskemezirici.casd.cz\/wp-content\/uploads\/2019\/09\/DSCN4446.jpg\"><img loading=\"lazy\" decoding=\"async\" class=\"alignnone wp-image-5153\" src=\"https:\/\/valasskemezirici.casd.cz\/wp-content\/uploads\/2019\/09\/DSCN4446.jpg\" alt=\"\" width=\"272\" height=\"184\" srcset=\"https:\/\/valasskemezirici.casd.cz\/wp-content\/uploads\/2019\/09\/DSCN4446.jpg 400w, https:\/\/valasskemezirici.casd.cz\/wp-content\/uploads\/2019\/09\/DSCN4446-300x203.jpg 300w\" sizes=\"auto, (max-width: 272px) 100vw, 272px\" \/><\/a><\/div>\n<div>&nbsp;<\/div>\n<div>Nevyhnuteln\u00e9 dobyt\u00ed \u0158\u00edpu m\u00e1me zd\u00e1rn\u011b za sebou, dol\u016f se m\u016f\u017eeme spustit, p\u0159\u00edpadn\u011b skut\u00e1let, hned n\u011bkolika zp\u016fsoby. Pochopiteln\u011b vol\u00edm tu dramati\u010dt\u011bj\u0161\u00ed variantu. Chodn\u00edk nejprve kles\u00e1 skalnat\u00fdm \u00fabo\u010d\u00edm, aby se pozd\u011bji napojil na dokonale pohodovou p\u011b\u0161inu zast\u00edn\u011bnou nejr\u016fzn\u011bj\u0161\u00edm olist\u011bn\u00fdm stromov\u00edm. Cesta je tu a tam vyzdobena drobn\u00fdmi kv\u011bty, p\u0159edev\u0161\u00edm v\u00fdrazn\u011b r\u016f\u017eov\u00fdmi hv\u011bzdicemi hvozd\u00edk\u016f.<\/div>\n<div><a href=\"https:\/\/valasskemezirici.casd.cz\/wp-content\/uploads\/2019\/09\/DSCN4439.jpg\"><img loading=\"lazy\" decoding=\"async\" class=\"alignnone wp-image-5150\" src=\"https:\/\/valasskemezirici.casd.cz\/wp-content\/uploads\/2019\/09\/DSCN4439.jpg\" alt=\"\" width=\"281\" height=\"190\" srcset=\"https:\/\/valasskemezirici.casd.cz\/wp-content\/uploads\/2019\/09\/DSCN4439.jpg 400w, https:\/\/valasskemezirici.casd.cz\/wp-content\/uploads\/2019\/09\/DSCN4439-300x203.jpg 300w\" sizes=\"auto, (max-width: 281px) 100vw, 281px\" \/><\/a><a href=\"https:\/\/valasskemezirici.casd.cz\/wp-content\/uploads\/2019\/09\/DSCN4443.jpg\"><img loading=\"lazy\" decoding=\"async\" class=\"alignnone wp-image-5151\" src=\"https:\/\/valasskemezirici.casd.cz\/wp-content\/uploads\/2019\/09\/DSCN4443.jpg\" alt=\"\" width=\"282\" height=\"190\" srcset=\"https:\/\/valasskemezirici.casd.cz\/wp-content\/uploads\/2019\/09\/DSCN4443.jpg 400w, https:\/\/valasskemezirici.casd.cz\/wp-content\/uploads\/2019\/09\/DSCN4443-300x203.jpg 300w\" sizes=\"auto, (max-width: 282px) 100vw, 282px\" \/><\/a><\/div>\n<div><a href=\"https:\/\/valasskemezirici.casd.cz\/wp-content\/uploads\/2019\/09\/DSCN4445.jpg\"><img loading=\"lazy\" decoding=\"async\" class=\"alignnone wp-image-5152\" src=\"https:\/\/valasskemezirici.casd.cz\/wp-content\/uploads\/2019\/09\/DSCN4445.jpg\" alt=\"\" width=\"281\" height=\"190\" srcset=\"https:\/\/valasskemezirici.casd.cz\/wp-content\/uploads\/2019\/09\/DSCN4445.jpg 400w, https:\/\/valasskemezirici.casd.cz\/wp-content\/uploads\/2019\/09\/DSCN4445-300x203.jpg 300w\" sizes=\"auto, (max-width: 281px) 100vw, 281px\" \/><\/a><a href=\"https:\/\/valasskemezirici.casd.cz\/wp-content\/uploads\/2019\/09\/DSCN4461.jpg\"><img loading=\"lazy\" decoding=\"async\" class=\"alignnone wp-image-5157\" src=\"https:\/\/valasskemezirici.casd.cz\/wp-content\/uploads\/2019\/09\/DSCN4461.jpg\" alt=\"\" width=\"280\" height=\"190\" srcset=\"https:\/\/valasskemezirici.casd.cz\/wp-content\/uploads\/2019\/09\/DSCN4461.jpg 400w, https:\/\/valasskemezirici.casd.cz\/wp-content\/uploads\/2019\/09\/DSCN4461-300x203.jpg 300w\" sizes=\"auto, (max-width: 280px) 100vw, 280px\" \/><\/a><\/div>\n<div><a href=\"https:\/\/valasskemezirici.casd.cz\/wp-content\/uploads\/2019\/09\/DSCN4458.jpg\"><img loading=\"lazy\" decoding=\"async\" class=\"alignnone wp-image-5156\" src=\"https:\/\/valasskemezirici.casd.cz\/wp-content\/uploads\/2019\/09\/DSCN4458.jpg\" alt=\"\" width=\"278\" height=\"188\" srcset=\"https:\/\/valasskemezirici.casd.cz\/wp-content\/uploads\/2019\/09\/DSCN4458.jpg 400w, https:\/\/valasskemezirici.casd.cz\/wp-content\/uploads\/2019\/09\/DSCN4458-300x203.jpg 300w\" sizes=\"auto, (max-width: 278px) 100vw, 278px\" \/><\/a> <a href=\"https:\/\/valasskemezirici.casd.cz\/wp-content\/uploads\/2019\/09\/DSCN4462.jpg\"><img loading=\"lazy\" decoding=\"async\" class=\"alignnone wp-image-5158\" src=\"https:\/\/valasskemezirici.casd.cz\/wp-content\/uploads\/2019\/09\/DSCN4462.jpg\" alt=\"\" width=\"277\" height=\"187\" srcset=\"https:\/\/valasskemezirici.casd.cz\/wp-content\/uploads\/2019\/09\/DSCN4462.jpg 400w, https:\/\/valasskemezirici.casd.cz\/wp-content\/uploads\/2019\/09\/DSCN4462-300x203.jpg 300w\" sizes=\"auto, (max-width: 277px) 100vw, 277px\" \/><\/a><\/div>\n<div>Slunce kles\u00e1 k z\u00e1padn\u00edmu obzoru a tak je na\u010dase slavnostn\u00ed den pat\u0159i\u010dn\u011b zakon\u010dit. V tuzemsk\u00e9 adventistick\u00e9 tradici dodnes p\u0159e\u017e\u00edv\u00e1 tak zvan\u00e9 \u201ekole\u010dko\u201c. Nejedn\u00e1 se o za\u0159\u00edzen\u00ed k p\u0159em\u00eds\u0165ov\u00e1n\u00ed stavebn\u00edch materi\u00e1l\u016f \u010di haramp\u00e1d\u00ed, ale o kruh tvo\u0159en\u00fd lidmi, kter\u00e9 spojuje identick\u00fd pohled na smysl pozemsk\u00e9ho pob\u00fdv\u00e1n\u00ed. Ten na\u0161t\u011bst\u00ed m\u00ed\u0159\u00ed k v\u00fd\u0161in\u00e1m, kam sm\u011b\u0159uj\u00ed i slova spole\u010dn\u011b od\u0159\u00edkan\u00e9ho \u010di vyzp\u00edvan\u00e9ho p\u0159\u00e1n\u00ed.<\/div>\n<div><a href=\"https:\/\/valasskemezirici.casd.cz\/wp-content\/uploads\/2019\/09\/DSCN4468.jpg\"><img loading=\"lazy\" decoding=\"async\" class=\"alignnone wp-image-5162\" src=\"https:\/\/valasskemezirici.casd.cz\/wp-content\/uploads\/2019\/09\/DSCN4468.jpg\" alt=\"\" width=\"281\" height=\"190\" srcset=\"https:\/\/valasskemezirici.casd.cz\/wp-content\/uploads\/2019\/09\/DSCN4468.jpg 400w, https:\/\/valasskemezirici.casd.cz\/wp-content\/uploads\/2019\/09\/DSCN4468-300x203.jpg 300w\" sizes=\"auto, (max-width: 281px) 100vw, 281px\" \/><\/a><a href=\"https:\/\/valasskemezirici.casd.cz\/wp-content\/uploads\/2019\/09\/DSCN4469.jpg\"><img loading=\"lazy\" decoding=\"async\" class=\"alignnone wp-image-5163\" src=\"https:\/\/valasskemezirici.casd.cz\/wp-content\/uploads\/2019\/09\/DSCN4469.jpg\" alt=\"\" width=\"284\" height=\"192\" srcset=\"https:\/\/valasskemezirici.casd.cz\/wp-content\/uploads\/2019\/09\/DSCN4469.jpg 400w, https:\/\/valasskemezirici.casd.cz\/wp-content\/uploads\/2019\/09\/DSCN4469-300x203.jpg 300w\" sizes=\"auto, (max-width: 284px) 100vw, 284px\" \/><\/a><\/div>\n<div><a href=\"https:\/\/valasskemezirici.casd.cz\/wp-content\/uploads\/2019\/09\/DSCN4470.jpg\"><img loading=\"lazy\" decoding=\"async\" class=\"alignnone wp-image-5164\" src=\"https:\/\/valasskemezirici.casd.cz\/wp-content\/uploads\/2019\/09\/DSCN4470.jpg\" alt=\"\" width=\"280\" height=\"189\" srcset=\"https:\/\/valasskemezirici.casd.cz\/wp-content\/uploads\/2019\/09\/DSCN4470.jpg 400w, https:\/\/valasskemezirici.casd.cz\/wp-content\/uploads\/2019\/09\/DSCN4470-300x203.jpg 300w\" sizes=\"auto, (max-width: 280px) 100vw, 280px\" \/><\/a> <a href=\"https:\/\/valasskemezirici.casd.cz\/wp-content\/uploads\/2019\/09\/DSCN4471.jpg\"><img loading=\"lazy\" decoding=\"async\" class=\"alignnone wp-image-5165\" src=\"https:\/\/valasskemezirici.casd.cz\/wp-content\/uploads\/2019\/09\/DSCN4471.jpg\" alt=\"\" width=\"281\" height=\"190\" srcset=\"https:\/\/valasskemezirici.casd.cz\/wp-content\/uploads\/2019\/09\/DSCN4471.jpg 400w, https:\/\/valasskemezirici.casd.cz\/wp-content\/uploads\/2019\/09\/DSCN4471-300x203.jpg 300w\" sizes=\"auto, (max-width: 281px) 100vw, 281px\" \/><\/a><\/div>\n<div><a href=\"https:\/\/valasskemezirici.casd.cz\/wp-content\/uploads\/2019\/09\/DSCN4467.jpg\"><img loading=\"lazy\" decoding=\"async\" class=\"alignnone wp-image-5161\" src=\"https:\/\/valasskemezirici.casd.cz\/wp-content\/uploads\/2019\/09\/DSCN4467.jpg\" alt=\"\" width=\"564\" height=\"381\" srcset=\"https:\/\/valasskemezirici.casd.cz\/wp-content\/uploads\/2019\/09\/DSCN4467.jpg 400w, https:\/\/valasskemezirici.casd.cz\/wp-content\/uploads\/2019\/09\/DSCN4467-300x203.jpg 300w\" sizes=\"auto, (max-width: 564px) 100vw, 564px\" \/><\/a><\/div>\n<div>\n<div>Posledn\u00ed noc i posledn\u00ed r\u00e1no je\u0161t\u011b pro\u017e\u00edv\u00e1me v pln\u00e9m po\u010dtu. Na ned\u011bln\u00ed sv\u00edt\u00e1n\u00ed patrn\u011b dlouho nezapomene t\u011b\u017ece zkou\u0161en\u00fd Jind\u0159ich. Stavebn\u00ed in\u017een\u00fdr Pavel podrobuje zm\u00edn\u011bn\u00e9ho pedagoga s um\u011bleckou prax\u00ed drtiv\u00fdm test\u016fm z biblick\u00fdch v\u011bd. Zat\u00edmco kemp, v\u010detn\u011b cel\u00e9ho M\u00e1chova kraje je\u0161t\u011b spokojen\u011b d\u0159\u00edm\u00e1 u\u0161lechtil\u00fdm sp\u00e1nkem, v chat\u011b \u010d\u00edslo jedna pad\u00e1 jedna p\u011btka za druhou. Kum\u0161t\u00fd\u0159 se na kavalci p\u0159evaluje z jedn\u00e9 strany na druhou a na neodbytn\u00e9ho vyzv\u011bda\u010de bu\u010f polohlasn\u011b zavr\u010d\u00ed nebo neodpov\u00ed v\u016fbec. Duchovn\u00edho experta pos\u00edl\u00e1 v duchu k \u010dertu, a tak je na\u010dase vypadnout. Kam jinam ne\u017e k \u010certov\u00fdm hlav\u00e1m!<\/div>\n<div>Dev\u011bt metr\u016f vysok\u00e9 tv\u00e1\u0159e p\u0159isuzovan\u00e9 vl\u00e1dc\u016fm pekel tu v letech 1841 a\u017e 1846 vytesal tehdej\u0161\u00ed kucha\u0159 Lib\u011bchovick\u00e9ho z\u00e1mku, V\u00e1clav Lev\u00fd. Jak na tom byl s kucht\u011bn\u00edm se nev\u00ed, ale ur\u010dit\u011b nebyl lev\u00fd na bouch\u00e1n\u00ed do kamene. Jinak by se pozd\u011bji nepodepsal na socha\u0159sk\u00e9 v\u00fdzdob\u011b mnoha v\u00fdznamn\u00fdch budov, mezi jin\u00fdmi i Katedr\u00e1ly svat\u00e9ho V\u00edta na pra\u017esk\u00fdch Hrad\u010danech.<\/div>\n<div>&nbsp;<\/div>\n<div><a href=\"https:\/\/valasskemezirici.casd.cz\/wp-content\/uploads\/2019\/09\/DSCN4475.jpg\"><img loading=\"lazy\" decoding=\"async\" class=\"alignnone wp-image-5167\" src=\"https:\/\/valasskemezirici.casd.cz\/wp-content\/uploads\/2019\/09\/DSCN4475.jpg\" alt=\"\" width=\"611\" height=\"413\" srcset=\"https:\/\/valasskemezirici.casd.cz\/wp-content\/uploads\/2019\/09\/DSCN4475.jpg 400w, https:\/\/valasskemezirici.casd.cz\/wp-content\/uploads\/2019\/09\/DSCN4475-300x203.jpg 300w\" sizes=\"auto, (max-width: 611px) 100vw, 611px\" \/><\/a><\/div>\n<div><a href=\"https:\/\/valasskemezirici.casd.cz\/wp-content\/uploads\/2019\/09\/DSCN4477.jpg\"><img loading=\"lazy\" decoding=\"async\" class=\"alignnone wp-image-5168\" src=\"https:\/\/valasskemezirici.casd.cz\/wp-content\/uploads\/2019\/09\/DSCN4477.jpg\" alt=\"\" width=\"300\" height=\"202\" srcset=\"https:\/\/valasskemezirici.casd.cz\/wp-content\/uploads\/2019\/09\/DSCN4477.jpg 400w, https:\/\/valasskemezirici.casd.cz\/wp-content\/uploads\/2019\/09\/DSCN4477-300x203.jpg 300w\" sizes=\"auto, (max-width: 300px) 100vw, 300px\" \/><\/a> <a href=\"https:\/\/valasskemezirici.casd.cz\/wp-content\/uploads\/2019\/09\/DSCN4481.jpg\"><img loading=\"lazy\" decoding=\"async\" class=\"alignnone wp-image-5169\" src=\"https:\/\/valasskemezirici.casd.cz\/wp-content\/uploads\/2019\/09\/DSCN4481.jpg\" alt=\"\" width=\"303\" height=\"205\" srcset=\"https:\/\/valasskemezirici.casd.cz\/wp-content\/uploads\/2019\/09\/DSCN4481.jpg 400w, https:\/\/valasskemezirici.casd.cz\/wp-content\/uploads\/2019\/09\/DSCN4481-300x203.jpg 300w\" sizes=\"auto, (max-width: 303px) 100vw, 303px\" \/><\/a><\/div>\n<div><a href=\"https:\/\/valasskemezirici.casd.cz\/wp-content\/uploads\/2019\/09\/DSCN4477.jpg\"><img loading=\"lazy\" decoding=\"async\" class=\"alignnone wp-image-5168\" src=\"https:\/\/valasskemezirici.casd.cz\/wp-content\/uploads\/2019\/09\/DSCN4477.jpg\" alt=\"\" width=\"301\" height=\"203\" srcset=\"https:\/\/valasskemezirici.casd.cz\/wp-content\/uploads\/2019\/09\/DSCN4477.jpg 400w, https:\/\/valasskemezirici.casd.cz\/wp-content\/uploads\/2019\/09\/DSCN4477-300x203.jpg 300w\" sizes=\"auto, (max-width: 301px) 100vw, 301px\" \/><\/a> <a href=\"https:\/\/valasskemezirici.casd.cz\/wp-content\/uploads\/2019\/09\/DSCN4485.jpg\"><img loading=\"lazy\" decoding=\"async\" class=\"alignnone wp-image-5173\" src=\"https:\/\/valasskemezirici.casd.cz\/wp-content\/uploads\/2019\/09\/DSCN4485.jpg\" alt=\"\" width=\"301\" height=\"203\" srcset=\"https:\/\/valasskemezirici.casd.cz\/wp-content\/uploads\/2019\/09\/DSCN4485.jpg 400w, https:\/\/valasskemezirici.casd.cz\/wp-content\/uploads\/2019\/09\/DSCN4485-300x203.jpg 300w\" sizes=\"auto, (max-width: 301px) 100vw, 301px\" \/><\/a><\/div>\n<div>&nbsp;<\/div>\n<div>Ani v\u00fdhled ze zdej\u0161\u00edch p\u00edskovc\u016f nezap\u0159e romantiku sou\u010dasn\u00e9 \u010desk\u00e9 krajiny. Na z\u00e1padn\u00edm horizontu vykukuje dobyt\u00fd \u0158\u00edp, kter\u00e9mu v\u0161ak \u00fasp\u011b\u0161n\u011b konkuruje sebev\u011bdom\u00e1 M\u011blnick\u00e1 elektr\u00e1rna. \u00datlocitn\u00ed jedinci sice ned\u00e1vaj\u00ed, ale vz\u00e1p\u011bt\u00ed se l\u00e1skypln\u011b zahled\u00ed do tabletu \u010di jin\u00e9ho podobn\u00e9ho za\u0159\u00edzen\u00ed, kter\u00e9 by jim bez prokl\u00ednan\u00e9 elekt\u0159iny nebylo k ni\u010demu.<\/div>\n<div><a href=\"https:\/\/valasskemezirici.casd.cz\/wp-content\/uploads\/2019\/09\/DSCN4482.jpg\"><img loading=\"lazy\" decoding=\"async\" class=\"alignnone wp-image-5170\" src=\"https:\/\/valasskemezirici.casd.cz\/wp-content\/uploads\/2019\/09\/DSCN4482.jpg\" alt=\"\" width=\"303\" height=\"204\" srcset=\"https:\/\/valasskemezirici.casd.cz\/wp-content\/uploads\/2019\/09\/DSCN4482.jpg 400w, https:\/\/valasskemezirici.casd.cz\/wp-content\/uploads\/2019\/09\/DSCN4482-300x203.jpg 300w\" sizes=\"auto, (max-width: 303px) 100vw, 303px\" \/><\/a> <a href=\"https:\/\/valasskemezirici.casd.cz\/wp-content\/uploads\/2019\/09\/DSCN4484.jpg\"><img loading=\"lazy\" decoding=\"async\" class=\"alignnone wp-image-5172\" src=\"https:\/\/valasskemezirici.casd.cz\/wp-content\/uploads\/2019\/09\/DSCN4484.jpg\" alt=\"\" width=\"301\" height=\"203\" srcset=\"https:\/\/valasskemezirici.casd.cz\/wp-content\/uploads\/2019\/09\/DSCN4484.jpg 400w, https:\/\/valasskemezirici.casd.cz\/wp-content\/uploads\/2019\/09\/DSCN4484-300x203.jpg 300w\" sizes=\"auto, (max-width: 301px) 100vw, 301px\" \/><\/a><\/div>\n<div>Zcela bezprobl\u00e9mov\u00e9 posezen\u00ed v\u0161ak nab\u00edz\u00ed okraj vesni\u010dky \u017del\u00edzy. N\u011bkdo tu se \u017eeleznou trp\u011blivost\u00ed vys\u00e1zel rozlehl\u00fd z\u00e1hon pestrobarevn\u00fdch ji\u0159in. Ty neodbytn\u011b avizuj\u00ed p\u0159\u00edchod podzimu. P\u0159esto se tu postupn\u011b houfuj\u00ed jak reprezentanti tohoto ro\u010dn\u00edho obdob\u00ed, tak letit\u00e1 \u010di p\u0159\u00edmo jar\u00e1 ml\u00e1de\u017e. N\u011bkte\u0159\u00ed tady vydr\u017e\u00ed p\u011bkn\u00fdch p\u00e1r p\u0159\u00ed\u0161t\u00edch chvil, jin\u00ed hned vyr\u00e1\u017eej\u00ed za nov\u00fdm dobrodru\u017estv\u00edm.<br \/>\n&nbsp;<\/div>\n<div><a href=\"https:\/\/valasskemezirici.casd.cz\/wp-content\/uploads\/2019\/09\/DSCN4473.jpg\"><img loading=\"lazy\" decoding=\"async\" class=\"alignnone wp-image-5166\" src=\"https:\/\/valasskemezirici.casd.cz\/wp-content\/uploads\/2019\/09\/DSCN4473.jpg\" alt=\"\" width=\"300\" height=\"202\" srcset=\"https:\/\/valasskemezirici.casd.cz\/wp-content\/uploads\/2019\/09\/DSCN4473.jpg 400w, https:\/\/valasskemezirici.casd.cz\/wp-content\/uploads\/2019\/09\/DSCN4473-300x203.jpg 300w\" sizes=\"auto, (max-width: 300px) 100vw, 300px\" \/><\/a> <a href=\"https:\/\/valasskemezirici.casd.cz\/wp-content\/uploads\/2019\/09\/DSCN4488.jpg\"><img loading=\"lazy\" decoding=\"async\" class=\"alignnone wp-image-5175\" src=\"https:\/\/valasskemezirici.casd.cz\/wp-content\/uploads\/2019\/09\/DSCN4488.jpg\" alt=\"\" width=\"301\" height=\"203\" srcset=\"https:\/\/valasskemezirici.casd.cz\/wp-content\/uploads\/2019\/09\/DSCN4488.jpg 400w, https:\/\/valasskemezirici.casd.cz\/wp-content\/uploads\/2019\/09\/DSCN4488-300x203.jpg 300w\" sizes=\"auto, (max-width: 301px) 100vw, 301px\" \/><\/a><\/div>\n<div><a href=\"https:\/\/valasskemezirici.casd.cz\/wp-content\/uploads\/2019\/09\/DSCN4489.jpg\"><img loading=\"lazy\" decoding=\"async\" class=\"alignnone wp-image-5176\" src=\"https:\/\/valasskemezirici.casd.cz\/wp-content\/uploads\/2019\/09\/DSCN4489.jpg\" alt=\"\" width=\"604\" height=\"408\" srcset=\"https:\/\/valasskemezirici.casd.cz\/wp-content\/uploads\/2019\/09\/DSCN4489.jpg 400w, https:\/\/valasskemezirici.casd.cz\/wp-content\/uploads\/2019\/09\/DSCN4489-300x203.jpg 300w\" sizes=\"auto, (max-width: 604px) 100vw, 604px\" \/><\/a><\/div>\n<div>Dal\u0161\u00edm d\u00edlem kamenosocha\u0159sk\u00e9ho seri\u00e1lu je nedalek\u00e1 jeskyn\u011b Kl\u00e1celka. Pojmenov\u00e1n\u00ed dostala od bajky jist\u00e9ho F. M. Kl\u00e1cela, na jej\u00ed\u017e motivy tu pr\u00e1v\u011b Lev\u00fd V\u00e1clav vytesal vpravd\u011b monument\u00e1ln\u00ed poh\u00e1dkov\u00e9 postavy. Krom\u011b nich tak\u00e9 bojovn\u00e9 m\u00edrotv\u016frce z husitsk\u00fdch v\u00e1lek i samotnou jeskyni zasazenou do bludi\u0161t\u011b v\u00edce \u010di m\u00e9n\u011b zr\u00e1dn\u00fdch skaln\u00edch z\u00e1kout\u00ed.<\/div>\n<div><a href=\"https:\/\/valasskemezirici.casd.cz\/wp-content\/uploads\/2019\/09\/DSCN4507.jpg\"><img loading=\"lazy\" decoding=\"async\" class=\"alignnone wp-image-5184\" src=\"https:\/\/valasskemezirici.casd.cz\/wp-content\/uploads\/2019\/09\/DSCN4507.jpg\" alt=\"\" width=\"301\" height=\"446\" srcset=\"https:\/\/valasskemezirici.casd.cz\/wp-content\/uploads\/2019\/09\/DSCN4507.jpg 270w, https:\/\/valasskemezirici.casd.cz\/wp-content\/uploads\/2019\/09\/DSCN4507-203x300.jpg 203w\" sizes=\"auto, (max-width: 301px) 100vw, 301px\" \/><\/a><a href=\"https:\/\/valasskemezirici.casd.cz\/wp-content\/uploads\/2019\/09\/DSCN4491.jpg\"><img loading=\"lazy\" decoding=\"async\" class=\"alignnone wp-image-5178\" src=\"https:\/\/valasskemezirici.casd.cz\/wp-content\/uploads\/2019\/09\/DSCN4491.jpg\" alt=\"\" width=\"301\" height=\"446\" srcset=\"https:\/\/valasskemezirici.casd.cz\/wp-content\/uploads\/2019\/09\/DSCN4491.jpg 270w, https:\/\/valasskemezirici.casd.cz\/wp-content\/uploads\/2019\/09\/DSCN4491-203x300.jpg 203w\" sizes=\"auto, (max-width: 301px) 100vw, 301px\" \/><\/a><\/div>\n<div><a href=\"https:\/\/valasskemezirici.casd.cz\/wp-content\/uploads\/2019\/09\/DSCN4503.jpg\"><img loading=\"lazy\" decoding=\"async\" class=\"alignnone wp-image-5183\" src=\"https:\/\/valasskemezirici.casd.cz\/wp-content\/uploads\/2019\/09\/DSCN4503.jpg\" alt=\"\" width=\"299\" height=\"202\" srcset=\"https:\/\/valasskemezirici.casd.cz\/wp-content\/uploads\/2019\/09\/DSCN4503.jpg 400w, https:\/\/valasskemezirici.casd.cz\/wp-content\/uploads\/2019\/09\/DSCN4503-300x203.jpg 300w\" sizes=\"auto, (max-width: 299px) 100vw, 299px\" \/><\/a> <a href=\"https:\/\/valasskemezirici.casd.cz\/wp-content\/uploads\/2019\/09\/DSCN4502.jpg\"><img loading=\"lazy\" decoding=\"async\" class=\"alignnone wp-image-5182\" src=\"https:\/\/valasskemezirici.casd.cz\/wp-content\/uploads\/2019\/09\/DSCN4502.jpg\" alt=\"\" width=\"298\" height=\"201\" srcset=\"https:\/\/valasskemezirici.casd.cz\/wp-content\/uploads\/2019\/09\/DSCN4502.jpg 400w, https:\/\/valasskemezirici.casd.cz\/wp-content\/uploads\/2019\/09\/DSCN4502-300x203.jpg 300w\" sizes=\"auto, (max-width: 298px) 100vw, 298px\" \/><\/a><\/div>\n<div><a href=\"https:\/\/valasskemezirici.casd.cz\/wp-content\/uploads\/2019\/09\/DSCN4500.jpg\"><img loading=\"lazy\" decoding=\"async\" class=\"alignnone wp-image-5181\" src=\"https:\/\/valasskemezirici.casd.cz\/wp-content\/uploads\/2019\/09\/DSCN4500.jpg\" alt=\"\" width=\"297\" height=\"200\" srcset=\"https:\/\/valasskemezirici.casd.cz\/wp-content\/uploads\/2019\/09\/DSCN4500.jpg 400w, https:\/\/valasskemezirici.casd.cz\/wp-content\/uploads\/2019\/09\/DSCN4500-300x203.jpg 300w\" sizes=\"auto, (max-width: 297px) 100vw, 297px\" \/><\/a> <a href=\"https:\/\/valasskemezirici.casd.cz\/wp-content\/uploads\/2019\/09\/DSCN4495.jpg\"><img loading=\"lazy\" decoding=\"async\" class=\"alignnone wp-image-5180\" src=\"https:\/\/valasskemezirici.casd.cz\/wp-content\/uploads\/2019\/09\/DSCN4495.jpg\" alt=\"\" width=\"296\" height=\"200\" srcset=\"https:\/\/valasskemezirici.casd.cz\/wp-content\/uploads\/2019\/09\/DSCN4495.jpg 400w, https:\/\/valasskemezirici.casd.cz\/wp-content\/uploads\/2019\/09\/DSCN4495-300x203.jpg 300w\" sizes=\"auto, (max-width: 296px) 100vw, 296px\" \/><\/a><\/div>\n<div>P\u0159ed polednem naskakujeme na o\u0159e a m\u00e1chnut\u00edm ruky se p\u0159esunujeme k \u00fapln\u011b posledn\u00ed \u0161taci, k M\u00e1chovu jezeru. Jedn\u00e1 se o osm\u00fd nejv\u011bt\u0161\u00ed rybn\u00edk v \u010cesku, kter\u00fd rozk\u00e1zal vybudovat s\u00e1m velk\u00fd Karel IV. M\u00e1 rozlohu p\u0159ibli\u017en\u011b t\u0159\u00ed stovek hektar\u016f a maxim\u00e1ln\u00ed hloubku kolem p\u011bti metr\u016f. M\u00e1chaj\u00ed se tu p\u0159edev\u0161\u00edm spo\u0159e od\u011bn\u00e9 sle\u010dny, a kdy\u017e se p\u0159evrhne pendluj\u00edc\u00ed motorov\u00e9 plavidlo, potom i prostorov\u011b v\u00fdrazn\u011bj\u0161\u00ed rekreanti. P\u0159esto\u017ee je tato vodn\u00ed plocha p\u0159isuzov\u00e1na zm\u00edn\u011bn\u00e9mu b\u00e1sn\u00edkovi, ten se tu pravd\u011bpodobn\u011b nikdy po\u0159\u00e1dn\u011b nesmo\u010dil. N\u00e1zev M\u00e1chovo jezero je ofici\u00e1ln\u011b uv\u00e1d\u011bn a\u017e od roku 1961.<\/div>\n<div><a href=\"https:\/\/valasskemezirici.casd.cz\/wp-content\/uploads\/2019\/09\/DSCN4510.jpg\"><img loading=\"lazy\" decoding=\"async\" class=\"alignnone wp-image-5187\" src=\"https:\/\/valasskemezirici.casd.cz\/wp-content\/uploads\/2019\/09\/DSCN4510.jpg\" alt=\"\" width=\"297\" height=\"200\" srcset=\"https:\/\/valasskemezirici.casd.cz\/wp-content\/uploads\/2019\/09\/DSCN4510.jpg 400w, https:\/\/valasskemezirici.casd.cz\/wp-content\/uploads\/2019\/09\/DSCN4510-300x203.jpg 300w\" sizes=\"auto, (max-width: 297px) 100vw, 297px\" \/><\/a> <a href=\"https:\/\/valasskemezirici.casd.cz\/wp-content\/uploads\/2019\/09\/DSCN4511.jpg\"><img loading=\"lazy\" decoding=\"async\" class=\"alignnone wp-image-5188\" src=\"https:\/\/valasskemezirici.casd.cz\/wp-content\/uploads\/2019\/09\/DSCN4511.jpg\" alt=\"\" width=\"297\" height=\"200\" srcset=\"https:\/\/valasskemezirici.casd.cz\/wp-content\/uploads\/2019\/09\/DSCN4511.jpg 400w, https:\/\/valasskemezirici.casd.cz\/wp-content\/uploads\/2019\/09\/DSCN4511-300x203.jpg 300w\" sizes=\"auto, (max-width: 297px) 100vw, 297px\" \/><\/a><\/div>\n<div>Velice rychle opou\u0161t\u00edm ru\u0161n\u00fd babylon u p\u0159\u00edstavi\u0161t\u011b a \u00faprkem miz\u00edm z dosahu nek\u0159es\u0165ansky zpoplatn\u011bn\u00e9 ofici\u00e1ln\u00ed pl\u00e1\u017ee. Borovicov\u00fdmi lesy se prot\u00e1hnu a\u017e k sam\u00e9mu konci jezera, kter\u00e9 tu poznen\u00e1hlu p\u0159ech\u00e1z\u00ed v mechem zarostl\u00e9 ba\u017einy. Zat\u00edmco v preferovan\u00fdch lokalit\u00e1ch naraz\u00edm v lese nanejv\u00fd\u0161 na tlej\u00edc\u00ed zbytky toaletn\u00edch pap\u00edr\u016f, tady na mne vykukuj\u00ed par\u00e1dn\u00ed exempl\u00e1\u0159e z \u0159\u00ed\u0161e jedl\u00fdch hub. Netrv\u00e1 dlouho a zapln\u00edm jimi bezm\u00e1la polovinu sv\u00e9ho pohotovostn\u00edho ba\u0165\u016f\u017eku. P\u0159\u00ed\u0161t\u00edho dne se m\u011bn\u00ed ve v\u00fdte\u010dnou sma\u017eenici a nedosti\u017enou houbovou om\u00e1\u010dku.<\/div>\n<div><a href=\"https:\/\/valasskemezirici.casd.cz\/wp-content\/uploads\/2019\/09\/DSCN4516.jpg\"><img loading=\"lazy\" decoding=\"async\" class=\"alignnone wp-image-5189\" src=\"https:\/\/valasskemezirici.casd.cz\/wp-content\/uploads\/2019\/09\/DSCN4516.jpg\" alt=\"\" width=\"301\" height=\"203\" srcset=\"https:\/\/valasskemezirici.casd.cz\/wp-content\/uploads\/2019\/09\/DSCN4516.jpg 400w, https:\/\/valasskemezirici.casd.cz\/wp-content\/uploads\/2019\/09\/DSCN4516-300x203.jpg 300w\" sizes=\"auto, (max-width: 301px) 100vw, 301px\" \/><\/a><a href=\"https:\/\/valasskemezirici.casd.cz\/wp-content\/uploads\/2019\/09\/DSCN4524.jpg\"><img loading=\"lazy\" decoding=\"async\" class=\"alignnone wp-image-5191\" src=\"https:\/\/valasskemezirici.casd.cz\/wp-content\/uploads\/2019\/09\/DSCN4524.jpg\" alt=\"\" width=\"296\" height=\"200\" srcset=\"https:\/\/valasskemezirici.casd.cz\/wp-content\/uploads\/2019\/09\/DSCN4524.jpg 400w, https:\/\/valasskemezirici.casd.cz\/wp-content\/uploads\/2019\/09\/DSCN4524-300x203.jpg 300w\" sizes=\"auto, (max-width: 296px) 100vw, 296px\" \/><\/a><\/div>\n<div><a href=\"https:\/\/valasskemezirici.casd.cz\/wp-content\/uploads\/2019\/09\/DSCN4527.jpg\"><img loading=\"lazy\" decoding=\"async\" class=\"alignnone wp-image-5192\" src=\"https:\/\/valasskemezirici.casd.cz\/wp-content\/uploads\/2019\/09\/DSCN4527.jpg\" alt=\"\" width=\"321\" height=\"217\" srcset=\"https:\/\/valasskemezirici.casd.cz\/wp-content\/uploads\/2019\/09\/DSCN4527.jpg 400w, https:\/\/valasskemezirici.casd.cz\/wp-content\/uploads\/2019\/09\/DSCN4527-300x203.jpg 300w\" sizes=\"auto, (max-width: 321px) 100vw, 321px\" \/><\/a> <a href=\"https:\/\/valasskemezirici.casd.cz\/wp-content\/uploads\/2019\/09\/DSCN4541.jpg\"><img loading=\"lazy\" decoding=\"async\" class=\"alignnone size-full wp-image-5194\" src=\"https:\/\/valasskemezirici.casd.cz\/wp-content\/uploads\/2019\/09\/DSCN4541.jpg\" alt=\"\" width=\"271\" height=\"400\" srcset=\"https:\/\/valasskemezirici.casd.cz\/wp-content\/uploads\/2019\/09\/DSCN4541.jpg 271w, https:\/\/valasskemezirici.casd.cz\/wp-content\/uploads\/2019\/09\/DSCN4541-203x300.jpg 203w\" sizes=\"auto, (max-width: 271px) 100vw, 271px\" \/><\/a><\/div>\n<div>V\u011bt\u0161ina v\u00fdpravy se spokoj\u00ed s lidnat\u00fdm pob\u0159e\u017e\u00edm, ale j\u00e1 si rad\u011bji hraji na r\u00e1kosn\u00edka. V dokonal\u00e9m soukrom\u00ed si tu u\u017e\u00edv\u00e1m p\u0159\u00edjemn\u00e9 vody, zlat\u00e9ho slunce i nenahraditeln\u00e9ho pocitu nespoutan\u00e9 volnosti.<\/div>\n<div><a href=\"https:\/\/valasskemezirici.casd.cz\/wp-content\/uploads\/2019\/09\/DSCN4552.jpg\"><img loading=\"lazy\" decoding=\"async\" class=\"alignnone wp-image-5198\" src=\"https:\/\/valasskemezirici.casd.cz\/wp-content\/uploads\/2019\/09\/DSCN4552.jpg\" alt=\"\" width=\"297\" height=\"201\" srcset=\"https:\/\/valasskemezirici.casd.cz\/wp-content\/uploads\/2019\/09\/DSCN4552.jpg 400w, https:\/\/valasskemezirici.casd.cz\/wp-content\/uploads\/2019\/09\/DSCN4552-300x203.jpg 300w\" sizes=\"auto, (max-width: 297px) 100vw, 297px\" \/><\/a> <a href=\"https:\/\/valasskemezirici.casd.cz\/wp-content\/uploads\/2019\/09\/DSCN4549.jpg\"><img loading=\"lazy\" decoding=\"async\" class=\"alignnone wp-image-5197\" src=\"https:\/\/valasskemezirici.casd.cz\/wp-content\/uploads\/2019\/09\/DSCN4549.jpg\" alt=\"\" width=\"295\" height=\"199\" srcset=\"https:\/\/valasskemezirici.casd.cz\/wp-content\/uploads\/2019\/09\/DSCN4549.jpg 400w, https:\/\/valasskemezirici.casd.cz\/wp-content\/uploads\/2019\/09\/DSCN4549-300x203.jpg 300w\" sizes=\"auto, (max-width: 295px) 100vw, 295px\" \/><\/a><\/div>\n<div><a href=\"https:\/\/valasskemezirici.casd.cz\/wp-content\/uploads\/2019\/09\/DSCN4542.jpg\"><img loading=\"lazy\" decoding=\"async\" class=\"alignnone wp-image-5195\" src=\"https:\/\/valasskemezirici.casd.cz\/wp-content\/uploads\/2019\/09\/DSCN4542.jpg\" alt=\"\" width=\"297\" height=\"201\" srcset=\"https:\/\/valasskemezirici.casd.cz\/wp-content\/uploads\/2019\/09\/DSCN4542.jpg 400w, https:\/\/valasskemezirici.casd.cz\/wp-content\/uploads\/2019\/09\/DSCN4542-300x203.jpg 300w\" sizes=\"auto, (max-width: 297px) 100vw, 297px\" \/><\/a> <a href=\"https:\/\/valasskemezirici.casd.cz\/wp-content\/uploads\/2019\/09\/DSCN4517.jpg\"><img loading=\"lazy\" decoding=\"async\" class=\"alignnone wp-image-5190\" src=\"https:\/\/valasskemezirici.casd.cz\/wp-content\/uploads\/2019\/09\/DSCN4517.jpg\" alt=\"\" width=\"296\" height=\"200\" srcset=\"https:\/\/valasskemezirici.casd.cz\/wp-content\/uploads\/2019\/09\/DSCN4517.jpg 400w, https:\/\/valasskemezirici.casd.cz\/wp-content\/uploads\/2019\/09\/DSCN4517-300x203.jpg 300w\" sizes=\"auto, (max-width: 296px) 100vw, 296px\" \/><\/a><\/div>\n<div>Na po\u0159adu dne je u\u017e jenom nezbytn\u00fd p\u0159esun na domovsk\u00fd D\u00e1ln\u00fd V\u00fdchod. Za\u010d\u00edn\u00e1 po t\u0159et\u00ed odpoledn\u00ed a kon\u010d\u00ed o p\u011bt a p\u016fl hodiny pozd\u011bji. D\u00edky Bohu, bez jak\u00e9hokoliv karambolu. Na Vala\u0161sku dozn\u00edvaj\u00ed bou\u0159ky a krajin\u011b vl\u00e1dne slu\u0161n\u00e1 tma. Obj\u00edm\u00e1me Mamine\u010dku p\u0159edstavenou a ud\u011blujeme j\u00ed zaslou\u017eenou pochvalu. Dobr\u00e9 d\u00edlo se poda\u0159ilo a to se j\u00ed po\u010d\u00edt\u00e1 k dobru! Te\u010f u\u017e jen netrp\u011bliv\u011b \u010dek\u00e1me na pozv\u00e1n\u00ed ke svatebn\u00ed tabuli&#8230;<\/div>\n<div><a href=\"https:\/\/valasskemezirici.casd.cz\/wp-content\/uploads\/2019\/09\/DSCN4324.jpg\"><img loading=\"lazy\" decoding=\"async\" class=\"alignnone wp-image-5089\" src=\"https:\/\/valasskemezirici.casd.cz\/wp-content\/uploads\/2019\/09\/DSCN4324.jpg\" alt=\"\" width=\"594\" height=\"401\" srcset=\"https:\/\/valasskemezirici.casd.cz\/wp-content\/uploads\/2019\/09\/DSCN4324.jpg 400w, https:\/\/valasskemezirici.casd.cz\/wp-content\/uploads\/2019\/09\/DSCN4324-300x203.jpg 300w\" sizes=\"auto, (max-width: 594px) 100vw, 594px\" \/><\/a><\/div>\n<div>&nbsp;<\/div>\n<\/div>\n<\/div>\n<p><!--nextpage--><\/p>\n","protected":false},"excerpt":{"rendered":"<p>Tam, u M\u011bln\u00edka &#8211; sborov\u00fd v\u00fdlet Iwany Petrowny Napsal a nafotil Franta publik\u00e1n Tomanec &nbsp; &nbsp;<\/p>\n","protected":false},"author":1,"featured_media":0,"comment_status":"closed","ping_status":"open","sticky":false,"template":"","format":"standard","meta":{"ngg_post_thumbnail":0,"footnotes":""},"categories":[1],"tags":[],"class_list":["post-5020","post","type-post","status-publish","format-standard","hentry","category-nezarazene"],"_links":{"self":[{"href":"https:\/\/valasskemezirici.casd.cz\/index.php?rest_route=\/wp\/v2\/posts\/5020","targetHints":{"allow":["GET"]}}],"collection":[{"href":"https:\/\/valasskemezirici.casd.cz\/index.php?rest_route=\/wp\/v2\/posts"}],"about":[{"href":"https:\/\/valasskemezirici.casd.cz\/index.php?rest_route=\/wp\/v2\/types\/post"}],"author":[{"embeddable":true,"href":"https:\/\/valasskemezirici.casd.cz\/index.php?rest_route=\/wp\/v2\/users\/1"}],"replies":[{"embeddable":true,"href":"https:\/\/valasskemezirici.casd.cz\/index.php?rest_route=%2Fwp%2Fv2%2Fcomments&post=5020"}],"version-history":[{"count":6,"href":"https:\/\/valasskemezirici.casd.cz\/index.php?rest_route=\/wp\/v2\/posts\/5020\/revisions"}],"predecessor-version":[{"id":5309,"href":"https:\/\/valasskemezirici.casd.cz\/index.php?rest_route=\/wp\/v2\/posts\/5020\/revisions\/5309"}],"wp:attachment":[{"href":"https:\/\/valasskemezirici.casd.cz\/index.php?rest_route=%2Fwp%2Fv2%2Fmedia&parent=5020"}],"wp:term":[{"taxonomy":"category","embeddable":true,"href":"https:\/\/valasskemezirici.casd.cz\/index.php?rest_route=%2Fwp%2Fv2%2Fcategories&post=5020"},{"taxonomy":"post_tag","embeddable":true,"href":"https:\/\/valasskemezirici.casd.cz\/index.php?rest_route=%2Fwp%2Fv2%2Ftags&post=5020"}],"curies":[{"name":"wp","href":"https:\/\/api.w.org\/{rel}","templated":true}]}}