{"id":5208,"date":"2019-09-07T23:49:26","date_gmt":"2019-09-07T21:49:26","guid":{"rendered":"http:\/\/valasskemezirici.casd.cz\/?p=5208"},"modified":"2019-10-18T19:02:17","modified_gmt":"2019-10-18T17:02:17","slug":"sobota-31-srpna-2019","status":"publish","type":"post","link":"https:\/\/valasskemezirici.casd.cz\/?p=5208","title":{"rendered":"Sobota 31.srpna 2019"},"content":{"rendered":"<p style=\"text-align: justify;\">Osv\u011b\u017eeni sborov\u00fdm v\u00fdletem do dalek\u00e9 Polabsk\u00e9 n\u00ed\u017einy jsme se op\u011bt v\u0161ichni se\u0161li v na\u0161\u00ed \u00fatuln\u00e9 modlitebn\u011b. V\u0161ichni spokojen\u00ed, odpo\u010dinut\u00ed a op\u00e1len\u00ed. Co naplat &#8211; pr\u00e1zdniny kon\u010d\u00ed, \u0161kola vol\u00e1, a to i ta na\u0161e sobotn\u00ed na t\u00e9ma <em>Slu\u017eba v novoz\u00e1konn\u00ed c\u00edrkvi<\/em>, kterou n\u00e1s provedl Petr Ch\u00e1ra. Ml\u00e1de\u017ei se v\u011bnovala Iva Bure\u0161ov\u00e1 a &#8222;budoucnost na\u0161\u00ed c\u00edrkve&#8220; si pov\u00eddala o Janu K\u0159titeli \u0159e\u0161ila probl\u00e9m stvo\u0159en\u00ed versus evoluce.<\/p>\n<p style=\"text-align: justify;\"><!--more--><\/p>\n<p style=\"text-align: justify;\">Slov\u00ed\u010dko p\u0159ed k\u00e1z\u00e1n\u00edm Ivy bylo o navigaci, a nejen o t\u00e9 automobilov\u00e9, n\u00fdbr\u017e i o GPS v na\u0161\u00ed hlav\u011b, ale hlavn\u011b o Bohu jako na\u0161\u00ed nejlep\u0161\u00ed navigaci. K\u00e1z\u00e1n\u00edm n\u00e1m poslou\u017eil n\u00e1\u0161 nov\u00fd kazatel Hynek Dona, kter\u00fd se kone\u010dn\u011b p\u0159em\u00edstil ze severu Moravy do na\u0161eho Vala\u0161sk\u00e9ho kraje.<\/p>\n<p style=\"text-align: justify;\"><a href=\"https:\/\/valasskemezirici.casd.cz\/wp-content\/uploads\/2019\/09\/69589811_901127206925259_5223887624552316928_n.jpg\"><img loading=\"lazy\" decoding=\"async\" class=\"alignnone wp-image-5209\" src=\"https:\/\/valasskemezirici.casd.cz\/wp-content\/uploads\/2019\/09\/69589811_901127206925259_5223887624552316928_n.jpg\" alt=\"\" width=\"297\" height=\"403\" srcset=\"https:\/\/valasskemezirici.casd.cz\/wp-content\/uploads\/2019\/09\/69589811_901127206925259_5223887624552316928_n.jpg 576w, https:\/\/valasskemezirici.casd.cz\/wp-content\/uploads\/2019\/09\/69589811_901127206925259_5223887624552316928_n-222x300.jpg 222w\" sizes=\"auto, (max-width: 297px) 100vw, 297px\" \/><\/a> <a href=\"https:\/\/valasskemezirici.casd.cz\/wp-content\/uploads\/2019\/09\/69624154_464877270777563_8309275143679508480_n.jpg\"><img loading=\"lazy\" decoding=\"async\" class=\"alignnone wp-image-5210\" src=\"https:\/\/valasskemezirici.casd.cz\/wp-content\/uploads\/2019\/09\/69624154_464877270777563_8309275143679508480_n.jpg\" alt=\"\" width=\"295\" height=\"400\" srcset=\"https:\/\/valasskemezirici.casd.cz\/wp-content\/uploads\/2019\/09\/69624154_464877270777563_8309275143679508480_n.jpg 576w, https:\/\/valasskemezirici.casd.cz\/wp-content\/uploads\/2019\/09\/69624154_464877270777563_8309275143679508480_n-222x300.jpg 222w\" sizes=\"auto, (max-width: 295px) 100vw, 295px\" \/><\/a><\/p>\n<p><a href=\"https:\/\/valasskemezirici.casd.cz\/wp-content\/uploads\/2019\/09\/69812613_2278601268932153_7460139570726699008_n.jpg\"><img loading=\"lazy\" decoding=\"async\" class=\"alignnone wp-image-5211\" src=\"https:\/\/valasskemezirici.casd.cz\/wp-content\/uploads\/2019\/09\/69812613_2278601268932153_7460139570726699008_n.jpg\" alt=\"\" width=\"594\" height=\"445\" srcset=\"https:\/\/valasskemezirici.casd.cz\/wp-content\/uploads\/2019\/09\/69812613_2278601268932153_7460139570726699008_n.jpg 1560w, https:\/\/valasskemezirici.casd.cz\/wp-content\/uploads\/2019\/09\/69812613_2278601268932153_7460139570726699008_n-300x225.jpg 300w, https:\/\/valasskemezirici.casd.cz\/wp-content\/uploads\/2019\/09\/69812613_2278601268932153_7460139570726699008_n-768x576.jpg 768w, https:\/\/valasskemezirici.casd.cz\/wp-content\/uploads\/2019\/09\/69812613_2278601268932153_7460139570726699008_n-1024x768.jpg 1024w\" sizes=\"auto, (max-width: 594px) 100vw, 594px\" \/><\/a><\/p>\n<p style=\"text-align: justify;\">Ne v\u0161ichni \u010dlenov\u00e9 se z\u00fa\u010dastnili minul\u00fd t\u00fdden na\u0161eho v\u00fdletu. Proto n\u00e1m Iva prom\u00edtla fotky z na\u0161eho pobytu v Polabsk\u00e9 n\u00ed\u017ein\u011b. Shl\u00e9dli jsme tak\u00e9 videa, kter\u00e1 Iva vytvo\u0159ila pro sbor v Litom\u011b\u0159ic\u00edch, u kter\u00e9ho jsme tr\u00e1vili po\u017eehnanou sobotu, a kter\u00e1 se kv\u016fli p\u0159\u00edli\u0161n\u00e9mu slune\u010dn\u00edmu svitu nedala v \u010cech\u00e1ch moc dob\u0159e shl\u00e9dnout. A potom u\u017e jsme se v\u0161ichni p\u0159esunuli do Vala\u0161sk\u00e9 Byst\u0159ice k Mro\u010dk\u016fm na setk\u00e1n\u00ed K\u0159es\u0165ansk\u00e9ho domova. Je t\u0159eba spole\u010dn\u011b zakon\u010dit pr\u00e1zdniny !<\/p>\n<p style=\"text-align: justify;\">P\u0159\u00edjezdov\u00e1 cesta nad rodin\u00fdm domkem Mro\u010dk\u016f se brzy zaplnil v\u011bt\u0161\u00edmi i men\u0161\u00edmi vozidly a v\u0161ichni jsme se hladov\u011b vrhli do proslun\u011bn\u00e9 kuchyn\u011b. O\u010dek\u00e1valy n\u00e1s tam dva druhy vo\u0148av\u00fdch pol\u00e9vek, kter\u00e9 zmizely rychlost\u00ed sv\u011btla. Pot\u00e9 jsme se p\u0159esunuli na zahradu k trampol\u00edn\u011b, na n\u00ed\u017e si sk\u00e1k\u00e1n\u00edm protahovala t\u011bna na\u0161e mil\u00e1 omladina. Star\u0161\u00ed kousky se rad\u011bji vsunuly pod trampol\u00ednu do milosrdn\u00e9ho st\u00ednu, proto\u017ee teplom\u011br za\u010dal nebezpe\u010dn\u011b stoupat k tropick\u00e9 t\u0159ic\u00edtce. L\u00e9tu se evidentn\u011b nechce opustit vedouc\u00ed pozici.<\/p>\n<p style=\"text-align: justify;\"><a href=\"https:\/\/valasskemezirici.casd.cz\/wp-content\/uploads\/2019\/09\/69788742_2171908013102525_5122145776364945408_n.jpg\"><img loading=\"lazy\" decoding=\"async\" class=\"alignnone wp-image-5212\" src=\"https:\/\/valasskemezirici.casd.cz\/wp-content\/uploads\/2019\/09\/69788742_2171908013102525_5122145776364945408_n.jpg\" alt=\"\" width=\"435\" height=\"589\" srcset=\"https:\/\/valasskemezirici.casd.cz\/wp-content\/uploads\/2019\/09\/69788742_2171908013102525_5122145776364945408_n.jpg 576w, https:\/\/valasskemezirici.casd.cz\/wp-content\/uploads\/2019\/09\/69788742_2171908013102525_5122145776364945408_n-222x300.jpg 222w\" sizes=\"auto, (max-width: 435px) 100vw, 435px\" \/><\/a><\/p>\n<p style=\"text-align: justify;\">Odkl\u00e1dac\u00ed stole\u010dek se zaplnil neskute\u010dn\u00fdm mno\u017estv\u00edm dobrot, kter\u00e9 n\u00e1m p\u0159ipravily sestry ze sbore\u010dku. Bylo by \u0161koda nechat ty dobroty rozeh\u0159\u00e1t, proto hrrr na n\u011b ! \ud83d\ude42 V\u0161ichni jsme se pohodln\u011b usadili na p\u0159ipraven\u00e9 lavi\u010dky, nad hlavami rozev\u0159eli de\u0161tn\u00edky nahrazuj\u00edc\u00ed slune\u010dn\u00edky a u\u017e\u00edvali jsme si sobotn\u00ed pohodu.<\/p>\n<p style=\"text-align: justify;\"><a href=\"https:\/\/valasskemezirici.casd.cz\/wp-content\/uploads\/2019\/09\/69552586_1243377509177164_1311877329403772928_n.jpg\"><img loading=\"lazy\" decoding=\"async\" class=\"alignnone wp-image-5213\" src=\"https:\/\/valasskemezirici.casd.cz\/wp-content\/uploads\/2019\/09\/69552586_1243377509177164_1311877329403772928_n.jpg\" alt=\"\" width=\"593\" height=\"445\" srcset=\"https:\/\/valasskemezirici.casd.cz\/wp-content\/uploads\/2019\/09\/69552586_1243377509177164_1311877329403772928_n.jpg 1560w, https:\/\/valasskemezirici.casd.cz\/wp-content\/uploads\/2019\/09\/69552586_1243377509177164_1311877329403772928_n-300x225.jpg 300w, https:\/\/valasskemezirici.casd.cz\/wp-content\/uploads\/2019\/09\/69552586_1243377509177164_1311877329403772928_n-768x576.jpg 768w, https:\/\/valasskemezirici.casd.cz\/wp-content\/uploads\/2019\/09\/69552586_1243377509177164_1311877329403772928_n-1024x768.jpg 1024w\" sizes=\"auto, (max-width: 593px) 100vw, 593px\" \/><\/a> <a href=\"https:\/\/valasskemezirici.casd.cz\/wp-content\/uploads\/2019\/09\/69619826_520033192134088_7332651884680839168_n.jpg\"><img loading=\"lazy\" decoding=\"async\" class=\"alignnone wp-image-5214\" src=\"https:\/\/valasskemezirici.casd.cz\/wp-content\/uploads\/2019\/09\/69619826_520033192134088_7332651884680839168_n.jpg\" alt=\"\" width=\"594\" height=\"445\" srcset=\"https:\/\/valasskemezirici.casd.cz\/wp-content\/uploads\/2019\/09\/69619826_520033192134088_7332651884680839168_n.jpg 1560w, https:\/\/valasskemezirici.casd.cz\/wp-content\/uploads\/2019\/09\/69619826_520033192134088_7332651884680839168_n-300x225.jpg 300w, https:\/\/valasskemezirici.casd.cz\/wp-content\/uploads\/2019\/09\/69619826_520033192134088_7332651884680839168_n-768x576.jpg 768w, https:\/\/valasskemezirici.casd.cz\/wp-content\/uploads\/2019\/09\/69619826_520033192134088_7332651884680839168_n-1024x768.jpg 1024w\" sizes=\"auto, (max-width: 594px) 100vw, 594px\" \/><\/a> <a href=\"https:\/\/valasskemezirici.casd.cz\/wp-content\/uploads\/2019\/09\/69641867_487444942095072_5708712101384552448_n.jpg\"><img loading=\"lazy\" decoding=\"async\" class=\"alignnone wp-image-5215\" src=\"https:\/\/valasskemezirici.casd.cz\/wp-content\/uploads\/2019\/09\/69641867_487444942095072_5708712101384552448_n.jpg\" alt=\"\" width=\"593\" height=\"445\" srcset=\"https:\/\/valasskemezirici.casd.cz\/wp-content\/uploads\/2019\/09\/69641867_487444942095072_5708712101384552448_n.jpg 780w, https:\/\/valasskemezirici.casd.cz\/wp-content\/uploads\/2019\/09\/69641867_487444942095072_5708712101384552448_n-300x225.jpg 300w, https:\/\/valasskemezirici.casd.cz\/wp-content\/uploads\/2019\/09\/69641867_487444942095072_5708712101384552448_n-768x576.jpg 768w\" sizes=\"auto, (max-width: 593px) 100vw, 593px\" \/><\/a> <a href=\"https:\/\/valasskemezirici.casd.cz\/wp-content\/uploads\/2019\/09\/69661619_2141049659522211_2236009916177317888_n.jpg\"><img loading=\"lazy\" decoding=\"async\" class=\"alignnone wp-image-5216\" src=\"https:\/\/valasskemezirici.casd.cz\/wp-content\/uploads\/2019\/09\/69661619_2141049659522211_2236009916177317888_n.jpg\" alt=\"\" width=\"598\" height=\"449\" srcset=\"https:\/\/valasskemezirici.casd.cz\/wp-content\/uploads\/2019\/09\/69661619_2141049659522211_2236009916177317888_n.jpg 780w, https:\/\/valasskemezirici.casd.cz\/wp-content\/uploads\/2019\/09\/69661619_2141049659522211_2236009916177317888_n-300x225.jpg 300w, https:\/\/valasskemezirici.casd.cz\/wp-content\/uploads\/2019\/09\/69661619_2141049659522211_2236009916177317888_n-768x576.jpg 768w\" sizes=\"auto, (max-width: 598px) 100vw, 598px\" \/><\/a> <a href=\"https:\/\/valasskemezirici.casd.cz\/wp-content\/uploads\/2019\/09\/69668277_380471892622433_5206636123903754240_n.jpg\"><img loading=\"lazy\" decoding=\"async\" class=\"alignnone wp-image-5217\" src=\"https:\/\/valasskemezirici.casd.cz\/wp-content\/uploads\/2019\/09\/69668277_380471892622433_5206636123903754240_n.jpg\" alt=\"\" width=\"599\" height=\"450\" srcset=\"https:\/\/valasskemezirici.casd.cz\/wp-content\/uploads\/2019\/09\/69668277_380471892622433_5206636123903754240_n.jpg 1560w, https:\/\/valasskemezirici.casd.cz\/wp-content\/uploads\/2019\/09\/69668277_380471892622433_5206636123903754240_n-300x225.jpg 300w, https:\/\/valasskemezirici.casd.cz\/wp-content\/uploads\/2019\/09\/69668277_380471892622433_5206636123903754240_n-768x576.jpg 768w, https:\/\/valasskemezirici.casd.cz\/wp-content\/uploads\/2019\/09\/69668277_380471892622433_5206636123903754240_n-1024x768.jpg 1024w\" sizes=\"auto, (max-width: 599px) 100vw, 599px\" \/><\/a><\/p>\n<p style=\"text-align: justify;\">Abychom cel\u00e9 odpoledne pouze nepov\u00eddali, zazp\u00edvali jsme si za doprovodu kytary Franty Tomance i \u0159adu p\u00edsni\u010dek a zahr\u00e1li jsme si &#8222;k\u0159eslo pro hosta&#8220;. To proto, aby n\u00e1s n\u00e1\u0161 nov\u00fd kazatel a jeho man\u017eelka l\u00e9pe poznali. Snad jsme je moc nevypla\u0161ili.<\/p>\n<p style=\"text-align: justify;\"><a href=\"https:\/\/valasskemezirici.casd.cz\/wp-content\/uploads\/2019\/09\/69580940_2407851089303107_9069722502418137088_n.jpg\"><img loading=\"lazy\" decoding=\"async\" class=\"alignnone size-full wp-image-5218\" src=\"https:\/\/valasskemezirici.casd.cz\/wp-content\/uploads\/2019\/09\/69580940_2407851089303107_9069722502418137088_n.jpg\" alt=\"\" width=\"576\" height=\"780\" srcset=\"https:\/\/valasskemezirici.casd.cz\/wp-content\/uploads\/2019\/09\/69580940_2407851089303107_9069722502418137088_n.jpg 576w, https:\/\/valasskemezirici.casd.cz\/wp-content\/uploads\/2019\/09\/69580940_2407851089303107_9069722502418137088_n-222x300.jpg 222w\" sizes=\"auto, (max-width: 576px) 100vw, 576px\" \/><\/a> <a href=\"https:\/\/valasskemezirici.casd.cz\/wp-content\/uploads\/2019\/09\/69690712_1679673558829408_5647991558855720960_n.jpg\"><img loading=\"lazy\" decoding=\"async\" class=\"alignnone wp-image-5219\" src=\"https:\/\/valasskemezirici.casd.cz\/wp-content\/uploads\/2019\/09\/69690712_1679673558829408_5647991558855720960_n.jpg\" alt=\"\" width=\"578\" height=\"434\" srcset=\"https:\/\/valasskemezirici.casd.cz\/wp-content\/uploads\/2019\/09\/69690712_1679673558829408_5647991558855720960_n.jpg 1560w, https:\/\/valasskemezirici.casd.cz\/wp-content\/uploads\/2019\/09\/69690712_1679673558829408_5647991558855720960_n-300x225.jpg 300w, https:\/\/valasskemezirici.casd.cz\/wp-content\/uploads\/2019\/09\/69690712_1679673558829408_5647991558855720960_n-768x576.jpg 768w, https:\/\/valasskemezirici.casd.cz\/wp-content\/uploads\/2019\/09\/69690712_1679673558829408_5647991558855720960_n-1024x768.jpg 1024w\" sizes=\"auto, (max-width: 578px) 100vw, 578px\" \/><\/a> <a href=\"https:\/\/valasskemezirici.casd.cz\/wp-content\/uploads\/2019\/09\/69817951_2108262186146391_8153887435978178560_n.jpg\"><img loading=\"lazy\" decoding=\"async\" class=\"alignnone wp-image-5220\" src=\"https:\/\/valasskemezirici.casd.cz\/wp-content\/uploads\/2019\/09\/69817951_2108262186146391_8153887435978178560_n.jpg\" alt=\"\" width=\"579\" height=\"435\" srcset=\"https:\/\/valasskemezirici.casd.cz\/wp-content\/uploads\/2019\/09\/69817951_2108262186146391_8153887435978178560_n.jpg 1560w, https:\/\/valasskemezirici.casd.cz\/wp-content\/uploads\/2019\/09\/69817951_2108262186146391_8153887435978178560_n-300x225.jpg 300w, https:\/\/valasskemezirici.casd.cz\/wp-content\/uploads\/2019\/09\/69817951_2108262186146391_8153887435978178560_n-768x576.jpg 768w, https:\/\/valasskemezirici.casd.cz\/wp-content\/uploads\/2019\/09\/69817951_2108262186146391_8153887435978178560_n-1024x768.jpg 1024w\" sizes=\"auto, (max-width: 579px) 100vw, 579px\" \/><\/a><\/p>\n<p style=\"text-align: justify;\">Slun\u00ed\u010dko p\u011bkn\u011b p\u00e1lilo, tekunin ze d\u017eb\u00e1n\u016f rychle ub\u00fdvalo, a na n\u011bkter\u00e9 p\u0159i\u0161el op\u011bt hlad. Nebo mo\u017en\u00e1 jen mlsn\u00e1. Nicm\u00e9n\u011b p\u00e1n domu nezav\u00e1hal, zap\u00e1lil ohe\u0148 v grilu a u\u017e se op\u00e9kaly nejr\u016fzn\u011bj\u0161\u00ed dobrotky z dom\u00e1c\u00edch zdroj\u016f p\u0159\u00edtomn\u00fdch.<\/p>\n<p style=\"text-align: justify;\"><a href=\"https:\/\/valasskemezirici.casd.cz\/wp-content\/uploads\/2019\/09\/69626364_2824048447608569_4994723296512573440_n.jpg\"><img loading=\"lazy\" decoding=\"async\" class=\"alignnone wp-image-5221\" src=\"https:\/\/valasskemezirici.casd.cz\/wp-content\/uploads\/2019\/09\/69626364_2824048447608569_4994723296512573440_n.jpg\" alt=\"\" width=\"575\" height=\"432\" srcset=\"https:\/\/valasskemezirici.casd.cz\/wp-content\/uploads\/2019\/09\/69626364_2824048447608569_4994723296512573440_n.jpg 1560w, https:\/\/valasskemezirici.casd.cz\/wp-content\/uploads\/2019\/09\/69626364_2824048447608569_4994723296512573440_n-300x225.jpg 300w, https:\/\/valasskemezirici.casd.cz\/wp-content\/uploads\/2019\/09\/69626364_2824048447608569_4994723296512573440_n-768x576.jpg 768w, https:\/\/valasskemezirici.casd.cz\/wp-content\/uploads\/2019\/09\/69626364_2824048447608569_4994723296512573440_n-1024x768.jpg 1024w\" sizes=\"auto, (max-width: 575px) 100vw, 575px\" \/><\/a> <a href=\"https:\/\/valasskemezirici.casd.cz\/wp-content\/uploads\/2019\/09\/69641501_2407417412913587_5312443729867440128_n.jpg\"><img loading=\"lazy\" decoding=\"async\" class=\"alignnone size-full wp-image-5222\" src=\"https:\/\/valasskemezirici.casd.cz\/wp-content\/uploads\/2019\/09\/69641501_2407417412913587_5312443729867440128_n.jpg\" alt=\"\" width=\"576\" height=\"780\" srcset=\"https:\/\/valasskemezirici.casd.cz\/wp-content\/uploads\/2019\/09\/69641501_2407417412913587_5312443729867440128_n.jpg 576w, https:\/\/valasskemezirici.casd.cz\/wp-content\/uploads\/2019\/09\/69641501_2407417412913587_5312443729867440128_n-222x300.jpg 222w\" sizes=\"auto, (max-width: 576px) 100vw, 576px\" \/><\/a> <a href=\"https:\/\/valasskemezirici.casd.cz\/wp-content\/uploads\/2019\/09\/69750834_1574885109302881_1369538661216944128_n.jpg\"><img loading=\"lazy\" decoding=\"async\" class=\"alignnone size-full wp-image-5223\" src=\"https:\/\/valasskemezirici.casd.cz\/wp-content\/uploads\/2019\/09\/69750834_1574885109302881_1369538661216944128_n.jpg\" alt=\"\" width=\"576\" height=\"780\" srcset=\"https:\/\/valasskemezirici.casd.cz\/wp-content\/uploads\/2019\/09\/69750834_1574885109302881_1369538661216944128_n.jpg 576w, https:\/\/valasskemezirici.casd.cz\/wp-content\/uploads\/2019\/09\/69750834_1574885109302881_1369538661216944128_n-222x300.jpg 222w\" sizes=\"auto, (max-width: 576px) 100vw, 576px\" \/><\/a><\/p>\n<p style=\"text-align: justify;\"><a href=\"https:\/\/valasskemezirici.casd.cz\/wp-content\/uploads\/2019\/09\/69869073_764515540671635_2555644217024053248_n.jpg\"><img loading=\"lazy\" decoding=\"async\" class=\"alignnone size-full wp-image-5224\" src=\"https:\/\/valasskemezirici.casd.cz\/wp-content\/uploads\/2019\/09\/69869073_764515540671635_2555644217024053248_n.jpg\" alt=\"\" width=\"576\" height=\"780\" srcset=\"https:\/\/valasskemezirici.casd.cz\/wp-content\/uploads\/2019\/09\/69869073_764515540671635_2555644217024053248_n.jpg 576w, https:\/\/valasskemezirici.casd.cz\/wp-content\/uploads\/2019\/09\/69869073_764515540671635_2555644217024053248_n-222x300.jpg 222w\" sizes=\"auto, (max-width: 576px) 100vw, 576px\" \/><\/a><\/p>\n<p style=\"text-align: justify;\">S pln\u00fdmi b\u0159\u00ed\u0161ky jsme si op\u011bt ud\u011blali pohodu, n\u011bkte\u0159\u00ed v poloze le\u017emo, a vst\u0159eb\u00e1vali dojmy dne\u0161n\u00edho dne. A proto\u017ee doba pokro\u010dila a za\u010dalo se pomali\u010dku stm\u00edvat, spole\u010dn\u011b jsme si ukon\u010dili sobotu, rozehnali perouc\u00ed se ps\u00edky, za\u010dali se lou\u010dit a rozj\u00ed\u017ed\u011bt do sv\u00fdch domov\u016f. Byl to po\u017eehnan\u00fd den. D\u00edky P\u00e1nu.<\/p>\n<p style=\"text-align: justify;\"><a href=\"https:\/\/valasskemezirici.casd.cz\/wp-content\/uploads\/2019\/09\/69687279_2356413771352895_7609391492443930624_n.jpg\"><img loading=\"lazy\" decoding=\"async\" class=\"alignnone wp-image-5225\" src=\"https:\/\/valasskemezirici.casd.cz\/wp-content\/uploads\/2019\/09\/69687279_2356413771352895_7609391492443930624_n.jpg\" alt=\"\" width=\"580\" height=\"435\" srcset=\"https:\/\/valasskemezirici.casd.cz\/wp-content\/uploads\/2019\/09\/69687279_2356413771352895_7609391492443930624_n.jpg 1560w, https:\/\/valasskemezirici.casd.cz\/wp-content\/uploads\/2019\/09\/69687279_2356413771352895_7609391492443930624_n-300x225.jpg 300w, https:\/\/valasskemezirici.casd.cz\/wp-content\/uploads\/2019\/09\/69687279_2356413771352895_7609391492443930624_n-768x576.jpg 768w, https:\/\/valasskemezirici.casd.cz\/wp-content\/uploads\/2019\/09\/69687279_2356413771352895_7609391492443930624_n-1024x768.jpg 1024w\" sizes=\"auto, (max-width: 580px) 100vw, 580px\" \/><\/a> <a href=\"https:\/\/valasskemezirici.casd.cz\/wp-content\/uploads\/2019\/09\/69758082_1356525147837485_6808350482235392000_n.jpg\"><img loading=\"lazy\" decoding=\"async\" class=\"alignnone wp-image-5226\" src=\"https:\/\/valasskemezirici.casd.cz\/wp-content\/uploads\/2019\/09\/69758082_1356525147837485_6808350482235392000_n.jpg\" alt=\"\" width=\"583\" height=\"437\" srcset=\"https:\/\/valasskemezirici.casd.cz\/wp-content\/uploads\/2019\/09\/69758082_1356525147837485_6808350482235392000_n.jpg 1560w, https:\/\/valasskemezirici.casd.cz\/wp-content\/uploads\/2019\/09\/69758082_1356525147837485_6808350482235392000_n-300x225.jpg 300w, https:\/\/valasskemezirici.casd.cz\/wp-content\/uploads\/2019\/09\/69758082_1356525147837485_6808350482235392000_n-768x576.jpg 768w, https:\/\/valasskemezirici.casd.cz\/wp-content\/uploads\/2019\/09\/69758082_1356525147837485_6808350482235392000_n-1024x768.jpg 1024w\" sizes=\"auto, (max-width: 583px) 100vw, 583px\" \/><\/a> <a href=\"https:\/\/valasskemezirici.casd.cz\/wp-content\/uploads\/2019\/09\/70016559_522928331793090_2688837329035984896_n.jpg\"><img loading=\"lazy\" decoding=\"async\" class=\"alignnone wp-image-5227\" src=\"https:\/\/valasskemezirici.casd.cz\/wp-content\/uploads\/2019\/09\/70016559_522928331793090_2688837329035984896_n.jpg\" alt=\"\" width=\"583\" height=\"437\" srcset=\"https:\/\/valasskemezirici.casd.cz\/wp-content\/uploads\/2019\/09\/70016559_522928331793090_2688837329035984896_n.jpg 780w, https:\/\/valasskemezirici.casd.cz\/wp-content\/uploads\/2019\/09\/70016559_522928331793090_2688837329035984896_n-300x225.jpg 300w, https:\/\/valasskemezirici.casd.cz\/wp-content\/uploads\/2019\/09\/70016559_522928331793090_2688837329035984896_n-768x576.jpg 768w\" sizes=\"auto, (max-width: 583px) 100vw, 583px\" \/><\/a> <a href=\"https:\/\/valasskemezirici.casd.cz\/wp-content\/uploads\/2019\/09\/70180023_743015982823332_6056702115621896192_n.jpg\"><img loading=\"lazy\" decoding=\"async\" class=\"alignnone size-full wp-image-5228\" src=\"https:\/\/valasskemezirici.casd.cz\/wp-content\/uploads\/2019\/09\/70180023_743015982823332_6056702115621896192_n.jpg\" alt=\"\" width=\"576\" height=\"780\" srcset=\"https:\/\/valasskemezirici.casd.cz\/wp-content\/uploads\/2019\/09\/70180023_743015982823332_6056702115621896192_n.jpg 576w, https:\/\/valasskemezirici.casd.cz\/wp-content\/uploads\/2019\/09\/70180023_743015982823332_6056702115621896192_n-222x300.jpg 222w\" sizes=\"auto, (max-width: 576px) 100vw, 576px\" \/><\/a><\/p>\n<p style=\"text-align: justify;\">&nbsp;<\/p>\n<p>&nbsp;<\/p>\n","protected":false},"excerpt":{"rendered":"<p>Osv\u011b\u017eeni sborov\u00fdm v\u00fdletem do dalek\u00e9 Polabsk\u00e9 n\u00ed\u017einy jsme se op\u011bt v\u0161ichni se\u0161li v na\u0161\u00ed \u00fatuln\u00e9 modlitebn\u011b. V\u0161ichni spokojen\u00ed, odpo\u010dinut\u00ed a op\u00e1len\u00ed. Co naplat &#8211; pr\u00e1zdniny kon\u010d\u00ed, \u0161kola vol\u00e1, a to i ta na\u0161e sobotn\u00ed na t\u00e9ma Slu\u017eba v novoz\u00e1konn\u00ed c\u00edrkvi, kterou n\u00e1s provedl Petr Ch\u00e1ra. Ml\u00e1de\u017ei se v\u011bnovala Iva Bure\u0161ov\u00e1 a &#8222;budoucnost na\u0161\u00ed c\u00edrkve&#8220; si [&hellip;]<\/p>\n","protected":false},"author":1,"featured_media":0,"comment_status":"closed","ping_status":"open","sticky":false,"template":"","format":"standard","meta":{"ngg_post_thumbnail":0,"footnotes":""},"categories":[1],"tags":[],"class_list":["post-5208","post","type-post","status-publish","format-standard","hentry","category-nezarazene"],"_links":{"self":[{"href":"https:\/\/valasskemezirici.casd.cz\/index.php?rest_route=\/wp\/v2\/posts\/5208","targetHints":{"allow":["GET"]}}],"collection":[{"href":"https:\/\/valasskemezirici.casd.cz\/index.php?rest_route=\/wp\/v2\/posts"}],"about":[{"href":"https:\/\/valasskemezirici.casd.cz\/index.php?rest_route=\/wp\/v2\/types\/post"}],"author":[{"embeddable":true,"href":"https:\/\/valasskemezirici.casd.cz\/index.php?rest_route=\/wp\/v2\/users\/1"}],"replies":[{"embeddable":true,"href":"https:\/\/valasskemezirici.casd.cz\/index.php?rest_route=%2Fwp%2Fv2%2Fcomments&post=5208"}],"version-history":[{"count":2,"href":"https:\/\/valasskemezirici.casd.cz\/index.php?rest_route=\/wp\/v2\/posts\/5208\/revisions"}],"predecessor-version":[{"id":5308,"href":"https:\/\/valasskemezirici.casd.cz\/index.php?rest_route=\/wp\/v2\/posts\/5208\/revisions\/5308"}],"wp:attachment":[{"href":"https:\/\/valasskemezirici.casd.cz\/index.php?rest_route=%2Fwp%2Fv2%2Fmedia&parent=5208"}],"wp:term":[{"taxonomy":"category","embeddable":true,"href":"https:\/\/valasskemezirici.casd.cz\/index.php?rest_route=%2Fwp%2Fv2%2Fcategories&post=5208"},{"taxonomy":"post_tag","embeddable":true,"href":"https:\/\/valasskemezirici.casd.cz\/index.php?rest_route=%2Fwp%2Fv2%2Ftags&post=5208"}],"curies":[{"name":"wp","href":"https:\/\/api.w.org\/{rel}","templated":true}]}}