{"id":5230,"date":"2019-09-07T23:59:18","date_gmt":"2019-09-07T21:59:18","guid":{"rendered":"http:\/\/valasskemezirici.casd.cz\/?p=5230"},"modified":"2019-10-18T19:01:58","modified_gmt":"2019-10-18T17:01:58","slug":"sobota-7-zari-2019","status":"publish","type":"post","link":"https:\/\/valasskemezirici.casd.cz\/?p=5230","title":{"rendered":"Sobota 7.z\u00e1\u0159\u00ed 2019"},"content":{"rendered":"<p style=\"text-align: justify;\">Nastal n\u00e1m nov\u00fd \u0161koln\u00ed rok. Ml\u00e1de\u017en\u00edci n\u00e1vrat do sv\u00fdch t\u0159\u00edd p\u0159e\u017eili ve zdrav\u00ed a tak spolu s n\u00e1mi dosp\u011bl\u00fdmi zah\u00e1jili sobotu kr\u00e1snou p\u00edsn\u00ed a up\u0159\u00edmnou modlitbou. A stejn\u011b jako se vr\u00e1tili do zajet\u00fdch kolej\u00ed oni, tak\u00e9 na\u0161e bohoslu\u017eba nabrala op\u011bt tradi\u010dn\u00ed &#8222;tv\u00e1\u0159&#8220;. Nejprve jsme shl\u00e9dli dal\u0161\u00ed d\u00edl seri\u00e1lu televize Hope TV s n\u00e1zvem Line Age, tentokr\u00e1t pojedn\u00e1vaj\u00edc\u00ed o masakru Valdensk\u00fdch v roce 1655. Pot\u00e9 jsme s Kv\u011btou Ty\u0161erovou probrali dal\u0161\u00ed odd\u00edl sobotn\u00ed \u0161koly s kr\u00e1sn\u00fdm n\u00e1zvem <em>\u017divot podle evangelia<\/em>. Ml\u00e1de\u017e pos\u00edlen\u00e1 d\u011btmi ze sboru Kate\u0159inice si spolu s Ivou Bure\u0161ovou p\u0159ipomn\u011bla ud\u00e1lost narozen\u00ed na\u0161eho P\u00e1na Je\u017e\u00ed\u0161e a pot\u00e9 si pov\u00eddala o k\u0159tu.<\/p>\n<p style=\"text-align: justify;\"><!--more--><\/p>\n<p style=\"text-align: justify;\"><a href=\"https:\/\/valasskemezirici.casd.cz\/wp-content\/uploads\/2019\/09\/69873612_2161997354104202_2447863077882822656_n.jpg\"><img loading=\"lazy\" decoding=\"async\" class=\"alignnone wp-image-5232\" src=\"https:\/\/valasskemezirici.casd.cz\/wp-content\/uploads\/2019\/09\/69873612_2161997354104202_2447863077882822656_n.jpg\" alt=\"\" width=\"610\" height=\"813\" srcset=\"https:\/\/valasskemezirici.casd.cz\/wp-content\/uploads\/2019\/09\/69873612_2161997354104202_2447863077882822656_n.jpg 720w, https:\/\/valasskemezirici.casd.cz\/wp-content\/uploads\/2019\/09\/69873612_2161997354104202_2447863077882822656_n-225x300.jpg 225w\" sizes=\"auto, (max-width: 610px) 100vw, 610px\" \/><\/a><\/p>\n<p style=\"text-align: justify;\">Je t\u0159eba v\u00e9st ke slu\u017eb\u011b mlad\u00e9, proto se dnes slov\u00ed\u010dka p\u0159ed k\u00e1z\u00e1n\u00edm ujala Ad\u00e9lka.<\/p>\n<p style=\"text-align: justify;\"><a href=\"https:\/\/valasskemezirici.casd.cz\/wp-content\/uploads\/2019\/09\/69577163_386209805400790_6105432973476102144_n.jpg\"><img loading=\"lazy\" decoding=\"async\" class=\"alignnone wp-image-5231\" src=\"https:\/\/valasskemezirici.casd.cz\/wp-content\/uploads\/2019\/09\/69577163_386209805400790_6105432973476102144_n.jpg\" alt=\"\" width=\"615\" height=\"820\" srcset=\"https:\/\/valasskemezirici.casd.cz\/wp-content\/uploads\/2019\/09\/69577163_386209805400790_6105432973476102144_n.jpg 720w, https:\/\/valasskemezirici.casd.cz\/wp-content\/uploads\/2019\/09\/69577163_386209805400790_6105432973476102144_n-225x300.jpg 225w\" sizes=\"auto, (max-width: 615px) 100vw, 615px\" \/><\/a><\/p>\n<p style=\"text-align: justify;\">K\u00e1z\u00e1n\u00edm n\u00e1m poslou\u017eil Martin Mikl\u00e1\u0161. Rozeb\u00edral s n\u00e1mi 2Kor 8, 1.-15. a zam\u00fd\u0161lel se, \u010d\u00edm by se m\u011bl vyzna\u010dovat spr\u00e1vn\u00fd k\u0159es\u0165an. Pro svou \u00favahu vyu\u017eil i mnohalet\u00e9 zku\u0161enosti ze sv\u00e9ho podnik\u00e1n\u00ed v oblasti vztah\u016f a komunikace.<\/p>\n<p style=\"text-align: justify;\"><a href=\"https:\/\/valasskemezirici.casd.cz\/wp-content\/uploads\/2019\/09\/69632712_2385793075074762_7869138384222945280_n.jpg\"><img loading=\"lazy\" decoding=\"async\" class=\"alignnone wp-image-5233\" src=\"https:\/\/valasskemezirici.casd.cz\/wp-content\/uploads\/2019\/09\/69632712_2385793075074762_7869138384222945280_n.jpg\" alt=\"\" width=\"617\" height=\"822\" srcset=\"https:\/\/valasskemezirici.casd.cz\/wp-content\/uploads\/2019\/09\/69632712_2385793075074762_7869138384222945280_n.jpg 720w, https:\/\/valasskemezirici.casd.cz\/wp-content\/uploads\/2019\/09\/69632712_2385793075074762_7869138384222945280_n-225x300.jpg 225w\" sizes=\"auto, (max-width: 617px) 100vw, 617px\" \/><\/a><\/p>\n","protected":false},"excerpt":{"rendered":"<p>Nastal n\u00e1m nov\u00fd \u0161koln\u00ed rok. Ml\u00e1de\u017en\u00edci n\u00e1vrat do sv\u00fdch t\u0159\u00edd p\u0159e\u017eili ve zdrav\u00ed a tak spolu s n\u00e1mi dosp\u011bl\u00fdmi zah\u00e1jili sobotu kr\u00e1snou p\u00edsn\u00ed a up\u0159\u00edmnou modlitbou. A stejn\u011b jako se vr\u00e1tili do zajet\u00fdch kolej\u00ed oni, tak\u00e9 na\u0161e bohoslu\u017eba nabrala op\u011bt tradi\u010dn\u00ed &#8222;tv\u00e1\u0159&#8220;. Nejprve jsme shl\u00e9dli dal\u0161\u00ed d\u00edl seri\u00e1lu televize Hope TV s n\u00e1zvem Line Age, [&hellip;]<\/p>\n","protected":false},"author":1,"featured_media":0,"comment_status":"closed","ping_status":"open","sticky":false,"template":"","format":"standard","meta":{"ngg_post_thumbnail":0,"footnotes":""},"categories":[1],"tags":[],"class_list":["post-5230","post","type-post","status-publish","format-standard","hentry","category-nezarazene"],"_links":{"self":[{"href":"https:\/\/valasskemezirici.casd.cz\/index.php?rest_route=\/wp\/v2\/posts\/5230","targetHints":{"allow":["GET"]}}],"collection":[{"href":"https:\/\/valasskemezirici.casd.cz\/index.php?rest_route=\/wp\/v2\/posts"}],"about":[{"href":"https:\/\/valasskemezirici.casd.cz\/index.php?rest_route=\/wp\/v2\/types\/post"}],"author":[{"embeddable":true,"href":"https:\/\/valasskemezirici.casd.cz\/index.php?rest_route=\/wp\/v2\/users\/1"}],"replies":[{"embeddable":true,"href":"https:\/\/valasskemezirici.casd.cz\/index.php?rest_route=%2Fwp%2Fv2%2Fcomments&post=5230"}],"version-history":[{"count":2,"href":"https:\/\/valasskemezirici.casd.cz\/index.php?rest_route=\/wp\/v2\/posts\/5230\/revisions"}],"predecessor-version":[{"id":5307,"href":"https:\/\/valasskemezirici.casd.cz\/index.php?rest_route=\/wp\/v2\/posts\/5230\/revisions\/5307"}],"wp:attachment":[{"href":"https:\/\/valasskemezirici.casd.cz\/index.php?rest_route=%2Fwp%2Fv2%2Fmedia&parent=5230"}],"wp:term":[{"taxonomy":"category","embeddable":true,"href":"https:\/\/valasskemezirici.casd.cz\/index.php?rest_route=%2Fwp%2Fv2%2Fcategories&post=5230"},{"taxonomy":"post_tag","embeddable":true,"href":"https:\/\/valasskemezirici.casd.cz\/index.php?rest_route=%2Fwp%2Fv2%2Ftags&post=5230"}],"curies":[{"name":"wp","href":"https:\/\/api.w.org\/{rel}","templated":true}]}}