{"id":5235,"date":"2019-09-15T19:33:45","date_gmt":"2019-09-15T17:33:45","guid":{"rendered":"http:\/\/valasskemezirici.casd.cz\/?p=5235"},"modified":"2019-10-18T19:01:39","modified_gmt":"2019-10-18T17:01:39","slug":"sobota-14-9-2019","status":"publish","type":"post","link":"https:\/\/valasskemezirici.casd.cz\/?p=5235","title":{"rendered":"Sobota 14.9.2019"},"content":{"rendered":"<p style=\"text-align: justify;\">Kr\u00e1sn\u00e9 slun\u00ed\u010dkov\u00e9 r\u00e1no n\u00e1s dnes prov\u00e1zelo cestou do sbore\u010dku. Inu bab\u00ed l\u00e9to se skute\u010dn\u011b vyda\u0159ilo. Jako mot\u00fdlci za kv\u011btinou odlet\u011bly na\u0161e ml\u00e1de\u017enice za sv\u00fdmi vrstevn\u00edky do Opavy na setk\u00e1n\u00ed We send. K\u00e9\u017e jim P\u00e1n \u017eehn\u00e1. Skupinu mlad\u00fdch zastupovali jen Ondra a St\u00e1zinka. Tak\u00e9 Franti\u0161ek n\u00e1m dnes dal &#8222;ko\u0161em&#8220;. Ov\u0161em nezapomn\u011bl na n\u00e1s &#8211; poslal sboru kr\u00e1snou povzbuzuj\u00edc\u00ed sms. P\u0159ejeme jemu i man\u017eelce Bo\u017e\u00ed po\u017eehn\u00e1n\u00ed na dovolen\u00e9 u teplou\u010dk\u00e9ho mo\u0159e.<\/p>\n<p style=\"text-align: justify;\"><!--more--><\/p>\n<p style=\"text-align: justify;\">Dne\u0161n\u00ed d\u00edl videa Line age n\u00e1s sezn\u00e1mil s nejslavn\u011bj\u0161\u00ed v\u011bzenkyn\u00ed v\u0161ech dob &#8211; Mari\u00ed Durandovou, kter\u00e1 i p\u0159es nespravedliv\u00e9 uv\u011bzn\u011bn\u00ed kv\u016fli sv\u00e9 protestantsk\u00e9 v\u00ed\u0159e zastupovala 38 let ostatn\u00ed v\u011bzenkyn\u011b, dod\u00e1vala jim odvahu, utvrzovala ve v\u00ed\u0159e a pom\u00e1hala p\u0159e\u017e\u00edt nelidsk\u00e9 podm\u00ednky v\u011bzen\u00ed. Sobotn\u00ed \u0161kolou na t\u00e9ma <em>Adventn\u00ed nad\u011bje v praktick\u00e9m \u017eivot\u011b<\/em> n\u00e1s provedl vedouc\u00ed sobotn\u00ed \u0161koly Milo\u0161 Mro\u010dek.<\/p>\n<p style=\"text-align: justify;\"><a href=\"https:\/\/valasskemezirici.casd.cz\/wp-content\/uploads\/2019\/09\/69846034_918963105152983_2195485873242374144_n.jpg\"><img loading=\"lazy\" decoding=\"async\" class=\"alignnone wp-image-5236\" src=\"https:\/\/valasskemezirici.casd.cz\/wp-content\/uploads\/2019\/09\/69846034_918963105152983_2195485873242374144_n.jpg\" alt=\"\" width=\"620\" height=\"465\" srcset=\"https:\/\/valasskemezirici.casd.cz\/wp-content\/uploads\/2019\/09\/69846034_918963105152983_2195485873242374144_n.jpg 960w, https:\/\/valasskemezirici.casd.cz\/wp-content\/uploads\/2019\/09\/69846034_918963105152983_2195485873242374144_n-300x225.jpg 300w, https:\/\/valasskemezirici.casd.cz\/wp-content\/uploads\/2019\/09\/69846034_918963105152983_2195485873242374144_n-768x576.jpg 768w\" sizes=\"auto, (max-width: 620px) 100vw, 620px\" \/><\/a><\/p>\n<p style=\"text-align: justify;\"><a href=\"https:\/\/valasskemezirici.casd.cz\/wp-content\/uploads\/2019\/09\/70272325_2471521416410097_5045051482768932864_n.jpg\"><img loading=\"lazy\" decoding=\"async\" class=\"alignnone wp-image-5237\" src=\"https:\/\/valasskemezirici.casd.cz\/wp-content\/uploads\/2019\/09\/70272325_2471521416410097_5045051482768932864_n.jpg\" alt=\"\" width=\"618\" height=\"463\" srcset=\"https:\/\/valasskemezirici.casd.cz\/wp-content\/uploads\/2019\/09\/70272325_2471521416410097_5045051482768932864_n.jpg 2048w, https:\/\/valasskemezirici.casd.cz\/wp-content\/uploads\/2019\/09\/70272325_2471521416410097_5045051482768932864_n-300x225.jpg 300w, https:\/\/valasskemezirici.casd.cz\/wp-content\/uploads\/2019\/09\/70272325_2471521416410097_5045051482768932864_n-768x576.jpg 768w, https:\/\/valasskemezirici.casd.cz\/wp-content\/uploads\/2019\/09\/70272325_2471521416410097_5045051482768932864_n-1024x768.jpg 1024w\" sizes=\"auto, (max-width: 618px) 100vw, 618px\" \/><\/a><\/p>\n<p style=\"text-align: justify;\">S ml\u00e1de\u017en\u00edky se u\u010dila Iva Bure\u0161ov\u00e1 a krom\u011b prob\u00edr\u00e1n\u00ed \u00favodn\u00edch kapitol evangelia si hodinu ozvl\u00e1\u0161tnili kreslen\u00edm velik\u00fdch ilustrac\u00ed na clip chart boardu. Zvl\u00e1\u0161t\u011b nejmlad\u0161\u00ed \u010dlenku spole\u010denstv\u00ed tato \u010dinnost velmi bavila.<\/p>\n<p style=\"text-align: justify;\">P\u0159\u00edb\u011bh p\u0159ed k\u00e1z\u00e1n\u00edm Ivy Bure\u0161ov\u00e9 n\u00e1m p\u0159ipomn\u011bl, \u017ee ka\u017edodenn\u00ed drobn\u00e9 &#8222;n\u00e1hody&#8220;, kter\u00e9 n\u00e1m d\u011blaj\u00ed radost a jsou napln\u011bn\u00edm na\u0161ich p\u0159\u00e1n\u00ed, je d\u00edlo na\u0161eho nebesk\u00e9ho Otce. On n\u00e1s tak miluje, \u017ee p\u0159es v\u0161echny sv\u011btov\u00e9 probl\u00e9my jsme pro N\u011bho tak d\u016fle\u017eit\u00ed, \u017ee n\u00e1m chce t\u011b\u0161it drobn\u00fdmi &#8222;n\u00e1hodami&#8220;.<\/p>\n<p style=\"text-align: justify;\">K\u00e1z\u00e1n\u00edm z Bo\u017e\u00edho slova n\u00e1m poslou\u017eil kazatel Hynek Dona. T\u00e9ma bylo skute\u010dn\u011b aktu\u00e1ln\u00ed &#8211; znovuzrozen\u00ed. Co to vlastn\u011b je? Pro\u017e\u00edv\u00e1me ho? Jak \u010dasto? Je d\u016fle\u017eit\u00e9? Nesta\u010d\u00ed k obr\u00e1cen\u00ed pouze k\u0159est?<\/p>\n<p style=\"text-align: justify;\">Zp\u011bv z\u00e1v\u011bre\u010dn\u00e9 p\u00edsn\u011b dne\u0161n\u00ed bohoslu\u017eby n\u00e1m ozvl\u00e1\u0161tnil Ondr\u00e1\u0161ek hrou na trubku. Je opravdu velmi \u0161ikovn\u00fd a n\u00e1m se p\u00edse\u0148 moc l\u00edbila.<\/p>\n<p style=\"text-align: justify;\"><a href=\"https:\/\/valasskemezirici.casd.cz\/wp-content\/uploads\/2019\/09\/70411848_516994449035793_5400160315105083392_n.jpg\"><img loading=\"lazy\" decoding=\"async\" class=\"alignnone wp-image-5238\" src=\"https:\/\/valasskemezirici.casd.cz\/wp-content\/uploads\/2019\/09\/70411848_516994449035793_5400160315105083392_n.jpg\" alt=\"\" width=\"628\" height=\"837\" srcset=\"https:\/\/valasskemezirici.casd.cz\/wp-content\/uploads\/2019\/09\/70411848_516994449035793_5400160315105083392_n.jpg 720w, https:\/\/valasskemezirici.casd.cz\/wp-content\/uploads\/2019\/09\/70411848_516994449035793_5400160315105083392_n-225x300.jpg 225w\" sizes=\"auto, (max-width: 628px) 100vw, 628px\" \/><\/a><\/p>\n<p style=\"text-align: justify;\"><a href=\"https:\/\/valasskemezirici.casd.cz\/wp-content\/uploads\/2019\/09\/70242555_536319753787157_4133969635160621056_n.jpg\"><img loading=\"lazy\" decoding=\"async\" class=\"alignnone wp-image-5239\" src=\"https:\/\/valasskemezirici.casd.cz\/wp-content\/uploads\/2019\/09\/70242555_536319753787157_4133969635160621056_n.jpg\" alt=\"\" width=\"625\" height=\"469\" srcset=\"https:\/\/valasskemezirici.casd.cz\/wp-content\/uploads\/2019\/09\/70242555_536319753787157_4133969635160621056_n.jpg 2048w, https:\/\/valasskemezirici.casd.cz\/wp-content\/uploads\/2019\/09\/70242555_536319753787157_4133969635160621056_n-300x225.jpg 300w, https:\/\/valasskemezirici.casd.cz\/wp-content\/uploads\/2019\/09\/70242555_536319753787157_4133969635160621056_n-768x576.jpg 768w, https:\/\/valasskemezirici.casd.cz\/wp-content\/uploads\/2019\/09\/70242555_536319753787157_4133969635160621056_n-1024x768.jpg 1024w\" sizes=\"auto, (max-width: 625px) 100vw, 625px\" \/><\/a><\/p>\n","protected":false},"excerpt":{"rendered":"<p>Kr\u00e1sn\u00e9 slun\u00ed\u010dkov\u00e9 r\u00e1no n\u00e1s dnes prov\u00e1zelo cestou do sbore\u010dku. Inu bab\u00ed l\u00e9to se skute\u010dn\u011b vyda\u0159ilo. Jako mot\u00fdlci za kv\u011btinou odlet\u011bly na\u0161e ml\u00e1de\u017enice za sv\u00fdmi vrstevn\u00edky do Opavy na setk\u00e1n\u00ed We send. K\u00e9\u017e jim P\u00e1n \u017eehn\u00e1. Skupinu mlad\u00fdch zastupovali jen Ondra a St\u00e1zinka. Tak\u00e9 Franti\u0161ek n\u00e1m dnes dal &#8222;ko\u0161em&#8220;. Ov\u0161em nezapomn\u011bl na n\u00e1s &#8211; poslal sboru [&hellip;]<\/p>\n","protected":false},"author":1,"featured_media":0,"comment_status":"closed","ping_status":"open","sticky":false,"template":"","format":"standard","meta":{"ngg_post_thumbnail":0,"footnotes":""},"categories":[1],"tags":[],"class_list":["post-5235","post","type-post","status-publish","format-standard","hentry","category-nezarazene"],"_links":{"self":[{"href":"https:\/\/valasskemezirici.casd.cz\/index.php?rest_route=\/wp\/v2\/posts\/5235","targetHints":{"allow":["GET"]}}],"collection":[{"href":"https:\/\/valasskemezirici.casd.cz\/index.php?rest_route=\/wp\/v2\/posts"}],"about":[{"href":"https:\/\/valasskemezirici.casd.cz\/index.php?rest_route=\/wp\/v2\/types\/post"}],"author":[{"embeddable":true,"href":"https:\/\/valasskemezirici.casd.cz\/index.php?rest_route=\/wp\/v2\/users\/1"}],"replies":[{"embeddable":true,"href":"https:\/\/valasskemezirici.casd.cz\/index.php?rest_route=%2Fwp%2Fv2%2Fcomments&post=5235"}],"version-history":[{"count":2,"href":"https:\/\/valasskemezirici.casd.cz\/index.php?rest_route=\/wp\/v2\/posts\/5235\/revisions"}],"predecessor-version":[{"id":5306,"href":"https:\/\/valasskemezirici.casd.cz\/index.php?rest_route=\/wp\/v2\/posts\/5235\/revisions\/5306"}],"wp:attachment":[{"href":"https:\/\/valasskemezirici.casd.cz\/index.php?rest_route=%2Fwp%2Fv2%2Fmedia&parent=5235"}],"wp:term":[{"taxonomy":"category","embeddable":true,"href":"https:\/\/valasskemezirici.casd.cz\/index.php?rest_route=%2Fwp%2Fv2%2Fcategories&post=5235"},{"taxonomy":"post_tag","embeddable":true,"href":"https:\/\/valasskemezirici.casd.cz\/index.php?rest_route=%2Fwp%2Fv2%2Ftags&post=5235"}],"curies":[{"name":"wp","href":"https:\/\/api.w.org\/{rel}","templated":true}]}}