{"id":5255,"date":"2019-09-21T21:58:04","date_gmt":"2019-09-21T19:58:04","guid":{"rendered":"http:\/\/valasskemezirici.casd.cz\/?p=5255"},"modified":"2019-10-18T19:01:16","modified_gmt":"2019-10-18T17:01:16","slug":"sobota-31-zari-2019","status":"publish","type":"post","link":"https:\/\/valasskemezirici.casd.cz\/?p=5255","title":{"rendered":"Sobota 21.z\u00e1\u0159\u00ed 2019"},"content":{"rendered":"<p style=\"text-align: justify;\">&#8222;Je n\u00e1s tu jako \u0161afr\u00e1nu&#8220; prohl\u00e1sila jedna na\u0161e sestra r\u00e1no p\u0159i pohledu do lavic modltebny. Ale \u0161afr\u00e1n je vz\u00e1cn\u00e9 ko\u0159en\u00ed, tak\u017ee i my jsme v o\u010d\u00edch Bo\u017e\u00edch jist\u011b vz\u00e1cni \ud83d\ude42 . Nicm\u00e9n\u011b s t\u00edm \u0161afr\u00e1nem to nakonec nebylo tak v\u00e1\u017en\u00e9. Modlitebna se naplnila opozdilci v mal\u00e9 chv\u00edli a bohoslu\u017eba mohla za\u010d\u00edt.<\/p>\n<p style=\"text-align: justify;\">Spolu s Pavlem Pimkem jsme studovali sobotn\u00ed \u0161kolu na t\u00e9ma <em>Milovat milosrdenstv\u00ed<\/em>. Ml\u00e1de\u017e s Ivou Bure\u0161ovou si pov\u00eddala o pomluv\u00e1ch, co p\u016fsob\u00ed v na\u0161ich \u017eivotech a jak se s touhou pomlouvat vypo\u0159\u00e1dat. Slov\u00ed\u010dko p\u0159ed k\u00e1z\u00e1n\u00edm n\u00e1s upozornilo na bl\u00ed\u017e\u00edc\u00ed se ch\u0159ipkov\u00e9 obdob\u00ed a p\u0159ipodobnilo virus nemoci k na\u0161im h\u0159\u00edch\u016fm. P\u0159ipomn\u011blo n\u00e1m nezbytnost neust\u00e1le znovu d\u011bkovat Bohu a chv\u00e1lit Ho za ob\u011b\u0165, kter\u00e1 z n\u00e1s sn\u00edm\u00e1 na\u0161e h\u0159\u00edchy. Chv\u00e1lit nezapomn\u011bly ani na\u0161e ml\u00e1de\u017enice, kter\u00e9 &#8222;pok\u0159tily&#8220; novou pathfinderskou kytaru a zazp\u00edvaly kr\u00e1snou p\u00edse\u0148 oslavuj\u00edc\u00ed na\u0161eho P\u00e1na.<\/p>\n<p style=\"text-align: justify;\"><!--more--><\/p>\n<p style=\"text-align: justify;\"><a href=\"https:\/\/valasskemezirici.casd.cz\/wp-content\/uploads\/2019\/09\/70538401_380425942899521_3959202373594775552_n.jpg\"><img loading=\"lazy\" decoding=\"async\" class=\"alignnone wp-image-5256\" src=\"https:\/\/valasskemezirici.casd.cz\/wp-content\/uploads\/2019\/09\/70538401_380425942899521_3959202373594775552_n.jpg\" alt=\"\" width=\"588\" height=\"441\" srcset=\"https:\/\/valasskemezirici.casd.cz\/wp-content\/uploads\/2019\/09\/70538401_380425942899521_3959202373594775552_n.jpg 2048w, https:\/\/valasskemezirici.casd.cz\/wp-content\/uploads\/2019\/09\/70538401_380425942899521_3959202373594775552_n-300x225.jpg 300w, https:\/\/valasskemezirici.casd.cz\/wp-content\/uploads\/2019\/09\/70538401_380425942899521_3959202373594775552_n-768x576.jpg 768w, https:\/\/valasskemezirici.casd.cz\/wp-content\/uploads\/2019\/09\/70538401_380425942899521_3959202373594775552_n-1024x768.jpg 1024w\" sizes=\"auto, (max-width: 588px) 100vw, 588px\" \/><\/a><\/p>\n<p style=\"text-align: justify;\"><a href=\"https:\/\/valasskemezirici.casd.cz\/wp-content\/uploads\/2019\/09\/70402604_395907777969358_4062428051378536448_n.jpg\"><img loading=\"lazy\" decoding=\"async\" class=\"alignnone wp-image-5257\" src=\"https:\/\/valasskemezirici.casd.cz\/wp-content\/uploads\/2019\/09\/70402604_395907777969358_4062428051378536448_n.jpg\" alt=\"\" width=\"587\" height=\"783\" srcset=\"https:\/\/valasskemezirici.casd.cz\/wp-content\/uploads\/2019\/09\/70402604_395907777969358_4062428051378536448_n.jpg 720w, https:\/\/valasskemezirici.casd.cz\/wp-content\/uploads\/2019\/09\/70402604_395907777969358_4062428051378536448_n-225x300.jpg 225w\" sizes=\"auto, (max-width: 587px) 100vw, 587px\" \/><\/a><\/p>\n<p style=\"text-align: justify;\">K\u00e1z\u00e1n\u00edm z Bo\u017e\u00edho slova n\u00e1m poslou\u017eil Bohumil Mro\u010dek. Rozv\u00edjel my\u0161lenku Bo\u017e\u00edho kr\u00e1lovstv\u00ed. Zam\u00fd\u0161leli jsme se, jestli ho najdeme u\u017e na zemi nebo a\u017e po p\u0159\u00edchodu P\u00e1na Je\u017e\u00ed\u0161e, a co pro jeho nalezen\u00ed mus\u00edme ud\u011blat my. P\u0159epis k\u00e1z\u00e1n\u00ed najdete pod odkazem <em>K\u00e1z\u00e1n\u00ed<\/em>.<\/p>\n","protected":false},"excerpt":{"rendered":"<p>&#8222;Je n\u00e1s tu jako \u0161afr\u00e1nu&#8220; prohl\u00e1sila jedna na\u0161e sestra r\u00e1no p\u0159i pohledu do lavic modltebny. Ale \u0161afr\u00e1n je vz\u00e1cn\u00e9 ko\u0159en\u00ed, tak\u017ee i my jsme v o\u010d\u00edch Bo\u017e\u00edch jist\u011b vz\u00e1cni \ud83d\ude42 . Nicm\u00e9n\u011b s t\u00edm \u0161afr\u00e1nem to nakonec nebylo tak v\u00e1\u017en\u00e9. Modlitebna se naplnila opozdilci v mal\u00e9 chv\u00edli a bohoslu\u017eba mohla za\u010d\u00edt. Spolu s Pavlem Pimkem [&hellip;]<\/p>\n","protected":false},"author":1,"featured_media":0,"comment_status":"closed","ping_status":"open","sticky":false,"template":"","format":"standard","meta":{"ngg_post_thumbnail":0,"footnotes":""},"categories":[1],"tags":[],"class_list":["post-5255","post","type-post","status-publish","format-standard","hentry","category-nezarazene"],"_links":{"self":[{"href":"https:\/\/valasskemezirici.casd.cz\/index.php?rest_route=\/wp\/v2\/posts\/5255","targetHints":{"allow":["GET"]}}],"collection":[{"href":"https:\/\/valasskemezirici.casd.cz\/index.php?rest_route=\/wp\/v2\/posts"}],"about":[{"href":"https:\/\/valasskemezirici.casd.cz\/index.php?rest_route=\/wp\/v2\/types\/post"}],"author":[{"embeddable":true,"href":"https:\/\/valasskemezirici.casd.cz\/index.php?rest_route=\/wp\/v2\/users\/1"}],"replies":[{"embeddable":true,"href":"https:\/\/valasskemezirici.casd.cz\/index.php?rest_route=%2Fwp%2Fv2%2Fcomments&post=5255"}],"version-history":[{"count":3,"href":"https:\/\/valasskemezirici.casd.cz\/index.php?rest_route=\/wp\/v2\/posts\/5255\/revisions"}],"predecessor-version":[{"id":5305,"href":"https:\/\/valasskemezirici.casd.cz\/index.php?rest_route=\/wp\/v2\/posts\/5255\/revisions\/5305"}],"wp:attachment":[{"href":"https:\/\/valasskemezirici.casd.cz\/index.php?rest_route=%2Fwp%2Fv2%2Fmedia&parent=5255"}],"wp:term":[{"taxonomy":"category","embeddable":true,"href":"https:\/\/valasskemezirici.casd.cz\/index.php?rest_route=%2Fwp%2Fv2%2Fcategories&post=5255"},{"taxonomy":"post_tag","embeddable":true,"href":"https:\/\/valasskemezirici.casd.cz\/index.php?rest_route=%2Fwp%2Fv2%2Ftags&post=5255"}],"curies":[{"name":"wp","href":"https:\/\/api.w.org\/{rel}","templated":true}]}}