{"id":5264,"date":"2019-09-21T22:06:21","date_gmt":"2019-09-21T20:06:21","guid":{"rendered":"http:\/\/valasskemezirici.casd.cz\/?p=5264"},"modified":"2019-09-21T22:06:21","modified_gmt":"2019-09-21T20:06:21","slug":"modlitebni-setkani-3","status":"publish","type":"post","link":"https:\/\/valasskemezirici.casd.cz\/?p=5264","title":{"rendered":"Modlitebn\u00ed setk\u00e1n\u00ed"},"content":{"rendered":"<h3 style=\"text-align: center;\">Po pr\u00e1zdninov\u00e9 p\u0159est\u00e1vce op\u011bt rozj\u00ed\u017ed\u00edme pravideln\u00e1 modlitebn\u00ed setk\u00e1n\u00ed<\/h3>\n<h3 style=\"text-align: center;\">v\u017edy ve st\u0159edu v 18.30hod ve sborov\u00e9 m\u00edstnosti modlitebny CASD<\/h3>\n<p><a href=\"https:\/\/valasskemezirici.casd.cz\/wp-content\/uploads\/2019\/09\/Screenshot_2019-09-21-Modlitba-\u0161\u0165astn\u00fdch.png\"><img loading=\"lazy\" decoding=\"async\" class=\"wp-image-5265 aligncenter\" src=\"https:\/\/valasskemezirici.casd.cz\/wp-content\/uploads\/2019\/09\/Screenshot_2019-09-21-Modlitba-\u0161\u0165astn\u00fdch.png\" alt=\"\" width=\"606\" height=\"279\" srcset=\"https:\/\/valasskemezirici.casd.cz\/wp-content\/uploads\/2019\/09\/Screenshot_2019-09-21-Modlitba-\u0161\u0165astn\u00fdch.png 825w, https:\/\/valasskemezirici.casd.cz\/wp-content\/uploads\/2019\/09\/Screenshot_2019-09-21-Modlitba-\u0161\u0165astn\u00fdch-300x138.png 300w, https:\/\/valasskemezirici.casd.cz\/wp-content\/uploads\/2019\/09\/Screenshot_2019-09-21-Modlitba-\u0161\u0165astn\u00fdch-768x354.png 768w\" sizes=\"auto, (max-width: 606px) 100vw, 606px\" \/><\/a><\/p>\n","protected":false},"excerpt":{"rendered":"<p>Po pr\u00e1zdninov\u00e9 p\u0159est\u00e1vce op\u011bt rozj\u00ed\u017ed\u00edme pravideln\u00e1 modlitebn\u00ed setk\u00e1n\u00ed v\u017edy ve st\u0159edu v 18.30hod ve sborov\u00e9 m\u00edstnosti modlitebny CASD<\/p>\n","protected":false},"author":1,"featured_media":0,"comment_status":"closed","ping_status":"open","sticky":false,"template":"","format":"standard","meta":{"ngg_post_thumbnail":0,"footnotes":""},"categories":[1],"tags":[],"class_list":["post-5264","post","type-post","status-publish","format-standard","hentry","category-nezarazene"],"_links":{"self":[{"href":"https:\/\/valasskemezirici.casd.cz\/index.php?rest_route=\/wp\/v2\/posts\/5264","targetHints":{"allow":["GET"]}}],"collection":[{"href":"https:\/\/valasskemezirici.casd.cz\/index.php?rest_route=\/wp\/v2\/posts"}],"about":[{"href":"https:\/\/valasskemezirici.casd.cz\/index.php?rest_route=\/wp\/v2\/types\/post"}],"author":[{"embeddable":true,"href":"https:\/\/valasskemezirici.casd.cz\/index.php?rest_route=\/wp\/v2\/users\/1"}],"replies":[{"embeddable":true,"href":"https:\/\/valasskemezirici.casd.cz\/index.php?rest_route=%2Fwp%2Fv2%2Fcomments&post=5264"}],"version-history":[{"count":1,"href":"https:\/\/valasskemezirici.casd.cz\/index.php?rest_route=\/wp\/v2\/posts\/5264\/revisions"}],"predecessor-version":[{"id":5266,"href":"https:\/\/valasskemezirici.casd.cz\/index.php?rest_route=\/wp\/v2\/posts\/5264\/revisions\/5266"}],"wp:attachment":[{"href":"https:\/\/valasskemezirici.casd.cz\/index.php?rest_route=%2Fwp%2Fv2%2Fmedia&parent=5264"}],"wp:term":[{"taxonomy":"category","embeddable":true,"href":"https:\/\/valasskemezirici.casd.cz\/index.php?rest_route=%2Fwp%2Fv2%2Fcategories&post=5264"},{"taxonomy":"post_tag","embeddable":true,"href":"https:\/\/valasskemezirici.casd.cz\/index.php?rest_route=%2Fwp%2Fv2%2Ftags&post=5264"}],"curies":[{"name":"wp","href":"https:\/\/api.w.org\/{rel}","templated":true}]}}