{"id":5831,"date":"2020-06-07T20:08:06","date_gmt":"2020-06-07T18:08:06","guid":{"rendered":"http:\/\/valasskemezirici.casd.cz\/?p=5831"},"modified":"2020-06-07T20:08:06","modified_gmt":"2020-06-07T18:08:06","slug":"sobota-6-cervna-2020","status":"publish","type":"post","link":"https:\/\/valasskemezirici.casd.cz\/?p=5831","title":{"rendered":"Sobota 6.\u010dervna 2020"},"content":{"rendered":"<p style=\"text-align: justify;\">Spolu s uvol\u0148ov\u00e1n\u00edm opat\u0159en\u00ed souvisej\u00edc\u00edm s koronavirem se zlep\u0161uje i n\u00e1lada v na\u0161em mal\u00e9m sbore\u010dku. Opad\u00e1vaj\u00ed obavy,&nbsp;rozhovory jsou uvoln\u011bn\u011bj\u0161\u00ed, \u00fasm\u011bvy \u010dast\u011bj\u0161\u00ed. D\u011bkujeme P\u00e1nu, \u017ee chr\u00e1nil v\u0161echny \u010dleny spole\u010denstv\u00ed a po n\u011bkolikat\u00fddenn\u00ed p\u0159est\u00e1vce jsme se v\u0161ichni mohli op\u011bt sej\u00edt.&nbsp;<\/p>\n<p style=\"text-align: justify;\"><!--more--><\/p>\n<p style=\"text-align: justify;\">\u017de se program sobotn\u00ed bohoslu\u017eby op\u011bt vrac\u00ed do &#8222;norm\u00e1lu&#8220; bylo patrn\u00e9 hned na za\u010d\u00e1tku &#8211;&nbsp;zah\u00e1jili jsme prom\u00edt\u00e1n\u00edm seri\u00e1lu z d\u011bjin c\u00edrkve Line Age.<\/p>\n<p style=\"text-align: justify;\">V \u00fakolu sobotn\u00ed \u0161koly jsme&nbsp;se v\u011bnovali spolu s Bohumilem Mro\u010dkem n\u011bkter\u00fdm kl\u00ed\u010dov\u00fdm ud\u00e1lostem d\u011bjin, kter\u00e9 Bible zachycuje.Skute\u010dnost, \u017ee Bible vych\u00e1z\u00ed z historick\u00fdch ud\u00e1lost\u00ed, je jednou z charakteristik, kter\u00e9 ji odli\u0161uj\u00ed od posv\u00e1tn\u00fdch knih jin\u00fdch n\u00e1bo\u017eenstv\u00ed. P\u0159edpokl\u00e1d\u00e1 existenci Boha, kter\u00fd jedn\u00e1 a osobn\u011b vstupuje do chodu d\u011bjin. Nepokou\u0161\u00ed se existenci takov\u00e9ho Boha dok\u00e1zat, ale jednodu\u0161e s n\u00ed po\u010d\u00edt\u00e1. Na po\u010d\u00e1tku B\u016fh promlouv\u00e1 a na Zemi vznik\u00e1 \u017eivot. Povol\u00e1v\u00e1 Adama z Kaldejsk\u00e9ho Uru, vysvobozuje sv\u016fj lid z egyptsk\u00e9ho zajet\u00ed, na kamenn\u00e9 desky p\u00ed\u0161e Desatero. Pos\u00edl\u00e1 proroky, ses\u00edl\u00e1 soudy, povol\u00e1v\u00e1 lidi, aby \u017eili podle jeho z\u00e1kona a pl\u00e1nu a kone\u010dn\u011b pos\u00edl\u00e1 sv\u00e9ho Syna Je\u017e\u00ed\u0161e Krista, aby nav\u017edy zm\u011bnil d\u011bjiny. Shrnut\u00ed sobotn\u00ed \u0161koly najdete pod p\u0159\u00edslu\u0161n\u00fdm odkazem na na\u0161ich str\u00e1nk\u00e1ch.<\/p>\n<p style=\"text-align: justify;\"><a href=\"https:\/\/valasskemezirici.casd.cz\/wp-content\/uploads\/2020\/06\/IMG_20200606_102233.jpg\"><img loading=\"lazy\" decoding=\"async\" class=\"alignnone  wp-image-5832\" src=\"https:\/\/valasskemezirici.casd.cz\/wp-content\/uploads\/2020\/06\/IMG_20200606_102233.jpg\" alt=\"\" width=\"582\" height=\"436\" srcset=\"https:\/\/valasskemezirici.casd.cz\/wp-content\/uploads\/2020\/06\/IMG_20200606_102233.jpg 4160w, https:\/\/valasskemezirici.casd.cz\/wp-content\/uploads\/2020\/06\/IMG_20200606_102233-300x225.jpg 300w, https:\/\/valasskemezirici.casd.cz\/wp-content\/uploads\/2020\/06\/IMG_20200606_102233-768x576.jpg 768w, https:\/\/valasskemezirici.casd.cz\/wp-content\/uploads\/2020\/06\/IMG_20200606_102233-1024x768.jpg 1024w\" sizes=\"auto, (max-width: 582px) 100vw, 582px\" \/><\/a><\/p>\n<p style=\"text-align: justify;\">V sobotn\u00ed \u0161kole ml\u00e1de\u017ee p\u0159ipomn\u011bla Iva Bure\u0161ov\u00e1 osoby kr\u00e1le Davida a \u0160alamouna. A aby se uk\u00e1zalo, zda jsou mlad\u00ed stejn\u011b moud\u0159\u00ed jako \u0160alamoun, dostali k vy\u0159e\u0161en\u00ed velmi n\u00e1ro\u010dnou h\u00e1danku. A v\u00fdsledek ? Zvl\u00e1dli ji na v\u00fdbornou !<\/p>\n<p style=\"text-align: justify;\">Po del\u0161\u00ed pauze jsme mohli op\u011bt sly\u0161et slov\u00ed\u010dko p\u0159ed k\u00e1z\u00e1n\u00edm Ivy Bure\u0161ov\u00e9. Inspirac\u00ed j\u00ed byly vla\u0161tovky a ji\u0159i\u010dky stav\u011bj\u00edc\u00ed si hn\u00edzda u oken a pod st\u0159echami na\u0161ich dom\u016f. P\u0159ipomn\u011bli jsme si pt\u00e1ky, kter\u00e9 n\u00e1m d\u00e1v\u00e1 Bible jako vzor pro na\u0161e chov\u00e1n\u00ed. Sna\u017eme se b\u00fdt bl\u00edzko Bohu, stejn\u011b jako vla\u0161tovky s\u00eddl\u00edc\u00ed v Bo\u017e\u00edm chr\u00e1mu star\u00e9ho Izraele. Vzn\u00e1\u0161ejme se d\u00edky s\u00edle na\u0161eho P\u00e1na stejn\u011b jako orli v proudech termiky. Schovejme se jako ku\u0159\u00e1tka pod &#8222;k\u0159\u00eddly&#8220; Je\u017e\u00ed\u0161e Krista. V\u011bnujme pozornost&nbsp;ud\u00e1lostem,na kter\u00e9 n\u00e1s Bible upozor\u0148uje,&nbsp;stejn\u011b jako \u010d\u00e1pi v\u011b\u0159\u00ed sv\u00e9mu instinktu.<\/p>\n<p style=\"text-align: justify;\">K\u00e1z\u00e1n\u00edm n\u00e1m dnes poslou\u017eil Karel Strouhal. P\u0159em\u00fd\u0161leli jsme nad t\u00edm, zda jsme dostate\u010dn\u011b p\u0159ipraveni na p\u0159\u00edchod P\u00e1na Je\u017e\u00ed\u0161e a \u017eivot na Nov\u00e9 zemi. Zvukov\u00fd z\u00e1znam najdete na str\u00e1nk\u00e1ch sboru.<\/p>\n<p style=\"text-align: justify;\"><a href=\"https:\/\/valasskemezirici.casd.cz\/wp-content\/uploads\/2020\/06\/IMG_20200606_111025.jpg\"><img loading=\"lazy\" decoding=\"async\" class=\"alignnone  wp-image-5833\" src=\"https:\/\/valasskemezirici.casd.cz\/wp-content\/uploads\/2020\/06\/IMG_20200606_111025.jpg\" alt=\"\" width=\"596\" height=\"447\" srcset=\"https:\/\/valasskemezirici.casd.cz\/wp-content\/uploads\/2020\/06\/IMG_20200606_111025.jpg 4160w, https:\/\/valasskemezirici.casd.cz\/wp-content\/uploads\/2020\/06\/IMG_20200606_111025-300x225.jpg 300w, https:\/\/valasskemezirici.casd.cz\/wp-content\/uploads\/2020\/06\/IMG_20200606_111025-768x576.jpg 768w, https:\/\/valasskemezirici.casd.cz\/wp-content\/uploads\/2020\/06\/IMG_20200606_111025-1024x768.jpg 1024w\" sizes=\"auto, (max-width: 596px) 100vw, 596px\" \/><\/a><\/p>\n<p style=\"text-align: justify;\">&nbsp;<\/p>\n<p style=\"text-align: justify;\">&nbsp;<\/p>\n<p style=\"text-align: justify;\">&nbsp;<\/p>\n","protected":false},"excerpt":{"rendered":"<p>Spolu s uvol\u0148ov\u00e1n\u00edm opat\u0159en\u00ed souvisej\u00edc\u00edm s koronavirem se zlep\u0161uje i n\u00e1lada v na\u0161em mal\u00e9m sbore\u010dku. Opad\u00e1vaj\u00ed obavy,&nbsp;rozhovory jsou uvoln\u011bn\u011bj\u0161\u00ed, \u00fasm\u011bvy \u010dast\u011bj\u0161\u00ed. D\u011bkujeme P\u00e1nu, \u017ee chr\u00e1nil v\u0161echny \u010dleny spole\u010denstv\u00ed a po n\u011bkolikat\u00fddenn\u00ed p\u0159est\u00e1vce jsme se v\u0161ichni mohli op\u011bt sej\u00edt.&nbsp;<\/p>\n","protected":false},"author":1,"featured_media":0,"comment_status":"closed","ping_status":"open","sticky":false,"template":"","format":"standard","meta":{"ngg_post_thumbnail":0,"footnotes":""},"categories":[1],"tags":[],"class_list":["post-5831","post","type-post","status-publish","format-standard","hentry","category-nezarazene"],"_links":{"self":[{"href":"https:\/\/valasskemezirici.casd.cz\/index.php?rest_route=\/wp\/v2\/posts\/5831","targetHints":{"allow":["GET"]}}],"collection":[{"href":"https:\/\/valasskemezirici.casd.cz\/index.php?rest_route=\/wp\/v2\/posts"}],"about":[{"href":"https:\/\/valasskemezirici.casd.cz\/index.php?rest_route=\/wp\/v2\/types\/post"}],"author":[{"embeddable":true,"href":"https:\/\/valasskemezirici.casd.cz\/index.php?rest_route=\/wp\/v2\/users\/1"}],"replies":[{"embeddable":true,"href":"https:\/\/valasskemezirici.casd.cz\/index.php?rest_route=%2Fwp%2Fv2%2Fcomments&post=5831"}],"version-history":[{"count":1,"href":"https:\/\/valasskemezirici.casd.cz\/index.php?rest_route=\/wp\/v2\/posts\/5831\/revisions"}],"predecessor-version":[{"id":5834,"href":"https:\/\/valasskemezirici.casd.cz\/index.php?rest_route=\/wp\/v2\/posts\/5831\/revisions\/5834"}],"wp:attachment":[{"href":"https:\/\/valasskemezirici.casd.cz\/index.php?rest_route=%2Fwp%2Fv2%2Fmedia&parent=5831"}],"wp:term":[{"taxonomy":"category","embeddable":true,"href":"https:\/\/valasskemezirici.casd.cz\/index.php?rest_route=%2Fwp%2Fv2%2Fcategories&post=5831"},{"taxonomy":"post_tag","embeddable":true,"href":"https:\/\/valasskemezirici.casd.cz\/index.php?rest_route=%2Fwp%2Fv2%2Ftags&post=5831"}],"curies":[{"name":"wp","href":"https:\/\/api.w.org\/{rel}","templated":true}]}}