{"id":5896,"date":"2020-08-02T20:12:58","date_gmt":"2020-08-02T18:12:58","guid":{"rendered":"http:\/\/valasskemezirici.casd.cz\/?p=5896"},"modified":"2020-08-02T20:13:51","modified_gmt":"2020-08-02T18:13:51","slug":"sobota-1-srpna-2020","status":"publish","type":"post","link":"https:\/\/valasskemezirici.casd.cz\/?p=5896","title":{"rendered":"Sobota 1.srpna 2020"},"content":{"rendered":"\n<p style=\"text-align: justify;\">Ani jsme se nenad\u00e1li a polovina pr\u00e1zdnin je pry\u010d. Leto\u0161n\u00ed l\u00e9to je sice jin\u00e9 ne\u017e p\u0159edchoz\u00ed roky &#8211; po\u010das\u00ed se v\u016fbec nepodob\u00e1 tropick\u00fdm vedr\u016fm minul\u00fdch let, a st\u00e1le hroz\u00edc\u00ed nebezpe\u010d\u00ed jm\u00e9nem covid n\u00e1s omezuje v na\u0161ich cest\u00e1ch. Co se ale nezm\u011bnilo je na\u0161e radost ze sobotn\u00edho dne odpo\u010dinku a mo\u017enosti pro\u017e\u00edt dopoledne v na\u0161em sbore\u010dku.<\/p>\n<p><!--more--><\/p>\n<p style=\"text-align: justify;\">Zah\u00e1jen\u00ed bohoslu\u017eby pat\u0159ilo po \u00favodn\u00ed p\u00edsni a modlitb\u011b dal\u0161\u00edmu d\u00edlu seri\u00e1lu Line age II. Sezn\u00e1mil n\u00e1s s p\u016fsoben\u00edm C\u00edrkve adventist\u016f v oblasti zdrav\u00e9ho \u017eivotn\u00edho stylu a prevence chorob. Jen m\u00e1lokdo v\u00ed, \u017ee E.G.White po sv\u00fdch vid\u011bn\u00edch prosazovala velmi progresivn\u00ed a modern\u00ed z\u00e1sady plat\u00edc\u00ed do dne\u0161n\u00edch dn\u016f.<\/p>\n<p style=\"text-align: justify;\">Ml\u00e1de\u017e spolu s Ivou Ch\u00e1rovou pro\u017eila sobotn\u00ed \u0161kolu v pr\u00e1zdninov\u00e9m re\u017eimu a po zamy\u0161len\u00ed nad biblick\u00fdm p\u0159\u00edb\u011bhem si zahr\u00e1li hru, ve kter\u00e9 mali\u010dko potr\u00e1pili hlavi\u010dky p\u0159i sestavov\u00e1n\u00ed co nejdel\u0161\u00edch slov z p\u0159id\u011blen\u00fdch p\u00edsmenek.<\/p>\n<p style=\"text-align: justify;\">\u00dakol sobotn\u00ed \u0161koly s n\u00e1mi probrala Kv\u011bta Ty\u0161erov\u00e1.&nbsp; N\u00e1zev &#8222;Sv\u011bdectv\u00ed v moci Ducha svat\u00e9ho&#8220; u\u017e p\u0159edes\u00edl\u00e1, nad \u010d\u00edm jsme se zam\u00fd\u0161leli. Pr\u00e1v\u011b s\u00edla Ducha svat\u00e9ho m\u011bla d\u00e1t u\u010dedn\u00edk\u016fm schopnost hl\u00e1sat poselstv\u00ed k\u0159\u00ed\u017ee s moc\u00ed, kter\u00e1 m\u011bn\u00ed sv\u011bt i \u017eivoty lid\u00ed. Za n\u011bkolik desetilet\u00ed evangelium skute\u010dn\u011b ovlivnilo cel\u00e9 lidstvo. Shrnut\u00ed \u00fakolu najdete na na\u0161ich str\u00e1nk\u00e1ch.<\/p>\n<p><a href=\"https:\/\/valasskemezirici.casd.cz\/wp-content\/uploads\/2020\/08\/IMG_20200801_111001-scaled.jpg\"><img loading=\"lazy\" decoding=\"async\" class=\"alignnone  wp-image-5897\" src=\"https:\/\/valasskemezirici.casd.cz\/wp-content\/uploads\/2020\/08\/IMG_20200801_111001-scaled.jpg\" alt=\"\" width=\"571\" height=\"428\" srcset=\"https:\/\/valasskemezirici.casd.cz\/wp-content\/uploads\/2020\/08\/IMG_20200801_111001-scaled.jpg 2560w, https:\/\/valasskemezirici.casd.cz\/wp-content\/uploads\/2020\/08\/IMG_20200801_111001-300x225.jpg 300w, https:\/\/valasskemezirici.casd.cz\/wp-content\/uploads\/2020\/08\/IMG_20200801_111001-1024x768.jpg 1024w, https:\/\/valasskemezirici.casd.cz\/wp-content\/uploads\/2020\/08\/IMG_20200801_111001-768x576.jpg 768w, https:\/\/valasskemezirici.casd.cz\/wp-content\/uploads\/2020\/08\/IMG_20200801_111001-1536x1152.jpg 1536w, https:\/\/valasskemezirici.casd.cz\/wp-content\/uploads\/2020\/08\/IMG_20200801_111001-2048x1536.jpg 2048w\" sizes=\"auto, (max-width: 571px) 100vw, 571px\" \/><\/a><\/p>\n<p style=\"text-align: justify;\">P\u0159ed k\u00e1z\u00e1n\u00edm jsme se zaposlouchali do slov\u00ed\u010dka, dnes Kv\u011bty Ty\u0161erov\u00e9. \u0160lo o p\u0159\u00edb\u011bh z knihy &#8222;U\u0161pin\u011bn\u00e1 sl\u00e1va&#8220; autora Pete Greiga. P\u0159ivedl n\u00e1s k zamy\u0161len\u00ed nad t\u00edm, co je to b\u00fdt v bl\u00edzkosti Boha.<\/p>\n<p style=\"text-align: justify;\">K\u00e1z\u00e1n\u00edm z Bo\u017e\u00edho slova n\u00e1m poslou\u017eil bratr Ji\u0159\u00ed Vesel\u00fd. Ot\u00e1zka soudu je pro n\u00e1s v\u0161echny velmi zaj\u00edmav\u00e1, a hlavn\u011b d\u016fle\u017eit\u00e1. Z\u00e1znam k\u00e1z\u00e1n\u00ed je mo\u017en\u00e9 si poslechnout pod p\u0159\u00edslu\u0161n\u00fdm odkazem.<\/p>\n<p><a href=\"https:\/\/valasskemezirici.casd.cz\/wp-content\/uploads\/2020\/08\/IMG_20200801_112043-scaled.jpg\"><img loading=\"lazy\" decoding=\"async\" class=\"alignnone size-full wp-image-5898\" src=\"https:\/\/valasskemezirici.casd.cz\/wp-content\/uploads\/2020\/08\/IMG_20200801_112043-scaled.jpg\" alt=\"\" width=\"2560\" height=\"1920\" srcset=\"https:\/\/valasskemezirici.casd.cz\/wp-content\/uploads\/2020\/08\/IMG_20200801_112043-scaled.jpg 2560w, https:\/\/valasskemezirici.casd.cz\/wp-content\/uploads\/2020\/08\/IMG_20200801_112043-300x225.jpg 300w, https:\/\/valasskemezirici.casd.cz\/wp-content\/uploads\/2020\/08\/IMG_20200801_112043-1024x768.jpg 1024w, https:\/\/valasskemezirici.casd.cz\/wp-content\/uploads\/2020\/08\/IMG_20200801_112043-768x576.jpg 768w, https:\/\/valasskemezirici.casd.cz\/wp-content\/uploads\/2020\/08\/IMG_20200801_112043-1536x1152.jpg 1536w, https:\/\/valasskemezirici.casd.cz\/wp-content\/uploads\/2020\/08\/IMG_20200801_112043-2048x1536.jpg 2048w\" sizes=\"auto, (max-width: 2560px) 100vw, 2560px\" \/><\/a><\/p>\n<p>&nbsp;<\/p>\n","protected":false},"excerpt":{"rendered":"<p>Ani jsme se nenad\u00e1li a polovina pr\u00e1zdnin je pry\u010d. Leto\u0161n\u00ed l\u00e9to je sice jin\u00e9 ne\u017e p\u0159edchoz\u00ed roky &#8211; po\u010das\u00ed se v\u016fbec nepodob\u00e1 tropick\u00fdm vedr\u016fm minul\u00fdch let, a st\u00e1le hroz\u00edc\u00ed nebezpe\u010d\u00ed jm\u00e9nem covid n\u00e1s omezuje v na\u0161ich cest\u00e1ch. Co se ale nezm\u011bnilo je na\u0161e radost ze sobotn\u00edho dne odpo\u010dinku a mo\u017enosti pro\u017e\u00edt dopoledne v na\u0161em sbore\u010dku.<\/p>\n","protected":false},"author":1,"featured_media":0,"comment_status":"closed","ping_status":"open","sticky":false,"template":"","format":"standard","meta":{"ngg_post_thumbnail":0,"footnotes":""},"categories":[1],"tags":[],"class_list":["post-5896","post","type-post","status-publish","format-standard","hentry","category-nezarazene"],"_links":{"self":[{"href":"https:\/\/valasskemezirici.casd.cz\/index.php?rest_route=\/wp\/v2\/posts\/5896","targetHints":{"allow":["GET"]}}],"collection":[{"href":"https:\/\/valasskemezirici.casd.cz\/index.php?rest_route=\/wp\/v2\/posts"}],"about":[{"href":"https:\/\/valasskemezirici.casd.cz\/index.php?rest_route=\/wp\/v2\/types\/post"}],"author":[{"embeddable":true,"href":"https:\/\/valasskemezirici.casd.cz\/index.php?rest_route=\/wp\/v2\/users\/1"}],"replies":[{"embeddable":true,"href":"https:\/\/valasskemezirici.casd.cz\/index.php?rest_route=%2Fwp%2Fv2%2Fcomments&post=5896"}],"version-history":[{"count":2,"href":"https:\/\/valasskemezirici.casd.cz\/index.php?rest_route=\/wp\/v2\/posts\/5896\/revisions"}],"predecessor-version":[{"id":5900,"href":"https:\/\/valasskemezirici.casd.cz\/index.php?rest_route=\/wp\/v2\/posts\/5896\/revisions\/5900"}],"wp:attachment":[{"href":"https:\/\/valasskemezirici.casd.cz\/index.php?rest_route=%2Fwp%2Fv2%2Fmedia&parent=5896"}],"wp:term":[{"taxonomy":"category","embeddable":true,"href":"https:\/\/valasskemezirici.casd.cz\/index.php?rest_route=%2Fwp%2Fv2%2Fcategories&post=5896"},{"taxonomy":"post_tag","embeddable":true,"href":"https:\/\/valasskemezirici.casd.cz\/index.php?rest_route=%2Fwp%2Fv2%2Ftags&post=5896"}],"curies":[{"name":"wp","href":"https:\/\/api.w.org\/{rel}","templated":true}]}}