{"id":5911,"date":"2020-09-02T20:28:07","date_gmt":"2020-09-02T18:28:07","guid":{"rendered":"http:\/\/valasskemezirici.casd.cz\/?p=5911"},"modified":"2020-09-02T20:38:21","modified_gmt":"2020-09-02T18:38:21","slug":"sobota-29-srpna-2020","status":"publish","type":"post","link":"https:\/\/valasskemezirici.casd.cz\/?p=5911","title":{"rendered":"Sobota 29.srpna 2020"},"content":{"rendered":"\n<p style=\"text-align: justify;\">A je to tady &#8211; posledn\u00ed pr\u00e1zdninov\u00e1 sobota. L\u00e9to se pomali\u010dku klon\u00ed ke sv\u00e9mu konci, d\u011bti a ml\u00e1de\u017e se smi\u0159uj\u00ed s my\u0161lenkou, \u017ee po t\u00e9m\u011b\u0159 p\u016fl roce z d\u016fvod\u016f koronavirov\u00e9 n\u00e1kazy a pr\u00e1zdnin zasednou op\u011bt do \u0161koln\u00edch lavic, a na\u0161i mil\u00ed \u010dlenov\u00e9 se vracej\u00ed ze sv\u00fdch dovolenkov\u00fdch cest.&nbsp; V\u0161ichni zdrav\u00ed a&nbsp; odpo\u010dinut\u00ed. D\u011bkujeme P\u00e1nu za ochranu, kterou bereme pln\u00fdmi hrstmi.<\/p>\n<p><!--more--><\/p>\n<p style=\"text-align: justify;\">Video seri\u00e1l <strong>Line age<\/strong> n\u00e1s p\u0159enesl do prvn\u00edho sboru mimo \u00fazem\u00ed severn\u00ed Ameriky &#8211; do \u0161v\u00fdcarsk\u00e9ho Tramelanu. O jeho zalo\u017een\u00ed se zaslou\u017eil kontroverzn\u00ed Michal Czechowski &#8211; na stran\u011b jedn\u00e9 skv\u011bl\u00fd evangeliza\u010dn\u00ed pracovn\u00edk, na stran\u011b druh\u00e9 sebev\u011bdom\u00fd \u010dlov\u011bk, kter\u00fd m\u011bl probl\u00e9m spolupracovat na Bo\u017e\u00edm d\u00edle s ostatn\u00edmi bratry.<\/p>\n<p><a href=\"https:\/\/valasskemezirici.casd.cz\/wp-content\/uploads\/2020\/09\/118731761_704657813734247_6409255019422072912_n.jpg\"><img loading=\"lazy\" decoding=\"async\" class=\"alignnone size-full wp-image-5912\" src=\"https:\/\/valasskemezirici.casd.cz\/wp-content\/uploads\/2020\/09\/118731761_704657813734247_6409255019422072912_n.jpg\" alt=\"\" width=\"720\" height=\"960\" srcset=\"https:\/\/valasskemezirici.casd.cz\/wp-content\/uploads\/2020\/09\/118731761_704657813734247_6409255019422072912_n.jpg 720w, https:\/\/valasskemezirici.casd.cz\/wp-content\/uploads\/2020\/09\/118731761_704657813734247_6409255019422072912_n-225x300.jpg 225w\" sizes=\"auto, (max-width: 720px) 100vw, 720px\" \/><\/a><\/p>\n<p style=\"text-align: justify;\">Ml\u00e1de\u017e se s Ivou Ch\u00e1rovou p\u0159esunula do prostor sobotn\u00ed \u0161kolky a zam\u00fd\u0161lela se nad t\u00edm, jak Je\u017e\u00ed\u0161 vysv\u011btloval sv\u00fdm u\u010dedn\u00edk\u016fm nutnost sv\u00e9ho odchodu, svou ob\u011b\u0165 a co bylo jej\u00edm d\u016fvodem.&nbsp; Zaj\u00edmav\u00e9 bylo i sd\u00edlen\u00ed&nbsp; nejmlad\u0161\u00edch \u010dlen\u016f sboru osobn\u00edch zku\u0161enost\u00ed s evangelizac\u00ed a p\u016fsoben\u00edm na kamar\u00e1dy.<\/p>\n<p>Sobotn\u00ed \u0161kolou s n\u00e1zvem &#8222;Laskav\u00e1 slu\u017eba lidem&#8220; n\u00e1s provedl Petr Kimler.<\/p>\n<p style=\"text-align: justify;\">C\u00edlem tohoto \u00fakolu bylo hloub\u011bji se v\u011bnovat zp\u016fsobu, jak\u00fdm Je\u017e\u00ed\u0161 p\u0159istupoval k&nbsp;lidem a zkoumat, jak m\u016f\u017eeme tyto principy aplikovat v&nbsp;na\u0161em \u017eivot\u011b a tak\u00e9 v na\u0161\u00ed slu\u017eb\u011b. Je\u017e\u00ed\u0161 nikdy neprojevil ani trochu p\u00fdchy nebo nad\u0159azenosti. V ka\u017ed\u00e9m \u010dlov\u011bku vid\u011bl lidskou bytost stvo\u0159enou k Bo\u017e\u00edmu obrazu. Projevoval respekt ka\u017ed\u00e9mu, s k\u00fdm se setkal, a ke ka\u017ed\u00e9mu se choval s n\u00e1le\u017eitou \u00factou. V Je\u017e\u00ed\u0161ov\u011b bl\u00edzkosti se m\u011bnily \u017eivoty lid\u00ed, proto\u017ee o n\u011b m\u011bl skute\u010dn\u00fd z\u00e1jem. Dok\u00e1zal lidi pozvednout a zm\u011bnit je.<\/p>\n<p>K\u00e1z\u00e1n\u00edm z Bo\u017e\u00edho slova n\u00e1m dnes poslou\u017eil bratr Hynek Dona. T\u00e9matem nav\u00e1zal na sobotn\u00ed \u0161kolu. Z\u00e1znam k\u00e1z\u00e1n\u00ed si m\u016f\u017eete poslechnout pod odkazem &#8222;K\u00e1z\u00e1n\u00ed&#8220;.<\/p>\n<p><a href=\"https:\/\/valasskemezirici.casd.cz\/wp-content\/uploads\/2020\/09\/118773941_2742013692792586_7427347515611110870_n.jpg\"><img loading=\"lazy\" decoding=\"async\" class=\"alignnone size-full wp-image-5913\" src=\"https:\/\/valasskemezirici.casd.cz\/wp-content\/uploads\/2020\/09\/118773941_2742013692792586_7427347515611110870_n.jpg\" alt=\"\" width=\"960\" height=\"720\" srcset=\"https:\/\/valasskemezirici.casd.cz\/wp-content\/uploads\/2020\/09\/118773941_2742013692792586_7427347515611110870_n.jpg 960w, https:\/\/valasskemezirici.casd.cz\/wp-content\/uploads\/2020\/09\/118773941_2742013692792586_7427347515611110870_n-300x225.jpg 300w, https:\/\/valasskemezirici.casd.cz\/wp-content\/uploads\/2020\/09\/118773941_2742013692792586_7427347515611110870_n-768x576.jpg 768w\" sizes=\"auto, (max-width: 960px) 100vw, 960px\" \/><\/a><\/p>\n<p>&nbsp;<\/p>\n","protected":false},"excerpt":{"rendered":"<p>A je to tady &#8211; posledn\u00ed pr\u00e1zdninov\u00e1 sobota. L\u00e9to se pomali\u010dku klon\u00ed ke sv\u00e9mu konci, d\u011bti a ml\u00e1de\u017e se smi\u0159uj\u00ed s my\u0161lenkou, \u017ee po t\u00e9m\u011b\u0159 p\u016fl roce z d\u016fvod\u016f koronavirov\u00e9 n\u00e1kazy a pr\u00e1zdnin zasednou op\u011bt do \u0161koln\u00edch lavic, a na\u0161i mil\u00ed \u010dlenov\u00e9 se vracej\u00ed ze sv\u00fdch dovolenkov\u00fdch cest.&nbsp; V\u0161ichni zdrav\u00ed a&nbsp; odpo\u010dinut\u00ed. D\u011bkujeme P\u00e1nu za [&hellip;]<\/p>\n","protected":false},"author":1,"featured_media":0,"comment_status":"closed","ping_status":"open","sticky":false,"template":"","format":"standard","meta":{"ngg_post_thumbnail":0,"footnotes":""},"categories":[1],"tags":[],"class_list":["post-5911","post","type-post","status-publish","format-standard","hentry","category-nezarazene"],"_links":{"self":[{"href":"https:\/\/valasskemezirici.casd.cz\/index.php?rest_route=\/wp\/v2\/posts\/5911","targetHints":{"allow":["GET"]}}],"collection":[{"href":"https:\/\/valasskemezirici.casd.cz\/index.php?rest_route=\/wp\/v2\/posts"}],"about":[{"href":"https:\/\/valasskemezirici.casd.cz\/index.php?rest_route=\/wp\/v2\/types\/post"}],"author":[{"embeddable":true,"href":"https:\/\/valasskemezirici.casd.cz\/index.php?rest_route=\/wp\/v2\/users\/1"}],"replies":[{"embeddable":true,"href":"https:\/\/valasskemezirici.casd.cz\/index.php?rest_route=%2Fwp%2Fv2%2Fcomments&post=5911"}],"version-history":[{"count":2,"href":"https:\/\/valasskemezirici.casd.cz\/index.php?rest_route=\/wp\/v2\/posts\/5911\/revisions"}],"predecessor-version":[{"id":5917,"href":"https:\/\/valasskemezirici.casd.cz\/index.php?rest_route=\/wp\/v2\/posts\/5911\/revisions\/5917"}],"wp:attachment":[{"href":"https:\/\/valasskemezirici.casd.cz\/index.php?rest_route=%2Fwp%2Fv2%2Fmedia&parent=5911"}],"wp:term":[{"taxonomy":"category","embeddable":true,"href":"https:\/\/valasskemezirici.casd.cz\/index.php?rest_route=%2Fwp%2Fv2%2Fcategories&post=5911"},{"taxonomy":"post_tag","embeddable":true,"href":"https:\/\/valasskemezirici.casd.cz\/index.php?rest_route=%2Fwp%2Fv2%2Ftags&post=5911"}],"curies":[{"name":"wp","href":"https:\/\/api.w.org\/{rel}","templated":true}]}}