{"id":5918,"date":"2020-09-06T09:36:57","date_gmt":"2020-09-06T07:36:57","guid":{"rendered":"http:\/\/valasskemezirici.casd.cz\/?p=5918"},"modified":"2020-09-06T09:37:34","modified_gmt":"2020-09-06T07:37:34","slug":"modlitebni-setkani-4","status":"publish","type":"post","link":"https:\/\/valasskemezirici.casd.cz\/?p=5918","title":{"rendered":"Modlitebn\u00ed setk\u00e1n\u00ed"},"content":{"rendered":"\n<p style=\"text-align: justify;\">Ve st\u0159edu <strong>9.z\u00e1\u0159\u00ed 2020<\/strong> se&nbsp; op\u011bt sejdeme na prvn\u00edm z pravideln\u00fdch st\u0159ede\u010dn\u00edch modlitebn\u00edch setk\u00e1n\u00edch, a to <strong>v 18.30 hodin<\/strong>.&nbsp;<\/p>\n<p style=\"text-align: justify;\">Pod vlivem \u00fakolu sobotn\u00ed \u0161koly minul\u00e9ho t\u00fddne jsme se rozhodli vr\u00e1tit na\u0161e setk\u00e1v\u00e1n\u00ed do rodinn\u00e9ho prost\u0159ed\u00ed, proto se na t\u00e9to prvn\u00ed sch\u016fzce potk\u00e1me <strong>u man\u017eel\u016f Ch\u00e1rov\u00fdch<\/strong>, kam jste srde\u010dn\u011b zv\u00e1n\u00ed.<\/p>\n<p>Tak\u017ee nezapome\u0148te:<\/p>\n<h4><span style=\"color: #ff0000;\">9.9.2020 v 18.30 hod modlitebn\u00ed setk\u00e1n\u00ed u Ch\u00e1r\u016f<\/span><\/h4>\n<p><a href=\"https:\/\/valasskemezirici.casd.cz\/wp-content\/uploads\/2020\/09\/2220547.jpg\"><img loading=\"lazy\" decoding=\"async\" class=\" wp-image-5919\" src=\"https:\/\/valasskemezirici.casd.cz\/wp-content\/uploads\/2020\/09\/2220547.jpg\" alt=\"\" width=\"493\" height=\"329\" srcset=\"https:\/\/valasskemezirici.casd.cz\/wp-content\/uploads\/2020\/09\/2220547.jpg 1800w, https:\/\/valasskemezirici.casd.cz\/wp-content\/uploads\/2020\/09\/2220547-300x200.jpg 300w, https:\/\/valasskemezirici.casd.cz\/wp-content\/uploads\/2020\/09\/2220547-1024x683.jpg 1024w, https:\/\/valasskemezirici.casd.cz\/wp-content\/uploads\/2020\/09\/2220547-768x512.jpg 768w, https:\/\/valasskemezirici.casd.cz\/wp-content\/uploads\/2020\/09\/2220547-1536x1024.jpg 1536w\" sizes=\"auto, (max-width: 493px) 100vw, 493px\" \/><\/a><\/p>\n","protected":false},"excerpt":{"rendered":"<p>Ve st\u0159edu 9.z\u00e1\u0159\u00ed 2020 se&nbsp; op\u011bt sejdeme na prvn\u00edm z pravideln\u00fdch st\u0159ede\u010dn\u00edch modlitebn\u00edch setk\u00e1n\u00edch, a to v 18.30 hodin.&nbsp; Pod vlivem \u00fakolu sobotn\u00ed \u0161koly minul\u00e9ho t\u00fddne jsme se rozhodli vr\u00e1tit na\u0161e setk\u00e1v\u00e1n\u00ed do rodinn\u00e9ho prost\u0159ed\u00ed, proto se na t\u00e9to prvn\u00ed sch\u016fzce potk\u00e1me u man\u017eel\u016f Ch\u00e1rov\u00fdch, kam jste srde\u010dn\u011b zv\u00e1n\u00ed. Tak\u017ee nezapome\u0148te: 9.9.2020 v 18.30 hod [&hellip;]<\/p>\n","protected":false},"author":1,"featured_media":0,"comment_status":"closed","ping_status":"open","sticky":false,"template":"","format":"standard","meta":{"ngg_post_thumbnail":0,"footnotes":""},"categories":[1],"tags":[],"class_list":["post-5918","post","type-post","status-publish","format-standard","hentry","category-nezarazene"],"_links":{"self":[{"href":"https:\/\/valasskemezirici.casd.cz\/index.php?rest_route=\/wp\/v2\/posts\/5918","targetHints":{"allow":["GET"]}}],"collection":[{"href":"https:\/\/valasskemezirici.casd.cz\/index.php?rest_route=\/wp\/v2\/posts"}],"about":[{"href":"https:\/\/valasskemezirici.casd.cz\/index.php?rest_route=\/wp\/v2\/types\/post"}],"author":[{"embeddable":true,"href":"https:\/\/valasskemezirici.casd.cz\/index.php?rest_route=\/wp\/v2\/users\/1"}],"replies":[{"embeddable":true,"href":"https:\/\/valasskemezirici.casd.cz\/index.php?rest_route=%2Fwp%2Fv2%2Fcomments&post=5918"}],"version-history":[{"count":2,"href":"https:\/\/valasskemezirici.casd.cz\/index.php?rest_route=\/wp\/v2\/posts\/5918\/revisions"}],"predecessor-version":[{"id":5921,"href":"https:\/\/valasskemezirici.casd.cz\/index.php?rest_route=\/wp\/v2\/posts\/5918\/revisions\/5921"}],"wp:attachment":[{"href":"https:\/\/valasskemezirici.casd.cz\/index.php?rest_route=%2Fwp%2Fv2%2Fmedia&parent=5918"}],"wp:term":[{"taxonomy":"category","embeddable":true,"href":"https:\/\/valasskemezirici.casd.cz\/index.php?rest_route=%2Fwp%2Fv2%2Fcategories&post=5918"},{"taxonomy":"post_tag","embeddable":true,"href":"https:\/\/valasskemezirici.casd.cz\/index.php?rest_route=%2Fwp%2Fv2%2Ftags&post=5918"}],"curies":[{"name":"wp","href":"https:\/\/api.w.org\/{rel}","templated":true}]}}