{"id":5922,"date":"2020-09-06T10:14:24","date_gmt":"2020-09-06T08:14:24","guid":{"rendered":"http:\/\/valasskemezirici.casd.cz\/?p=5922"},"modified":"2020-09-06T10:15:07","modified_gmt":"2020-09-06T08:15:07","slug":"sobota-5-zari-2020","status":"publish","type":"post","link":"https:\/\/valasskemezirici.casd.cz\/?p=5922","title":{"rendered":"Sobota 5.z\u00e1\u0159\u00ed 2020"},"content":{"rendered":"\n<p style=\"text-align: justify;\">Prvn\u00ed sobotn\u00ed bohoslu\u017eba nov\u00e9ho \u0161koln\u00edho roku je tady. Tak jako se \u017e\u00e1\u010dci vrac\u00ed do lavic, tak se v\u0161e pomalu vrac\u00ed do norm\u00e1lu. Doufejme, \u017ee n\u00e1s P\u00e1n ochr\u00e1n\u00ed od tolik v posledn\u00ed dob\u011b sklo\u0148ovan\u00e9ho viru, a budeme se moci sch\u00e1zet v hojn\u00e9m po\u010dtu i nad\u00e1le.<\/p>\n<p><!--more--><\/p>\n<p><a href=\"https:\/\/valasskemezirici.casd.cz\/wp-content\/uploads\/2020\/09\/118860602_307265067035799_6359264413847013651_n.jpg\"><img loading=\"lazy\" decoding=\"async\" class=\"alignnone size-full wp-image-5923\" src=\"https:\/\/valasskemezirici.casd.cz\/wp-content\/uploads\/2020\/09\/118860602_307265067035799_6359264413847013651_n.jpg\" alt=\"\" width=\"720\" height=\"960\" srcset=\"https:\/\/valasskemezirici.casd.cz\/wp-content\/uploads\/2020\/09\/118860602_307265067035799_6359264413847013651_n.jpg 720w, https:\/\/valasskemezirici.casd.cz\/wp-content\/uploads\/2020\/09\/118860602_307265067035799_6359264413847013651_n-225x300.jpg 225w\" sizes=\"auto, (max-width: 720px) 100vw, 720px\" \/><\/a><\/p>\n<p style=\"text-align: justify;\">V seri\u00e1lu Line age jsme se minul\u00fd t\u00fdden p\u0159esunuli do Evropy, kde byl v Tramelanu ve \u0160v\u00fdcarsku zalo\u017een prvn\u00ed adventistick\u00fd sbor. Dnes jsme se zaposlouchali do p\u0159\u00edb\u011bhu prvn\u00edho kazatele na\u0161\u00ed c\u00edrkve Jakoba Erzbergera. V Tramelanu poznal prav\u00e9 Biblick\u00e9 u\u010den\u00ed o sobot\u011b, nechal se pok\u0159t\u00edt a stal se \u010dlenem na\u0161\u00ed c\u00edrkve. P\u0159ijal pozv\u00e1n\u00ed man\u017eel\u016f Whiteov\u00fdch a odjel do Ameriky, aby zde obdr\u017eel mnoh\u00e1 ponau\u010den\u00ed a rady. Stal se pevnou oporou mision\u00e1\u0159\u016f poslan\u00fdch do Evropy, zalo\u017eil prvn\u00ed sbor v N\u011bmecku a po dlouh\u00e1 l\u00e9ta byl jedin\u00fdm kazatelem n\u011bmecky mluv\u00edc\u00edch sbor\u016f ve \u0160v\u00fdcarsku a N\u011bmecku. Byl zn\u00e1m\u00fd svou pracovitost\u00ed, snahou o z\u00edsk\u00e1n\u00ed co nejv\u011bt\u0161\u00edho po\u010dtu Kristov\u00fdch d\u011bt\u00ed a velk\u00fdm kladem byla jeho ochota pracovat pod veden\u00edm mlad\u0161\u00edch koleg\u016f. Nikdy nevyvy\u0161oval sebe, ale Krista. Kdy\u017e zjistil pravdu o sobot\u011b, byl ochoten naprosto zm\u011bnit sv\u016fj \u017eivot a j\u00edt za P\u00e1nem. K\u00e9\u017e se n\u00e1m da\u0159\u00ed tot\u00e9\u017e.<\/p>\n<p style=\"text-align: justify;\">Sobotn\u00ed \u0161kola pod veden\u00ed Petra Ch\u00e1ry tentokr\u00e1t prob\u011bhla spole\u010dn\u011b &#8211; jak dosp\u011bl\u00ed, tak ml\u00e1de\u017e. A byla opravdu plodn\u00e1. Hlavn\u00edm t\u00e9matem byla pr\u00e1ce ve skupin\u00e1ch. Do diskuze se zapojili naprosto v\u0161ichni, a tak n\u011bjak mimochodem se potvrdilo to, o \u010dem jsme si pov\u00eddal &#8211; bylo n\u00e1s celkem jen 9 p\u0159\u00edtomn\u00fdch, \u010dili mal\u00e1 skupinka, a sobotn\u00ed \u0161kola byla mnohem pest\u0159ej\u0161\u00ed, mnohem v\u00edce napln\u011bna my\u0161lenkami, ne\u017e kdyby byl p\u0159\u00edtomen cel\u00fd sbor. Otev\u0159ely se i mnoh\u00e9 citliv\u00e9 ot\u00e1zky t\u00fdkaj\u00edc\u00ed se na\u0161eho spole\u010denstv\u00ed a mo\u017en\u00e9 n\u00e1vrhy&nbsp; \u0159e\u0161en\u00ed, a to pova\u017euji za naprosto nejlep\u0161\u00ed mo\u017en\u00fd v\u00fdsledek na\u0161eho studia. Jedn\u00edm ze z\u00e1v\u011br\u016f bylo tak\u00e9 rozhodnut\u00ed o kon\u00e1n\u00ed modlitebn\u00edch setk\u00e1n\u00ed op\u011bt v rodin\u00e1ch. Nejde jen o studium Bible a modlitby za pot\u0159ebn\u00e9, ale tak\u00e9 o utu\u017eov\u00e1n\u00ed na\u0161ich vztah\u016f, sd\u00edlen\u00ed starost\u00ed, radost\u00ed a spole\u010dn\u00e9 nach\u00e1zen\u00ed \u0159e\u0161en\u00ed p\u0159\u00edpadn\u00fdch nesrovnalost\u00ed a neshod v n\u00e1zorech.<\/p>\n<p style=\"text-align: justify;\">Slov\u00ed\u010dko p\u0159ed k\u00e1z\u00e1n\u00ed Ivy Ch\u00e1rov\u00e9 n\u00e1m p\u0159ipomn\u011blo, jak d\u016fle\u017eit\u00e9 je d\u011bkovat a chv\u00e1lit. D\u00e1v\u00e1me t\u00edm najevo, \u017ee si uv\u011bdomujeme snahu druh\u00fdch, oce\u0148ujeme jejich pr\u00e1ci a \u00fasil\u00ed, a motivujeme je. Ale chv\u00e1len\u00ed je d\u016fle\u017eit\u00e9 tak\u00e9 pro n\u00e1s &#8211; pom\u00e1h\u00e1 n\u00e1m p\u0159ekonat na\u0161e sobectv\u00ed a formuje vztah k druh\u00fdm. P\u0159edev\u0161\u00edm p\u0159i chv\u00e1l\u00e1ch a d\u00edc\u00edch sm\u011brem k na\u0161emu P\u00e1nu je tento faktor velmi d\u016fle\u017eit\u00fd.<\/p>\n<p><a href=\"https:\/\/valasskemezirici.casd.cz\/wp-content\/uploads\/2020\/09\/118840410_782333169243614_1862191087966165214_n.jpg\"><img loading=\"lazy\" decoding=\"async\" class=\"alignnone size-full wp-image-5924\" src=\"https:\/\/valasskemezirici.casd.cz\/wp-content\/uploads\/2020\/09\/118840410_782333169243614_1862191087966165214_n.jpg\" alt=\"\" width=\"720\" height=\"960\" srcset=\"https:\/\/valasskemezirici.casd.cz\/wp-content\/uploads\/2020\/09\/118840410_782333169243614_1862191087966165214_n.jpg 720w, https:\/\/valasskemezirici.casd.cz\/wp-content\/uploads\/2020\/09\/118840410_782333169243614_1862191087966165214_n-225x300.jpg 225w\" sizes=\"auto, (max-width: 720px) 100vw, 720px\" \/><\/a><\/p>\n<p>K\u00e1z\u00e1n\u00edm z Bo\u017e\u00edho slova n\u00e1m dnes poslou\u017eil Marek Wagner za asistence mal\u00e9ho Dane\u010dka. Z\u00e1znam si m\u016f\u017eete poslechnout pod odkazem &#8222;K\u00e1z\u00e1n\u00ed&#8220;.<\/p>\n<p style=\"text-align: justify;\">Po pr\u00e1zdninov\u00e9 p\u0159est\u00e1vce op\u011bt rozj\u00ed\u017ed\u00edme spole\u010dn\u00e1 modlitebn\u00ed setk\u00e1n\u00ed. Nemocn\u00fdch st\u00e1le p\u0159ib\u00fdv\u00e1 a probl\u00e9m\u016f tak\u00e9. Moc pot\u0159ebujeme sklonit hlavy, poko\u0159it sv\u00e9 py\u0161n\u00e9 &#8222;j\u00e1&#8220; a se srdcem up\u0159en\u00fdm k Bohu spolu s bratry prosit a d\u011bkovat.&nbsp;<\/p>\n<h4>T\u011b\u0161\u00edme se na v\u00e1s ve st\u0159edu 9.z\u00e1\u0159\u00ed 2020 v 18.30 hod. u Ch\u00e1r\u016f.<\/h4>\n<p>&nbsp;<\/p>\n<p><a href=\"https:\/\/valasskemezirici.casd.cz\/wp-content\/uploads\/2020\/09\/118882140_4295450453859742_7252464024028589241_n.jpg\"><img loading=\"lazy\" decoding=\"async\" class=\"alignnone size-full wp-image-5925\" src=\"https:\/\/valasskemezirici.casd.cz\/wp-content\/uploads\/2020\/09\/118882140_4295450453859742_7252464024028589241_n.jpg\" alt=\"\" width=\"720\" height=\"960\" srcset=\"https:\/\/valasskemezirici.casd.cz\/wp-content\/uploads\/2020\/09\/118882140_4295450453859742_7252464024028589241_n.jpg 720w, https:\/\/valasskemezirici.casd.cz\/wp-content\/uploads\/2020\/09\/118882140_4295450453859742_7252464024028589241_n-225x300.jpg 225w\" sizes=\"auto, (max-width: 720px) 100vw, 720px\" \/><\/a><\/p>\n","protected":false},"excerpt":{"rendered":"<p>Prvn\u00ed sobotn\u00ed bohoslu\u017eba nov\u00e9ho \u0161koln\u00edho roku je tady. Tak jako se \u017e\u00e1\u010dci vrac\u00ed do lavic, tak se v\u0161e pomalu vrac\u00ed do norm\u00e1lu. Doufejme, \u017ee n\u00e1s P\u00e1n ochr\u00e1n\u00ed od tolik v posledn\u00ed dob\u011b sklo\u0148ovan\u00e9ho viru, a budeme se moci sch\u00e1zet v hojn\u00e9m po\u010dtu i nad\u00e1le.<\/p>\n","protected":false},"author":1,"featured_media":0,"comment_status":"closed","ping_status":"open","sticky":false,"template":"","format":"standard","meta":{"ngg_post_thumbnail":0,"footnotes":""},"categories":[1],"tags":[],"class_list":["post-5922","post","type-post","status-publish","format-standard","hentry","category-nezarazene"],"_links":{"self":[{"href":"https:\/\/valasskemezirici.casd.cz\/index.php?rest_route=\/wp\/v2\/posts\/5922","targetHints":{"allow":["GET"]}}],"collection":[{"href":"https:\/\/valasskemezirici.casd.cz\/index.php?rest_route=\/wp\/v2\/posts"}],"about":[{"href":"https:\/\/valasskemezirici.casd.cz\/index.php?rest_route=\/wp\/v2\/types\/post"}],"author":[{"embeddable":true,"href":"https:\/\/valasskemezirici.casd.cz\/index.php?rest_route=\/wp\/v2\/users\/1"}],"replies":[{"embeddable":true,"href":"https:\/\/valasskemezirici.casd.cz\/index.php?rest_route=%2Fwp%2Fv2%2Fcomments&post=5922"}],"version-history":[{"count":2,"href":"https:\/\/valasskemezirici.casd.cz\/index.php?rest_route=\/wp\/v2\/posts\/5922\/revisions"}],"predecessor-version":[{"id":5927,"href":"https:\/\/valasskemezirici.casd.cz\/index.php?rest_route=\/wp\/v2\/posts\/5922\/revisions\/5927"}],"wp:attachment":[{"href":"https:\/\/valasskemezirici.casd.cz\/index.php?rest_route=%2Fwp%2Fv2%2Fmedia&parent=5922"}],"wp:term":[{"taxonomy":"category","embeddable":true,"href":"https:\/\/valasskemezirici.casd.cz\/index.php?rest_route=%2Fwp%2Fv2%2Fcategories&post=5922"},{"taxonomy":"post_tag","embeddable":true,"href":"https:\/\/valasskemezirici.casd.cz\/index.php?rest_route=%2Fwp%2Fv2%2Ftags&post=5922"}],"curies":[{"name":"wp","href":"https:\/\/api.w.org\/{rel}","templated":true}]}}