{"id":5948,"date":"2020-09-22T20:34:26","date_gmt":"2020-09-22T18:34:26","guid":{"rendered":"http:\/\/valasskemezirici.casd.cz\/?p=5948"},"modified":"2020-09-22T20:36:27","modified_gmt":"2020-09-22T18:36:27","slug":"sobota-12-zari-2020","status":"publish","type":"post","link":"https:\/\/valasskemezirici.casd.cz\/?p=5948","title":{"rendered":"Sobota 12.z\u00e1\u0159\u00ed 2020"},"content":{"rendered":"\n<p>Leto\u0161n\u00ed z\u00e1\u0159\u00ed skute\u010dn\u011b z\u00e1\u0159\u00ed. Slun\u00ed\u010dko a p\u0159\u00edjemn\u00e9 teploty jako by se sna\u017eily vynahradit n\u00e1m ne pr\u00e1v\u011b uk\u00e1zkov\u00e9 pr\u00e1zdninov\u00e9 po\u010das\u00ed. A stejn\u011b jako slun\u00ed\u010dko z\u00e1\u0159il dnes tak\u00e9 n\u00e1\u0161 host &#8211; Milan Kubi\u010d\u00edk, kter\u00e9ho jsme po del\u0161\u00ed dob\u011b opravdu moc r\u00e1di p\u0159iv\u00edtali.<\/p>\n<p><!--more--><\/p>\n<p style=\"text-align: justify;\">Video Line age n\u00e1s sezn\u00e1milo s nejschopn\u011bj\u0161\u00edm mu\u017eem c\u00edrkve ve sv\u00e9 dob\u011b &#8211; J.N.Andrewsem. Jako velmi mlad\u00fd sepsal d\u00edlo Historie soboty, kter\u00fdm se sna\u017eil prosadit sv\u011bcen\u00ed soboty od ve\u010dera do ve\u010dera. Byl vysl\u00e1n c\u00edrkv\u00ed jako prvn\u00ed mision\u00e1\u0159 do Evropy. Odcestoval&nbsp; se 3 mal\u00fdmi d\u011btmi, kter\u00e9 vychov\u00e1val po smrti man\u017eelky s\u00e1m, a sv\u00e9ho \u00fakolu se zhostil velmi zodpov\u011bdn\u011b.&nbsp;<\/p>\n<p style=\"text-align: justify;\">\u00dakolem sobotn\u00ed \u0161koly s n\u00e1zvem &#8222;Je\u017e\u00ed\u0161\u016fv p\u0159\u00edb\u011bh m\u011bn\u00ed \u017eivoty&#8220; n\u00e1s provedl Pavel Pimek. Pokud v\u017edy, kdy\u017e druh\u00fdm sv\u011bd\u010d\u00edme o sv\u00e9 v\u00ed\u0159e, odr\u00e1\u017e\u00edme Bo\u017e\u00ed charakter, lid\u00e9, se kter\u00fdm mluv\u00edme o Bibli, mnohem snadn\u011bji p\u0159ijmou Bo\u017e\u00ed slovo. Pod\u011blili jsme se s ostatn\u00edmi o sv\u00e9 zku\u0161enosti a zam\u00fd\u0161leli jsme se tak\u00e9 nad osobn\u00edmi i sborov\u00fdmi probl\u00e9my.&nbsp;<\/p>\n<p><a href=\"https:\/\/valasskemezirici.casd.cz\/wp-content\/uploads\/2020\/09\/IMG_20200912_102834-scaled.jpg\"><img loading=\"lazy\" decoding=\"async\" class=\"wp-image-5949 aligncenter\" src=\"https:\/\/valasskemezirici.casd.cz\/wp-content\/uploads\/2020\/09\/IMG_20200912_102834-scaled.jpg\" alt=\"\" width=\"557\" height=\"418\" srcset=\"https:\/\/valasskemezirici.casd.cz\/wp-content\/uploads\/2020\/09\/IMG_20200912_102834-scaled.jpg 2560w, https:\/\/valasskemezirici.casd.cz\/wp-content\/uploads\/2020\/09\/IMG_20200912_102834-300x225.jpg 300w, https:\/\/valasskemezirici.casd.cz\/wp-content\/uploads\/2020\/09\/IMG_20200912_102834-1024x768.jpg 1024w, https:\/\/valasskemezirici.casd.cz\/wp-content\/uploads\/2020\/09\/IMG_20200912_102834-768x576.jpg 768w, https:\/\/valasskemezirici.casd.cz\/wp-content\/uploads\/2020\/09\/IMG_20200912_102834-1536x1152.jpg 1536w, https:\/\/valasskemezirici.casd.cz\/wp-content\/uploads\/2020\/09\/IMG_20200912_102834-2048x1536.jpg 2048w\" sizes=\"auto, (max-width: 557px) 100vw, 557px\" \/><\/a><\/p>\n<p style=\"text-align: justify;\">Po v\u00edce ne\u017e roce jsme op\u011bt p\u0159iv\u00edtali za kazatelnou bratra Milana Kubi\u010d\u00edka. Za toto obdob\u00ed pro\u017eil mnoh\u00e9, a jeho pohled na \u017eivot a jeho hodnoty se zm\u011bnil. I kdy\u017e pro\u017eitky nebyly pr\u00e1v\u011b p\u0159\u00edjemn\u00e9, op\u011bt se oslavila Bo\u017e\u00ed moudrost a moc, a Milan dnes mohl p\u0159ij\u00edt \u017eiv a zdr\u00e1v mezi n\u00e1s. Jeho k\u00e1z\u00e1n\u00ed bylo velmi emotivn\u00ed a poslechnout si ho m\u016f\u017eete pod odkazem &#8222;K\u00e1z\u00e1n\u00ed&#8220;.<\/p>\n<p><a href=\"https:\/\/valasskemezirici.casd.cz\/wp-content\/uploads\/2020\/09\/IMG_20200912_111516-scaled.jpg\"><img loading=\"lazy\" decoding=\"async\" class=\"wp-image-5952 aligncenter\" src=\"https:\/\/valasskemezirici.casd.cz\/wp-content\/uploads\/2020\/09\/IMG_20200912_111516-scaled.jpg\" alt=\"\" width=\"559\" height=\"419\" srcset=\"https:\/\/valasskemezirici.casd.cz\/wp-content\/uploads\/2020\/09\/IMG_20200912_111516-scaled.jpg 2560w, https:\/\/valasskemezirici.casd.cz\/wp-content\/uploads\/2020\/09\/IMG_20200912_111516-300x225.jpg 300w, https:\/\/valasskemezirici.casd.cz\/wp-content\/uploads\/2020\/09\/IMG_20200912_111516-1024x768.jpg 1024w, https:\/\/valasskemezirici.casd.cz\/wp-content\/uploads\/2020\/09\/IMG_20200912_111516-768x576.jpg 768w, https:\/\/valasskemezirici.casd.cz\/wp-content\/uploads\/2020\/09\/IMG_20200912_111516-1536x1152.jpg 1536w, https:\/\/valasskemezirici.casd.cz\/wp-content\/uploads\/2020\/09\/IMG_20200912_111516-2048x1536.jpg 2048w\" sizes=\"auto, (max-width: 559px) 100vw, 559px\" \/><\/a><\/p>\n","protected":false},"excerpt":{"rendered":"<p>Leto\u0161n\u00ed z\u00e1\u0159\u00ed skute\u010dn\u011b z\u00e1\u0159\u00ed. Slun\u00ed\u010dko a p\u0159\u00edjemn\u00e9 teploty jako by se sna\u017eily vynahradit n\u00e1m ne pr\u00e1v\u011b uk\u00e1zkov\u00e9 pr\u00e1zdninov\u00e9 po\u010das\u00ed. A stejn\u011b jako slun\u00ed\u010dko z\u00e1\u0159il dnes tak\u00e9 n\u00e1\u0161 host &#8211; Milan Kubi\u010d\u00edk, kter\u00e9ho jsme po del\u0161\u00ed dob\u011b opravdu moc r\u00e1di p\u0159iv\u00edtali.<\/p>\n","protected":false},"author":1,"featured_media":0,"comment_status":"closed","ping_status":"open","sticky":false,"template":"","format":"standard","meta":{"ngg_post_thumbnail":0,"footnotes":""},"categories":[1],"tags":[],"class_list":["post-5948","post","type-post","status-publish","format-standard","hentry","category-nezarazene"],"_links":{"self":[{"href":"https:\/\/valasskemezirici.casd.cz\/index.php?rest_route=\/wp\/v2\/posts\/5948","targetHints":{"allow":["GET"]}}],"collection":[{"href":"https:\/\/valasskemezirici.casd.cz\/index.php?rest_route=\/wp\/v2\/posts"}],"about":[{"href":"https:\/\/valasskemezirici.casd.cz\/index.php?rest_route=\/wp\/v2\/types\/post"}],"author":[{"embeddable":true,"href":"https:\/\/valasskemezirici.casd.cz\/index.php?rest_route=\/wp\/v2\/users\/1"}],"replies":[{"embeddable":true,"href":"https:\/\/valasskemezirici.casd.cz\/index.php?rest_route=%2Fwp%2Fv2%2Fcomments&post=5948"}],"version-history":[{"count":3,"href":"https:\/\/valasskemezirici.casd.cz\/index.php?rest_route=\/wp\/v2\/posts\/5948\/revisions"}],"predecessor-version":[{"id":5954,"href":"https:\/\/valasskemezirici.casd.cz\/index.php?rest_route=\/wp\/v2\/posts\/5948\/revisions\/5954"}],"wp:attachment":[{"href":"https:\/\/valasskemezirici.casd.cz\/index.php?rest_route=%2Fwp%2Fv2%2Fmedia&parent=5948"}],"wp:term":[{"taxonomy":"category","embeddable":true,"href":"https:\/\/valasskemezirici.casd.cz\/index.php?rest_route=%2Fwp%2Fv2%2Fcategories&post=5948"},{"taxonomy":"post_tag","embeddable":true,"href":"https:\/\/valasskemezirici.casd.cz\/index.php?rest_route=%2Fwp%2Fv2%2Ftags&post=5948"}],"curies":[{"name":"wp","href":"https:\/\/api.w.org\/{rel}","templated":true}]}}