{"id":5955,"date":"2020-09-22T21:10:27","date_gmt":"2020-09-22T19:10:27","guid":{"rendered":"http:\/\/valasskemezirici.casd.cz\/?p=5955"},"modified":"2020-09-22T21:11:27","modified_gmt":"2020-09-22T19:11:27","slug":"sobota-19-zari-2020","status":"publish","type":"post","link":"https:\/\/valasskemezirici.casd.cz\/?p=5955","title":{"rendered":"Sobota 19.z\u00e1\u0159\u00ed 2020"},"content":{"rendered":"\n<p style=\"text-align: justify;\">I kdy\u017e na n\u00e1s op\u011bt za\u010dal \u00fato\u010dit koronavirus a znep\u0159\u00edjem\u0148uje n\u00e1m \u017eivot ve sv\u00e9 druh\u00e9 vln\u011b rou\u0161kami a r\u016fzn\u00fdmi omezen\u00edmi, neodradilo n\u00e1s to a v hojn\u00e9m po\u010dtu jsme se zase se\u0161li v modlitebn\u011b.&nbsp;<\/p>\n<p><!--more--><\/p>\n<p style=\"text-align: justify;\">Dal\u0161\u00ed z d\u00edlu seri\u00e1lu Line age se v\u011bnoval \u00faloze mlad\u00fdch v po\u010d\u00e1tc\u00edch na\u0161\u00ed c\u00edrkve a vzniku prvn\u00edch ml\u00e1de\u017enick\u00fdch organizac\u00ed. Mlad\u00ed jsou pro c\u00edrkev velmi d\u016fle\u017eit\u00ed. Jsou na\u0161\u00ed budoucnost\u00ed a mohou b\u00fdt velmi silnou arm\u00e1dou v evangeliza\u010dn\u00edm p\u016fsoben\u00ed.<\/p>\n<p style=\"text-align: justify;\">Sobotn\u00ed \u0161kolou n\u00e1s provedl Bohumil Mro\u010dek. N\u00e1zev &#8222;Dobr\u00e1 zpr\u00e1va pro v\u0161echny&#8220; napov\u00edd\u00e1, \u017ee t\u00e9matem byla evangelia a zjeven\u00ed &#8211; st\u011b\u017eejn\u00ed zpr\u00e1vy, kter\u00e9 n\u00e1m n\u00e1\u0161 P\u00e1n cht\u011bl prost\u0159ednictv\u00edm Bible sd\u011blit. Evangelia se zam\u011b\u0159uj\u00ed na Krist\u016fv prvn\u00ed p\u0159\u00edchod. P\u0159in\u00e1\u0161ej\u00ed p\u0159\u00edb\u011bh Je\u017e\u00ed\u0161ova narozen\u00ed, \u017eivota a slu\u017eby a tak\u00e9 jeho smrti a vzk\u0159\u00ed\u0161en\u00ed. V knize Zjeven\u00ed je hlavn\u00ed d\u016fraz polo\u017een na&nbsp;vyvrcholen\u00ed velk\u00e9ho sporu a kon\u010d\u00ed slavn\u00fdm n\u00e1vratem Je\u017e\u00ed\u0161e Krista. Je\u017e\u00ed\u0161 k sob\u011b zve v\u0161echny, kte\u0159\u00ed tou\u017e\u00ed po v\u011b\u010dn\u00e9m \u017eivot\u011b. Ty, kte\u0159\u00ed p\u0159ijali nab\u00eddku spasen\u00ed a o\u010dek\u00e1vaj\u00ed jeho p\u0159\u00edchod, zve, aby se p\u0159ipojili a spolu s n\u00edm vyz\u00fdvali i ostatn\u00ed k p\u0159ijet\u00ed jeho l\u00e1sky.&nbsp;<\/p>\n<p><a href=\"https:\/\/valasskemezirici.casd.cz\/wp-content\/uploads\/2020\/09\/IMG_20200919_093842-scaled.jpg\"><img loading=\"lazy\" decoding=\"async\" class=\"wp-image-5956 aligncenter\" src=\"https:\/\/valasskemezirici.casd.cz\/wp-content\/uploads\/2020\/09\/IMG_20200919_093842-scaled.jpg\" alt=\"\" width=\"558\" height=\"745\" srcset=\"https:\/\/valasskemezirici.casd.cz\/wp-content\/uploads\/2020\/09\/IMG_20200919_093842-scaled.jpg 1920w, https:\/\/valasskemezirici.casd.cz\/wp-content\/uploads\/2020\/09\/IMG_20200919_093842-225x300.jpg 225w, https:\/\/valasskemezirici.casd.cz\/wp-content\/uploads\/2020\/09\/IMG_20200919_093842-768x1024.jpg 768w, https:\/\/valasskemezirici.casd.cz\/wp-content\/uploads\/2020\/09\/IMG_20200919_093842-1152x1536.jpg 1152w, https:\/\/valasskemezirici.casd.cz\/wp-content\/uploads\/2020\/09\/IMG_20200919_093842-1536x2048.jpg 1536w\" sizes=\"auto, (max-width: 558px) 100vw, 558px\" \/><\/a><\/p>\n<p style=\"text-align: justify;\">Dne\u0161n\u00ed den byl vyj\u00edme\u010dn\u00fd t\u00edm, \u017ee jsme po del\u0161\u00ed dob\u011b op\u011bt mohli slavit Pam\u00e1tku ve\u010de\u0159e P\u00e1n\u011b. P\u0159ipom\u00ednali jsme si ob\u011b\u0165 na\u0161eho P\u00e1na Je\u017e\u00ed\u0161e Krista, kter\u00fd zv\u00edt\u011bzil nad smrt\u00ed a vykoupil n\u00e1s z h\u0159\u00edchu. Ob\u0159ad um\u00fdv\u00e1n\u00ed nohou n\u00e1m p\u0159ipomn\u011bl, \u017ee na\u0161\u00edm posl\u00e1n\u00edm je p\u0159edev\u0161\u00edm slou\u017eit. Pam\u00e1tku vysluhoval bratr Hynek Dona. Z\u00e1znam jeho promluvy si m\u016f\u017eete vyslechnout pod odkazem &#8222;K\u00e1z\u00e1n\u00ed&#8220;.<\/p>\n<p><a href=\"https:\/\/valasskemezirici.casd.cz\/wp-content\/uploads\/2020\/09\/IMG_20200919_120900-scaled.jpg\"><img loading=\"lazy\" decoding=\"async\" class=\"wp-image-5957 aligncenter\" src=\"https:\/\/valasskemezirici.casd.cz\/wp-content\/uploads\/2020\/09\/IMG_20200919_120900-scaled.jpg\" alt=\"\" width=\"546\" height=\"484\" srcset=\"https:\/\/valasskemezirici.casd.cz\/wp-content\/uploads\/2020\/09\/IMG_20200919_120900-scaled.jpg 2560w, https:\/\/valasskemezirici.casd.cz\/wp-content\/uploads\/2020\/09\/IMG_20200919_120900-300x266.jpg 300w, https:\/\/valasskemezirici.casd.cz\/wp-content\/uploads\/2020\/09\/IMG_20200919_120900-1024x908.jpg 1024w, https:\/\/valasskemezirici.casd.cz\/wp-content\/uploads\/2020\/09\/IMG_20200919_120900-768x681.jpg 768w, https:\/\/valasskemezirici.casd.cz\/wp-content\/uploads\/2020\/09\/IMG_20200919_120900-1536x1362.jpg 1536w, https:\/\/valasskemezirici.casd.cz\/wp-content\/uploads\/2020\/09\/IMG_20200919_120900-2048x1815.jpg 2048w\" sizes=\"auto, (max-width: 546px) 100vw, 546px\" \/><\/a><\/p>\n<p><a href=\"https:\/\/valasskemezirici.casd.cz\/wp-content\/uploads\/2020\/09\/IMG_20200919_120918-scaled.jpg\"><img loading=\"lazy\" decoding=\"async\" class=\"wp-image-5958 aligncenter\" src=\"https:\/\/valasskemezirici.casd.cz\/wp-content\/uploads\/2020\/09\/IMG_20200919_120918-scaled.jpg\" alt=\"\" width=\"559\" height=\"419\" srcset=\"https:\/\/valasskemezirici.casd.cz\/wp-content\/uploads\/2020\/09\/IMG_20200919_120918-scaled.jpg 2560w, https:\/\/valasskemezirici.casd.cz\/wp-content\/uploads\/2020\/09\/IMG_20200919_120918-300x225.jpg 300w, https:\/\/valasskemezirici.casd.cz\/wp-content\/uploads\/2020\/09\/IMG_20200919_120918-1024x768.jpg 1024w, https:\/\/valasskemezirici.casd.cz\/wp-content\/uploads\/2020\/09\/IMG_20200919_120918-768x576.jpg 768w, https:\/\/valasskemezirici.casd.cz\/wp-content\/uploads\/2020\/09\/IMG_20200919_120918-1536x1152.jpg 1536w, https:\/\/valasskemezirici.casd.cz\/wp-content\/uploads\/2020\/09\/IMG_20200919_120918-2048x1536.jpg 2048w\" sizes=\"auto, (max-width: 559px) 100vw, 559px\" \/><\/a><\/p>\n<p>&nbsp;<\/p>\n","protected":false},"excerpt":{"rendered":"<p>I kdy\u017e na n\u00e1s op\u011bt za\u010dal \u00fato\u010dit koronavirus a znep\u0159\u00edjem\u0148uje n\u00e1m \u017eivot ve sv\u00e9 druh\u00e9 vln\u011b rou\u0161kami a r\u016fzn\u00fdmi omezen\u00edmi, neodradilo n\u00e1s to a v hojn\u00e9m po\u010dtu jsme se zase se\u0161li v modlitebn\u011b.&nbsp;<\/p>\n","protected":false},"author":1,"featured_media":0,"comment_status":"closed","ping_status":"open","sticky":false,"template":"","format":"standard","meta":{"ngg_post_thumbnail":0,"footnotes":""},"categories":[1],"tags":[],"class_list":["post-5955","post","type-post","status-publish","format-standard","hentry","category-nezarazene"],"_links":{"self":[{"href":"https:\/\/valasskemezirici.casd.cz\/index.php?rest_route=\/wp\/v2\/posts\/5955","targetHints":{"allow":["GET"]}}],"collection":[{"href":"https:\/\/valasskemezirici.casd.cz\/index.php?rest_route=\/wp\/v2\/posts"}],"about":[{"href":"https:\/\/valasskemezirici.casd.cz\/index.php?rest_route=\/wp\/v2\/types\/post"}],"author":[{"embeddable":true,"href":"https:\/\/valasskemezirici.casd.cz\/index.php?rest_route=\/wp\/v2\/users\/1"}],"replies":[{"embeddable":true,"href":"https:\/\/valasskemezirici.casd.cz\/index.php?rest_route=%2Fwp%2Fv2%2Fcomments&post=5955"}],"version-history":[{"count":2,"href":"https:\/\/valasskemezirici.casd.cz\/index.php?rest_route=\/wp\/v2\/posts\/5955\/revisions"}],"predecessor-version":[{"id":5960,"href":"https:\/\/valasskemezirici.casd.cz\/index.php?rest_route=\/wp\/v2\/posts\/5955\/revisions\/5960"}],"wp:attachment":[{"href":"https:\/\/valasskemezirici.casd.cz\/index.php?rest_route=%2Fwp%2Fv2%2Fmedia&parent=5955"}],"wp:term":[{"taxonomy":"category","embeddable":true,"href":"https:\/\/valasskemezirici.casd.cz\/index.php?rest_route=%2Fwp%2Fv2%2Fcategories&post=5955"},{"taxonomy":"post_tag","embeddable":true,"href":"https:\/\/valasskemezirici.casd.cz\/index.php?rest_route=%2Fwp%2Fv2%2Ftags&post=5955"}],"curies":[{"name":"wp","href":"https:\/\/api.w.org\/{rel}","templated":true}]}}