{"id":5967,"date":"2020-09-22T21:25:17","date_gmt":"2020-09-22T19:25:17","guid":{"rendered":"http:\/\/valasskemezirici.casd.cz\/?p=5967"},"modified":"2020-09-22T21:25:17","modified_gmt":"2020-09-22T19:25:17","slug":"upozorneni-5","status":"publish","type":"post","link":"https:\/\/valasskemezirici.casd.cz\/?p=5967","title":{"rendered":"Upozorn\u011bn\u00ed"},"content":{"rendered":"\n<h4 style=\"text-align: center;\">Bohoslu\u017eba v sobotu 26.z\u00e1\u0159\u00ed 2020 se uskute\u010dn\u00ed ve sboru CASD ve Vset\u00edn\u011b.<\/h4>\n<h4 style=\"text-align: center;\">Modlitebna ve Vala\u0161sk\u00e9m Mezi\u0159\u00ed\u010d\u00ed bude uzav\u0159ena.<\/h4>\n<p><a href=\"https:\/\/valasskemezirici.casd.cz\/wp-content\/uploads\/2020\/09\/CJ5KmA.jpeg\"><img loading=\"lazy\" decoding=\"async\" class=\"wp-image-5968 aligncenter\" src=\"https:\/\/valasskemezirici.casd.cz\/wp-content\/uploads\/2020\/09\/CJ5KmA.jpeg\" alt=\"\" width=\"554\" height=\"369\" srcset=\"https:\/\/valasskemezirici.casd.cz\/wp-content\/uploads\/2020\/09\/CJ5KmA.jpeg 600w, https:\/\/valasskemezirici.casd.cz\/wp-content\/uploads\/2020\/09\/CJ5KmA-300x200.jpeg 300w\" sizes=\"auto, (max-width: 554px) 100vw, 554px\" \/><\/a><\/p>\n","protected":false},"excerpt":{"rendered":"<p>Bohoslu\u017eba v sobotu 26.z\u00e1\u0159\u00ed 2020 se uskute\u010dn\u00ed ve sboru CASD ve Vset\u00edn\u011b. Modlitebna ve Vala\u0161sk\u00e9m Mezi\u0159\u00ed\u010d\u00ed bude uzav\u0159ena.<\/p>\n","protected":false},"author":1,"featured_media":0,"comment_status":"closed","ping_status":"open","sticky":false,"template":"","format":"standard","meta":{"ngg_post_thumbnail":0,"footnotes":""},"categories":[1],"tags":[],"class_list":["post-5967","post","type-post","status-publish","format-standard","hentry","category-nezarazene"],"_links":{"self":[{"href":"https:\/\/valasskemezirici.casd.cz\/index.php?rest_route=\/wp\/v2\/posts\/5967","targetHints":{"allow":["GET"]}}],"collection":[{"href":"https:\/\/valasskemezirici.casd.cz\/index.php?rest_route=\/wp\/v2\/posts"}],"about":[{"href":"https:\/\/valasskemezirici.casd.cz\/index.php?rest_route=\/wp\/v2\/types\/post"}],"author":[{"embeddable":true,"href":"https:\/\/valasskemezirici.casd.cz\/index.php?rest_route=\/wp\/v2\/users\/1"}],"replies":[{"embeddable":true,"href":"https:\/\/valasskemezirici.casd.cz\/index.php?rest_route=%2Fwp%2Fv2%2Fcomments&post=5967"}],"version-history":[{"count":1,"href":"https:\/\/valasskemezirici.casd.cz\/index.php?rest_route=\/wp\/v2\/posts\/5967\/revisions"}],"predecessor-version":[{"id":5969,"href":"https:\/\/valasskemezirici.casd.cz\/index.php?rest_route=\/wp\/v2\/posts\/5967\/revisions\/5969"}],"wp:attachment":[{"href":"https:\/\/valasskemezirici.casd.cz\/index.php?rest_route=%2Fwp%2Fv2%2Fmedia&parent=5967"}],"wp:term":[{"taxonomy":"category","embeddable":true,"href":"https:\/\/valasskemezirici.casd.cz\/index.php?rest_route=%2Fwp%2Fv2%2Fcategories&post=5967"},{"taxonomy":"post_tag","embeddable":true,"href":"https:\/\/valasskemezirici.casd.cz\/index.php?rest_route=%2Fwp%2Fv2%2Ftags&post=5967"}],"curies":[{"name":"wp","href":"https:\/\/api.w.org\/{rel}","templated":true}]}}