{"id":6109,"date":"2021-02-06T14:37:56","date_gmt":"2021-02-06T13:37:56","guid":{"rendered":"http:\/\/valasskemezirici.casd.cz\/?p=6109"},"modified":"2021-02-06T14:38:38","modified_gmt":"2021-02-06T13:38:38","slug":"odkaz-na-online-besedu-tomase-hasmandy","status":"publish","type":"post","link":"https:\/\/valasskemezirici.casd.cz\/?p=6109","title":{"rendered":"Odkaz na online besedu Tom\u00e1\u0161e Hasmandy"},"content":{"rendered":"\n<p>Beseda <strong>Tom\u00e1\u0161e Hasmandy<\/strong> na t\u00e9ma <strong>&#8222;Sv\u011bt mu\u017ee a \u017eeny &#8211; Moje bolest a strach&#8220;<\/strong> v r\u00e1mci N\u00e1rodn\u00edho t\u00fddne man\u017eelstv\u00ed bude ke shl\u00e9dnut\u00ed ve \u010dtvrtek <strong>11.\u00fanora 2021 od 17hodin<\/strong> na odkazu <a href=\"https:\/\/youtu.be\/04Dl5-6uUtk\" target=\"_blank\" rel=\"noopener\">https:\/\/youtu.be\/04Dl5-6uUtk<\/a> .<\/p>\n<p><a href=\"https:\/\/valasskemezirici.casd.cz\/wp-content\/uploads\/2021\/02\/Svet_muze_a_zeny_-_Moje_bolest_a_strach-scaled.jpg\"><img loading=\"lazy\" decoding=\"async\" class=\"alignnone  wp-image-6110\" src=\"https:\/\/valasskemezirici.casd.cz\/wp-content\/uploads\/2021\/02\/Svet_muze_a_zeny_-_Moje_bolest_a_strach-scaled.jpg\" alt=\"\" width=\"563\" height=\"796\" srcset=\"https:\/\/valasskemezirici.casd.cz\/wp-content\/uploads\/2021\/02\/Svet_muze_a_zeny_-_Moje_bolest_a_strach-scaled.jpg 1810w, https:\/\/valasskemezirici.casd.cz\/wp-content\/uploads\/2021\/02\/Svet_muze_a_zeny_-_Moje_bolest_a_strach-212x300.jpg 212w, https:\/\/valasskemezirici.casd.cz\/wp-content\/uploads\/2021\/02\/Svet_muze_a_zeny_-_Moje_bolest_a_strach-724x1024.jpg 724w, https:\/\/valasskemezirici.casd.cz\/wp-content\/uploads\/2021\/02\/Svet_muze_a_zeny_-_Moje_bolest_a_strach-768x1086.jpg 768w, https:\/\/valasskemezirici.casd.cz\/wp-content\/uploads\/2021\/02\/Svet_muze_a_zeny_-_Moje_bolest_a_strach-1086x1536.jpg 1086w, https:\/\/valasskemezirici.casd.cz\/wp-content\/uploads\/2021\/02\/Svet_muze_a_zeny_-_Moje_bolest_a_strach-1448x2048.jpg 1448w\" sizes=\"auto, (max-width: 563px) 100vw, 563px\" \/><\/a><\/p>\n<p><a href=\"https:\/\/valasskemezirici.casd.cz\/wp-content\/uploads\/2021\/02\/TYDEN_MANZELSTVI_2021-scaled.jpg\"><img loading=\"lazy\" decoding=\"async\" class=\"alignnone  wp-image-6111\" src=\"https:\/\/valasskemezirici.casd.cz\/wp-content\/uploads\/2021\/02\/TYDEN_MANZELSTVI_2021-scaled.jpg\" alt=\"\" width=\"563\" height=\"796\" srcset=\"https:\/\/valasskemezirici.casd.cz\/wp-content\/uploads\/2021\/02\/TYDEN_MANZELSTVI_2021-scaled.jpg 1810w, https:\/\/valasskemezirici.casd.cz\/wp-content\/uploads\/2021\/02\/TYDEN_MANZELSTVI_2021-212x300.jpg 212w, https:\/\/valasskemezirici.casd.cz\/wp-content\/uploads\/2021\/02\/TYDEN_MANZELSTVI_2021-724x1024.jpg 724w, https:\/\/valasskemezirici.casd.cz\/wp-content\/uploads\/2021\/02\/TYDEN_MANZELSTVI_2021-768x1086.jpg 768w, https:\/\/valasskemezirici.casd.cz\/wp-content\/uploads\/2021\/02\/TYDEN_MANZELSTVI_2021-1086x1536.jpg 1086w, https:\/\/valasskemezirici.casd.cz\/wp-content\/uploads\/2021\/02\/TYDEN_MANZELSTVI_2021-1448x2048.jpg 1448w\" sizes=\"auto, (max-width: 563px) 100vw, 563px\" \/><\/a><\/p>\n","protected":false},"excerpt":{"rendered":"<p>Beseda Tom\u00e1\u0161e Hasmandy na t\u00e9ma &#8222;Sv\u011bt mu\u017ee a \u017eeny &#8211; Moje bolest a strach&#8220; v r\u00e1mci N\u00e1rodn\u00edho t\u00fddne man\u017eelstv\u00ed bude ke shl\u00e9dnut\u00ed ve \u010dtvrtek 11.\u00fanora 2021 od 17hodin na odkazu https:\/\/youtu.be\/04Dl5-6uUtk .<\/p>\n","protected":false},"author":1,"featured_media":0,"comment_status":"closed","ping_status":"open","sticky":false,"template":"","format":"standard","meta":{"ngg_post_thumbnail":0,"footnotes":""},"categories":[1],"tags":[],"class_list":["post-6109","post","type-post","status-publish","format-standard","hentry","category-nezarazene"],"_links":{"self":[{"href":"https:\/\/valasskemezirici.casd.cz\/index.php?rest_route=\/wp\/v2\/posts\/6109","targetHints":{"allow":["GET"]}}],"collection":[{"href":"https:\/\/valasskemezirici.casd.cz\/index.php?rest_route=\/wp\/v2\/posts"}],"about":[{"href":"https:\/\/valasskemezirici.casd.cz\/index.php?rest_route=\/wp\/v2\/types\/post"}],"author":[{"embeddable":true,"href":"https:\/\/valasskemezirici.casd.cz\/index.php?rest_route=\/wp\/v2\/users\/1"}],"replies":[{"embeddable":true,"href":"https:\/\/valasskemezirici.casd.cz\/index.php?rest_route=%2Fwp%2Fv2%2Fcomments&post=6109"}],"version-history":[{"count":2,"href":"https:\/\/valasskemezirici.casd.cz\/index.php?rest_route=\/wp\/v2\/posts\/6109\/revisions"}],"predecessor-version":[{"id":6113,"href":"https:\/\/valasskemezirici.casd.cz\/index.php?rest_route=\/wp\/v2\/posts\/6109\/revisions\/6113"}],"wp:attachment":[{"href":"https:\/\/valasskemezirici.casd.cz\/index.php?rest_route=%2Fwp%2Fv2%2Fmedia&parent=6109"}],"wp:term":[{"taxonomy":"category","embeddable":true,"href":"https:\/\/valasskemezirici.casd.cz\/index.php?rest_route=%2Fwp%2Fv2%2Fcategories&post=6109"},{"taxonomy":"post_tag","embeddable":true,"href":"https:\/\/valasskemezirici.casd.cz\/index.php?rest_route=%2Fwp%2Fv2%2Ftags&post=6109"}],"curies":[{"name":"wp","href":"https:\/\/api.w.org\/{rel}","templated":true}]}}