{"id":6132,"date":"2021-03-08T10:39:19","date_gmt":"2021-03-08T09:39:19","guid":{"rendered":"http:\/\/valasskemezirici.casd.cz\/?p=6132"},"modified":"2021-03-08T10:39:19","modified_gmt":"2021-03-08T09:39:19","slug":"modlitebni-tyden-mladeze-2021","status":"publish","type":"post","link":"https:\/\/valasskemezirici.casd.cz\/?p=6132","title":{"rendered":"Modlitebn\u00ed t\u00fdden ml\u00e1de\u017ee 2021"},"content":{"rendered":"\n<p>Leto\u0161n\u00ed Modlitebn\u00ed t\u00fdden ml\u00e1de\u017ee prob\u011bhne od 13. 3. do 20. 3. 2021.<\/p>\n<p style=\"text-align: justify;\">M\u016f\u017eete se t\u011b\u0161it na n\u00e1dhern\u011b zpracovan\u00e9 p\u0159edn\u00e1\u0161ky biblick\u00e9 knihy P\u00edse\u0148 p\u00edsn\u00ed \u2013 nejen obsahov\u011b, ale tak\u00e9 um\u011blecky a esteticky!<\/p>\n<p>V sobotu 13. 3. bude z Prahy vys\u00edlan\u00e1 bohoslu\u017eba v\u011bnovan\u00e1 za\u010d\u00e1tku MTM.<\/p>\n<p style=\"text-align: justify;\">Chci v\u00e1s v\u0161echny povzbudit a motivovat k online sch\u00e1zen\u00ed v r\u00e1mci ml\u00e1de\u017ee, spole\u010dn\u011b se pono\u0159it do kr\u00e1sy t\u00e9to knihy a hlavn\u011b se spolu modlit \u2013 za napln\u011bn\u00ed a veden\u00ed Bo\u017e\u00edm Duchem na ka\u017ed\u00fd den. V\u011b\u0159\u00edm, \u017ee B\u016fh va\u0161e modlitby vysly\u0161\u00ed a bohat\u011b po\u017eehn\u00e1.<\/p>\n<p>P\u0159edn\u00e1\u0161ku si m\u016f\u017eete st\u00e1hnout v&nbsp;<a href=\"http:\/\/www.casd.cz\/wp-content\/uploads\/2021\/03\/WOP-2021-CZE-v1.3_small.pdf\">CZ<\/a>&nbsp;a&nbsp;<a href=\"http:\/\/www.casd.cz\/wp-content\/uploads\/2021\/03\/WOP-2021-Slo-v1.2_small.pdf\">SK.<\/a><\/p>\n<p style=\"text-align: justify;\">Z\u00e1rove\u0148 jsme pro v\u00e1s vytvo\u0159ili Fb ud\u00e1lost s n\u00e1zvem: \u201eModlitebn\u00ed t\u00fdden ml\u00e1de\u017ee \u2013 Opera Magna\u201c, kde m\u016f\u017eete ka\u017ed\u00fd den sledovat zaj\u00edmav\u00e1 videa, sd\u00edlet se, nechat se inspirovat a pro\u017e\u00edt modlitebn\u00ed t\u00fdden spolu, intenzivn\u011b, zaj\u00edmav\u011bji a kr\u00e1sn\u011bji.<\/p>\n<p>P\u0159eji V\u00e1m v\u0161em Bo\u017e\u00ed po\u017eehn\u00e1n\u00ed a Jeho veden\u00ed p\u0159es modlitebn\u00ed t\u00fdden SPOLU.<\/p>\n<p>Dan Ka\u0161l\u00edk, vedouc\u00ed \u010cSU ml\u00e1de\u017ee<\/p>\n<p><a href=\"https:\/\/valasskemezirici.casd.cz\/wp-content\/uploads\/2021\/03\/WOP-2021-Slo-v1.2_small-1-1152x1536-1.jpg\"><img loading=\"lazy\" decoding=\"async\" class=\"alignnone  wp-image-6133\" src=\"https:\/\/valasskemezirici.casd.cz\/wp-content\/uploads\/2021\/03\/WOP-2021-Slo-v1.2_small-1-1152x1536-1.jpg\" alt=\"\" width=\"543\" height=\"725\" srcset=\"https:\/\/valasskemezirici.casd.cz\/wp-content\/uploads\/2021\/03\/WOP-2021-Slo-v1.2_small-1-1152x1536-1.jpg 1152w, https:\/\/valasskemezirici.casd.cz\/wp-content\/uploads\/2021\/03\/WOP-2021-Slo-v1.2_small-1-1152x1536-1-225x300.jpg 225w, https:\/\/valasskemezirici.casd.cz\/wp-content\/uploads\/2021\/03\/WOP-2021-Slo-v1.2_small-1-1152x1536-1-768x1024.jpg 768w\" sizes=\"auto, (max-width: 543px) 100vw, 543px\" \/><\/a><\/p>\n","protected":false},"excerpt":{"rendered":"<p>Leto\u0161n\u00ed Modlitebn\u00ed t\u00fdden ml\u00e1de\u017ee prob\u011bhne od 13. 3. do 20. 3. 2021. M\u016f\u017eete se t\u011b\u0161it na n\u00e1dhern\u011b zpracovan\u00e9 p\u0159edn\u00e1\u0161ky biblick\u00e9 knihy P\u00edse\u0148 p\u00edsn\u00ed \u2013 nejen obsahov\u011b, ale tak\u00e9 um\u011blecky a esteticky! V sobotu 13. 3. bude z Prahy vys\u00edlan\u00e1 bohoslu\u017eba v\u011bnovan\u00e1 za\u010d\u00e1tku MTM. Chci v\u00e1s v\u0161echny povzbudit a motivovat k online sch\u00e1zen\u00ed v r\u00e1mci ml\u00e1de\u017ee, [&hellip;]<\/p>\n","protected":false},"author":1,"featured_media":0,"comment_status":"closed","ping_status":"open","sticky":false,"template":"","format":"standard","meta":{"ngg_post_thumbnail":0,"footnotes":""},"categories":[1],"tags":[],"class_list":["post-6132","post","type-post","status-publish","format-standard","hentry","category-nezarazene"],"_links":{"self":[{"href":"https:\/\/valasskemezirici.casd.cz\/index.php?rest_route=\/wp\/v2\/posts\/6132","targetHints":{"allow":["GET"]}}],"collection":[{"href":"https:\/\/valasskemezirici.casd.cz\/index.php?rest_route=\/wp\/v2\/posts"}],"about":[{"href":"https:\/\/valasskemezirici.casd.cz\/index.php?rest_route=\/wp\/v2\/types\/post"}],"author":[{"embeddable":true,"href":"https:\/\/valasskemezirici.casd.cz\/index.php?rest_route=\/wp\/v2\/users\/1"}],"replies":[{"embeddable":true,"href":"https:\/\/valasskemezirici.casd.cz\/index.php?rest_route=%2Fwp%2Fv2%2Fcomments&post=6132"}],"version-history":[{"count":1,"href":"https:\/\/valasskemezirici.casd.cz\/index.php?rest_route=\/wp\/v2\/posts\/6132\/revisions"}],"predecessor-version":[{"id":6134,"href":"https:\/\/valasskemezirici.casd.cz\/index.php?rest_route=\/wp\/v2\/posts\/6132\/revisions\/6134"}],"wp:attachment":[{"href":"https:\/\/valasskemezirici.casd.cz\/index.php?rest_route=%2Fwp%2Fv2%2Fmedia&parent=6132"}],"wp:term":[{"taxonomy":"category","embeddable":true,"href":"https:\/\/valasskemezirici.casd.cz\/index.php?rest_route=%2Fwp%2Fv2%2Fcategories&post=6132"},{"taxonomy":"post_tag","embeddable":true,"href":"https:\/\/valasskemezirici.casd.cz\/index.php?rest_route=%2Fwp%2Fv2%2Ftags&post=6132"}],"curies":[{"name":"wp","href":"https:\/\/api.w.org\/{rel}","templated":true}]}}