{"id":6140,"date":"2021-03-26T17:53:16","date_gmt":"2021-03-26T16:53:16","guid":{"rendered":"https:\/\/valasskemezirici.casd.cz\/?p=6140"},"modified":"2021-03-29T09:09:58","modified_gmt":"2021-03-29T07:09:58","slug":"sobota-27-brezna-2021","status":"publish","type":"post","link":"https:\/\/valasskemezirici.casd.cz\/?p=6140","title":{"rendered":"Sobota 27.b\u0159ezna 2021"},"content":{"rendered":"\n<p style=\"text-align: justify;\">P\u0159esn\u011b t\u0159i m\u011bs\u00edce ub\u011bhly od soboty, kdy jsme se vid\u011bli naposledy. Lou\u010dili jsme se p\u0159ed nouzov\u00fdm stavem p\u0159i Ve\u010de\u0159i P\u00e1n\u011b a dnes jsme se stejn\u00fdm zp\u016fsobem v\u00edtali. V souladu s na\u0159\u00edzen\u00edmi se dnes se\u0161li ve sboru \u010dlenov\u00e9 pouze z okresu Vset\u00edn. Byla n\u00e1s jen hrstka, ale jak zasl\u00edbil n\u00e1\u0161 P\u00e1n &#8211; kde se dva neb t\u0159i sejdou ve jm\u00e9nu m\u00e9m, budu mezi nimi. Bylo velmi mil\u00e9 op\u011bt tv\u00e1\u0159\u00ed v tv\u00e1\u0159 vid\u011bt sv\u00e9 sourozence v Kristu. A ti, kte\u0159\u00ed se kv\u016fli opat\u0159en\u00edm dostavit nemohli, sledovali na\u0161i bohoslu\u017ebu prost\u0159ednictv\u00edm kamery v p\u0159\u00edm\u00e9m p\u0159enosu na youtube. Z\u00e1znam k\u00e1z\u00e1n\u00ed a zamy\u0161len\u00ed je k dispozici st\u00e1le. Najdete jej na youtube pod odkazem &#8222;casd Vala\u0161sk\u00e9 Mezi\u0159\u00ed\u010d\u00ed&#8220;.<\/p>\n<p><!--more--><\/p>\n<p style=\"text-align: justify;\">Tak jako obvykle jsme bohoslu\u017ebu zah\u00e1jili modlitbou, \u010dten\u00edm z P\u00edsma a zp\u011bvem n\u011bkolika vybran\u00fdch zp\u011bv\u00e1k\u016f. \u00dakolem sobotn\u00ed \u0161koly s n\u00e1zvem &#8222;Nov\u00e1 zem\u011b&#8220; n\u00e1s provedl Franti\u0161ek Tomanec. A jak prohl\u00e1sil jeden z bratr\u016f &#8211; Franta zraje jako v\u00edno. Jeho vyu\u010dov\u00e1n\u00ed je st\u00e1le lep\u0161\u00ed a lep\u0161\u00ed. Zam\u00fd\u0161leli jsme se nad nad\u011bj\u00ed, kterou n\u00e1m n\u00e1\u0161 P\u00e1n d\u00e1v\u00e1 &#8211; p\u0159ijde konec velk\u00e9ho sporu mezi dobrem a zlem. V\u0161echno zl\u00e9 bude zni\u010deno a Bo\u017e\u00ed lid bude pro\u017e\u00edvat nekon\u010d\u00edc\u00ed radostn\u00e9 chv\u00edle na nov\u00e9 zemi, kterou pro n\u011b Stvo\u0159itel p\u0159ipravil.&nbsp;<\/p>\n<p style=\"text-align: justify;\"><em>\u201eL\u00e9ta v\u011b\u010dnosti budou postupn\u011b p\u0159in\u00e1\u0161et st\u00e1le bohat\u0161\u00ed pozn\u00e1n\u00ed Boha a Je\u017e\u00ed\u0161e Krista. A s roz\u0161i\u0159uj\u00edc\u00edm se pozn\u00e1n\u00edm poroste tak\u00e9 l\u00e1ska, \u00facta a \u0161t\u011bst\u00ed. \u010c\u00edm v\u00edce budou lid\u00e9 pozn\u00e1vat Boha, t\u00edm v\u00edce budou obdivovat jeho charakter. Kdy\u017e jim Je\u017e\u00ed\u0161 bude postupn\u011b odhalovat tajemstv\u00ed vykoupen\u00ed a \u00fa\u017easn\u00e9 \u010diny vykonan\u00e9 ve velk\u00e9m sporu se satanem, poc\u00edt\u00ed vykoupen\u00ed je\u0161t\u011b v\u011bt\u0161\u00ed l\u00e1sku a s je\u0161t\u011b v\u011bt\u0161\u00ed radost\u00ed uchop\u00ed zlat\u00e9 harfy a desetitis\u00edce desetitis\u00edc\u016f a tis\u00edce tis\u00edc\u016f hlas\u016f se spoj\u00ed v mohutn\u00e9m chvalozp\u011bvu.<\/em><\/p>\n<p style=\"text-align: justify;\"><em>Velk\u00fd spor mezi dobrem a zlem skon\u010dil. Nen\u00ed u\u017e h\u0159\u00edchu ani h\u0159\u00ed\u0161n\u00edk\u016f. Cel\u00fd vesm\u00edr je \u010dist\u00fd. V cel\u00e9m nezm\u011brn\u00e9m stvo\u0159en\u00ed vl\u00e1dne soulad a \u0161t\u011bst\u00ed. Od Boha, kter\u00fd v\u0161echno stvo\u0159il, proud\u00ed \u017eivot, sv\u011btlo a \u0161t\u011bst\u00ed do v\u0161ech stran nekone\u010dn\u00e9ho prostoru. Od nejmen\u0161\u00edho atomu a\u017e po nejv\u011bt\u0161\u00ed vesm\u00edrn\u00e1 t\u011blesa, v\u0161echno \u017eiv\u00e9 i ne\u017eiv\u00e9, v nezkalen\u00e9 kr\u00e1se a dokonal\u00e9 radosti hl\u00e1s\u00e1, \u017ee B\u016fh je l\u00e1ska.\u201c<\/em> <em>(GC 678; VDV 437)<\/em><\/p>\n<p>Ml\u00e1de\u017e ve sv\u00e9 sobotn\u00ed \u0161kole p\u0159em\u00fd\u0161lela o sou\u010dasn\u00e9 situaci, o pomoci, kter\u00e1 se n\u00e1m dost\u00e1v\u00e1 d\u00edky v\u00ed\u0159e a spolehnut\u00ed se na na\u0161eho P\u00e1na. Diskutovali o podobnosti toho, kdy\u017e Je\u017e\u00ed\u0161 chodil po na\u0161\u00ed zemi a nab\u00edzel lidem pokoj, a situac\u00ed sou\u010dasnou.<\/p>\n<p style=\"text-align: justify;\">Po kr\u00e1tk\u00e9 p\u0159est\u00e1vce jsme si vyslechli k\u00e1z\u00e1n\u00ed bratra Dony. Jeho z\u00e1znam najdete na youtube. Stejn\u011b tak kr\u00e1tk\u00e9 slov\u00ed\u010dko sestry Ch\u00e1rov\u00e9. K\u00e1z\u00e1n\u00ed se zam\u00fd\u0161lelo posledn\u00ed ve\u010de\u0159\u00ed, kterou Je\u017e\u00ed\u0161 pro\u017eil spolu se sv\u00fdmi u\u010dedn\u00edky. \u010c\u00edm byla pro N\u011bho? \u010c\u00edm byla pro u\u010dedn\u00edky? Poslechn\u011bte si ze z\u00e1znamu.<\/p>\n<p style=\"text-align: justify;\">Po k\u00e1z\u00e1n\u00ed byla vysluhov\u00e1na Ve\u010de\u0159e P\u00e1n\u011b. V na\u0161\u00ed c\u00edrkvi prob\u00edh\u00e1 podle vzoru, kter\u00fd n\u00e1m P\u00e1n Je\u017e\u00ed\u0161 dal. C\u00edtili jsme dnes velikou vd\u011b\u010dnost &#8211; samoz\u0159ejm\u011b p\u0159edev\u0161\u00edm za P\u00e1novu ob\u011b\u0165 , ale tak\u00e9 za mo\u017enost moci se op\u011bt sej\u00edt, m\u00edt spole\u010denstv\u00ed a vz\u00e1jemn\u011b se pos\u00edlit.<\/p>\n<p>R\u00e1di bychom doufali, \u017ee se takto osobn\u011b sejdeme i p\u0159\u00ed\u0161t\u00ed sobotu.<\/p>\n<p><a href=\"https:\/\/valasskemezirici.casd.cz\/wp-content\/uploads\/2021\/03\/165721990_223612429453539_2490128702457244103_n.jpg\"><img loading=\"lazy\" decoding=\"async\" class=\"alignnone  wp-image-6146\" src=\"https:\/\/valasskemezirici.casd.cz\/wp-content\/uploads\/2021\/03\/165721990_223612429453539_2490128702457244103_n.jpg\" alt=\"\" width=\"820\" height=\"615\" srcset=\"https:\/\/valasskemezirici.casd.cz\/wp-content\/uploads\/2021\/03\/165721990_223612429453539_2490128702457244103_n.jpg 960w, https:\/\/valasskemezirici.casd.cz\/wp-content\/uploads\/2021\/03\/165721990_223612429453539_2490128702457244103_n-300x225.jpg 300w, https:\/\/valasskemezirici.casd.cz\/wp-content\/uploads\/2021\/03\/165721990_223612429453539_2490128702457244103_n-768x576.jpg 768w\" sizes=\"auto, (max-width: 820px) 100vw, 820px\" \/><\/a><\/p>\n<p><a href=\"https:\/\/valasskemezirici.casd.cz\/wp-content\/uploads\/2021\/03\/165746523_474554393686307_177670550546786117_n.jpg\"><img loading=\"lazy\" decoding=\"async\" class=\"alignnone size-full wp-image-6147\" src=\"https:\/\/valasskemezirici.casd.cz\/wp-content\/uploads\/2021\/03\/165746523_474554393686307_177670550546786117_n.jpg\" alt=\"\" width=\"720\" height=\"960\" srcset=\"https:\/\/valasskemezirici.casd.cz\/wp-content\/uploads\/2021\/03\/165746523_474554393686307_177670550546786117_n.jpg 720w, https:\/\/valasskemezirici.casd.cz\/wp-content\/uploads\/2021\/03\/165746523_474554393686307_177670550546786117_n-225x300.jpg 225w\" sizes=\"auto, (max-width: 720px) 100vw, 720px\" \/><\/a><\/p>\n<p><a href=\"https:\/\/valasskemezirici.casd.cz\/wp-content\/uploads\/2021\/03\/165801833_1451412821870008_8228973171804875849_n.jpg\"><img loading=\"lazy\" decoding=\"async\" class=\"alignnone size-full wp-image-6148\" src=\"https:\/\/valasskemezirici.casd.cz\/wp-content\/uploads\/2021\/03\/165801833_1451412821870008_8228973171804875849_n.jpg\" alt=\"\" width=\"720\" height=\"960\" srcset=\"https:\/\/valasskemezirici.casd.cz\/wp-content\/uploads\/2021\/03\/165801833_1451412821870008_8228973171804875849_n.jpg 720w, https:\/\/valasskemezirici.casd.cz\/wp-content\/uploads\/2021\/03\/165801833_1451412821870008_8228973171804875849_n-225x300.jpg 225w\" sizes=\"auto, (max-width: 720px) 100vw, 720px\" \/><\/a><\/p>\n<p>&nbsp;<\/p>\n<p>&nbsp;<\/p>\n","protected":false},"excerpt":{"rendered":"<p>P\u0159esn\u011b t\u0159i m\u011bs\u00edce ub\u011bhly od soboty, kdy jsme se vid\u011bli naposledy. Lou\u010dili jsme se p\u0159ed nouzov\u00fdm stavem p\u0159i Ve\u010de\u0159i P\u00e1n\u011b a dnes jsme se stejn\u00fdm zp\u016fsobem v\u00edtali. V souladu s na\u0159\u00edzen\u00edmi se dnes se\u0161li ve sboru \u010dlenov\u00e9 pouze z okresu Vset\u00edn. Byla n\u00e1s jen hrstka, ale jak zasl\u00edbil n\u00e1\u0161 P\u00e1n &#8211; kde se dva neb [&hellip;]<\/p>\n","protected":false},"author":1,"featured_media":0,"comment_status":"closed","ping_status":"open","sticky":false,"template":"","format":"standard","meta":{"ngg_post_thumbnail":0,"footnotes":""},"categories":[1],"tags":[],"class_list":["post-6140","post","type-post","status-publish","format-standard","hentry","category-nezarazene"],"_links":{"self":[{"href":"https:\/\/valasskemezirici.casd.cz\/index.php?rest_route=\/wp\/v2\/posts\/6140","targetHints":{"allow":["GET"]}}],"collection":[{"href":"https:\/\/valasskemezirici.casd.cz\/index.php?rest_route=\/wp\/v2\/posts"}],"about":[{"href":"https:\/\/valasskemezirici.casd.cz\/index.php?rest_route=\/wp\/v2\/types\/post"}],"author":[{"embeddable":true,"href":"https:\/\/valasskemezirici.casd.cz\/index.php?rest_route=\/wp\/v2\/users\/1"}],"replies":[{"embeddable":true,"href":"https:\/\/valasskemezirici.casd.cz\/index.php?rest_route=%2Fwp%2Fv2%2Fcomments&post=6140"}],"version-history":[{"count":5,"href":"https:\/\/valasskemezirici.casd.cz\/index.php?rest_route=\/wp\/v2\/posts\/6140\/revisions"}],"predecessor-version":[{"id":6156,"href":"https:\/\/valasskemezirici.casd.cz\/index.php?rest_route=\/wp\/v2\/posts\/6140\/revisions\/6156"}],"wp:attachment":[{"href":"https:\/\/valasskemezirici.casd.cz\/index.php?rest_route=%2Fwp%2Fv2%2Fmedia&parent=6140"}],"wp:term":[{"taxonomy":"category","embeddable":true,"href":"https:\/\/valasskemezirici.casd.cz\/index.php?rest_route=%2Fwp%2Fv2%2Fcategories&post=6140"},{"taxonomy":"post_tag","embeddable":true,"href":"https:\/\/valasskemezirici.casd.cz\/index.php?rest_route=%2Fwp%2Fv2%2Ftags&post=6140"}],"curies":[{"name":"wp","href":"https:\/\/api.w.org\/{rel}","templated":true}]}}