{"id":6318,"date":"2021-07-18T20:46:35","date_gmt":"2021-07-18T18:46:35","guid":{"rendered":"https:\/\/valasskemezirici.casd.cz\/?p=6318"},"modified":"2021-07-18T20:46:35","modified_gmt":"2021-07-18T18:46:35","slug":"sobota-17-cervence-2021","status":"publish","type":"post","link":"https:\/\/valasskemezirici.casd.cz\/?p=6318","title":{"rendered":"Sobota 17.\u010dervence 2021"},"content":{"rendered":"\n<p style=\"text-align: justify;\">Kr\u00e1sn\u00e1 a slune\u010dn\u00e1 byla dne\u0161n\u00ed sobota. Jsou pr\u00e1zdniny, mnoz\u00ed z n\u00e1s odjeli na zaslou\u017eenou dovolenou a nav\u0161t\u011bvuj\u00ed sbory v m\u00edst\u011b sv\u00e9ho pobytu. A naopak brat\u0159i a sestry z jin\u00fdch sbor\u016f nav\u0161t\u011bvuj\u00ed na\u0161i modlitebnu p\u0159i sv\u00fdch toulk\u00e1ch po Vala\u0161sku. Zat\u00edm prob\u011bhly v\u0161echny pr\u00e1zdninov\u00e9 bohoslu\u017eby. V p\u0159\u00edpad\u011b ohl\u00e1\u0161en\u00e9 v\u011bt\u0161\u00ed ne\u00fa\u010dasti se v pr\u016fb\u011bhu l\u00e9ta p\u0159esuneme do n\u011bkter\u00e9ho ze sousedn\u00edch sbor\u016f.&nbsp;<\/p>\n<p style=\"text-align: justify;\">\u00dakol sobotn\u00ed \u0161koly s n\u00e1mi probral bratr Petr Ch\u00e1ra. M\u011bl n\u00e1zev &#8222;Ko\u0159eny nespokojenosti&#8220;. V t\u00e9to lekci jsme se zam\u011b\u0159ili nejen na \u010dast\u00e9 p\u0159\u00ed\u010diny, kter\u00e9 zp\u016fsobuj\u00ed, \u017ee v \u017eivot\u011b pro\u017e\u00edv\u00e1me neklid a nepokoj, ale tak\u00e9 na \u0159e\u0161en\u00ed, kter\u00e9 n\u00e1m nab\u00edz\u00ed Je\u017e\u00ed\u0161. Diskuze nad t\u00e9matem byla bohat\u00e1, je vid\u011bt, \u017ee jde o t\u00e9ma, kter\u00e9 se dot\u00fdk\u00e1 n\u00e1s v\u0161ech.<\/p>\n<p style=\"text-align: justify;\">Mlad\u00ed spolu se sestrou Ch\u00e1rovou prob\u00edrali stejn\u00e9 t\u00e9ma. I oni u\u017e si uv\u011bdomuj\u00ed, kter\u00e9 na\u0161e lidsk\u00e9 vlastnosti n\u00e1s odd\u011bluj\u00ed od P\u00e1na a jak\u00e9 je \u0159e\u0161en\u00ed. Velmi zaj\u00edmav\u00fd post\u0159eh byl p\u0159edev\u0161\u00edm ten, \u017ee mus\u00edme Boha prosit hlavn\u011b o to, aby n\u00e1m uk\u00e1zal, co d\u011bl\u00e1me \u0161patn\u011b, jak\u00e9 nedobr\u00e9 vlastnosti ni\u010d\u00ed n\u00e1\u0161 \u017eivot. Ne ka\u017ed\u00fd si toti\u017e sv\u00e9 nedostatky uv\u011bdomuje. Teprve potom prosme P\u00e1na o odpu\u0161t\u011bn\u00ed a zm\u011bnu na\u0161eho srdce.<\/p>\n<p style=\"text-align: justify;\">K\u00e1z\u00e1n\u00edm z Bo\u017e\u00edho slova n\u00e1m dnes poslou\u017eil bratr Kantor ze sboru \u010cesk\u00fd T\u011b\u0161\u00edn. A bylo to k\u00e1z\u00e1n\u00ed pro n\u00e1\u0161 sbore\u010dek velmi netradi\u010dn\u00ed. Jako velk\u00e1 voda se bratr p\u0159ihrnul za kazatelnu a v\u0161echny n\u00e1s nakazil svou spont\u00e1nnost\u00ed, neskute\u010dnou energi\u00ed a up\u0159\u00edmnou v\u00edrou. P\u0159em\u00fd\u0161leli jsme nad t\u00edm, \u017ee s na\u0161\u00edm P\u00e1nem jdeme v\u017edy nahoru (na horu), co to pro n\u00e1s znamen\u00e1, a co m\u016f\u017eeme od na\u0161eho Spasitele o\u010dek\u00e1vat. Sv\u00e9 k\u00e1z\u00e1n\u00ed doplnil bratr Kantor prom\u00edt\u00e1n\u00edm nejd\u016fle\u017eit\u011bj\u0161\u00edch ver\u0161\u016f, kter\u00e9 pou\u017eil. Na ukon\u010den\u00ed k\u00e1z\u00e1n\u00ed n\u00e1m zahr\u00e1l na kytaru a zazp\u00edval p\u00edse\u0148 oslavuj\u00edc\u00ed na\u0161eho P\u00e1na. V\u0161echny dary, kter\u00e9 m\u00e1, dal dnes k oslav\u011b Boha. Z\u00e1znam k\u00e1z\u00e1n\u00ed najdete na str\u00e1nk\u00e1ch.&nbsp;<\/p>\n<p><a href=\"https:\/\/valasskemezirici.casd.cz\/wp-content\/uploads\/2021\/07\/217270259_260322888784233_5681889412574199580_n.jpg\"><img loading=\"lazy\" decoding=\"async\" class=\"alignnone  wp-image-6319\" src=\"https:\/\/valasskemezirici.casd.cz\/wp-content\/uploads\/2021\/07\/217270259_260322888784233_5681889412574199580_n-767x1024.jpg\" alt=\"\" width=\"540\" height=\"721\" srcset=\"https:\/\/valasskemezirici.casd.cz\/wp-content\/uploads\/2021\/07\/217270259_260322888784233_5681889412574199580_n-767x1024.jpg 767w, https:\/\/valasskemezirici.casd.cz\/wp-content\/uploads\/2021\/07\/217270259_260322888784233_5681889412574199580_n-225x300.jpg 225w, https:\/\/valasskemezirici.casd.cz\/wp-content\/uploads\/2021\/07\/217270259_260322888784233_5681889412574199580_n-768x1026.jpg 768w, https:\/\/valasskemezirici.casd.cz\/wp-content\/uploads\/2021\/07\/217270259_260322888784233_5681889412574199580_n-1150x1536.jpg 1150w, https:\/\/valasskemezirici.casd.cz\/wp-content\/uploads\/2021\/07\/217270259_260322888784233_5681889412574199580_n.jpg 1168w\" sizes=\"auto, (max-width: 540px) 100vw, 540px\" \/><\/a><\/p>\n<p>&nbsp;<\/p>\n","protected":false},"excerpt":{"rendered":"<p>Kr\u00e1sn\u00e1 a slune\u010dn\u00e1 byla dne\u0161n\u00ed sobota. Jsou pr\u00e1zdniny, mnoz\u00ed z n\u00e1s odjeli na zaslou\u017eenou dovolenou a nav\u0161t\u011bvuj\u00ed sbory v m\u00edst\u011b sv\u00e9ho pobytu. A naopak brat\u0159i a sestry z jin\u00fdch sbor\u016f nav\u0161t\u011bvuj\u00ed na\u0161i modlitebnu p\u0159i sv\u00fdch toulk\u00e1ch po Vala\u0161sku. Zat\u00edm prob\u011bhly v\u0161echny pr\u00e1zdninov\u00e9 bohoslu\u017eby. V p\u0159\u00edpad\u011b ohl\u00e1\u0161en\u00e9 v\u011bt\u0161\u00ed ne\u00fa\u010dasti se v pr\u016fb\u011bhu l\u00e9ta p\u0159esuneme do n\u011bkter\u00e9ho [&hellip;]<\/p>\n","protected":false},"author":1,"featured_media":0,"comment_status":"closed","ping_status":"open","sticky":false,"template":"","format":"standard","meta":{"ngg_post_thumbnail":0,"footnotes":""},"categories":[1],"tags":[],"class_list":["post-6318","post","type-post","status-publish","format-standard","hentry","category-nezarazene"],"_links":{"self":[{"href":"https:\/\/valasskemezirici.casd.cz\/index.php?rest_route=\/wp\/v2\/posts\/6318","targetHints":{"allow":["GET"]}}],"collection":[{"href":"https:\/\/valasskemezirici.casd.cz\/index.php?rest_route=\/wp\/v2\/posts"}],"about":[{"href":"https:\/\/valasskemezirici.casd.cz\/index.php?rest_route=\/wp\/v2\/types\/post"}],"author":[{"embeddable":true,"href":"https:\/\/valasskemezirici.casd.cz\/index.php?rest_route=\/wp\/v2\/users\/1"}],"replies":[{"embeddable":true,"href":"https:\/\/valasskemezirici.casd.cz\/index.php?rest_route=%2Fwp%2Fv2%2Fcomments&post=6318"}],"version-history":[{"count":1,"href":"https:\/\/valasskemezirici.casd.cz\/index.php?rest_route=\/wp\/v2\/posts\/6318\/revisions"}],"predecessor-version":[{"id":6320,"href":"https:\/\/valasskemezirici.casd.cz\/index.php?rest_route=\/wp\/v2\/posts\/6318\/revisions\/6320"}],"wp:attachment":[{"href":"https:\/\/valasskemezirici.casd.cz\/index.php?rest_route=%2Fwp%2Fv2%2Fmedia&parent=6318"}],"wp:term":[{"taxonomy":"category","embeddable":true,"href":"https:\/\/valasskemezirici.casd.cz\/index.php?rest_route=%2Fwp%2Fv2%2Fcategories&post=6318"},{"taxonomy":"post_tag","embeddable":true,"href":"https:\/\/valasskemezirici.casd.cz\/index.php?rest_route=%2Fwp%2Fv2%2Ftags&post=6318"}],"curies":[{"name":"wp","href":"https:\/\/api.w.org\/{rel}","templated":true}]}}