{"id":7420,"date":"2023-01-07T19:25:37","date_gmt":"2023-01-07T18:25:37","guid":{"rendered":"https:\/\/valasskemezirici.casd.cz\/?p=7420"},"modified":"2023-01-07T22:04:22","modified_gmt":"2023-01-07T21:04:22","slug":"sobota-31-prosince-2022","status":"publish","type":"post","link":"https:\/\/valasskemezirici.casd.cz\/?p=7420","title":{"rendered":"Sobota 31.prosince 2022"},"content":{"rendered":"\r\n\r\n\r\n<p>Posledn\u00ed den roku, posledn\u00ed bohoslu\u017eba roku&#8230; Uv\u011bdomujeme si rychlost, s&nbsp;jakou ten lo\u0148sk\u00fd utekl. Kolik nov\u00fdch pro\u017eitk\u016f \u2013 radostn\u00fdch i bolestn\u00fdch. Na mysl se derou nejr\u016fzn\u011bj\u0161\u00ed vzpom\u00ednky. To co dnes ale c\u00edt\u00edme nejv\u00edc, je vd\u011b\u010dnost, \u017ee jsme se mohli ve zdrav\u00ed sej\u00edt, \u017ee n\u00e1s spojuje touha spole\u010dn\u011b pro\u017e\u00edt Silvestr.<\/p>\r\n<p><!--more--><\/p>\r\n<p>Posledn\u00edm \u00fakolem sobotn\u00ed \u0161koly leto\u0161n\u00edho \u010dtvrtlet\u00ed s n\u00e1zvem \u201eHle, v\u0161echno tvo\u0159\u00edm nov\u00e9\u201c n\u00e1s symbolicky provedl vedouc\u00ed sboru Pavel Pimek. Zvl\u00e1dl to stejn\u011b skv\u011ble, jako vedl cel\u00fd rok n\u00e1\u0161 sbor.<\/p>\r\n<p>Bible mluv\u00ed o nebi i o obnoven\u00e9 zemi velmi konkr\u00e9tn\u011b, ale bez omezen\u00ed dan\u00fdch p\u0159\u00edtomnost\u00ed h\u0159\u00edchu. Tam najde Bo\u017e\u00ed lid sv\u016fj domov. <strong>&nbsp;<\/strong>N\u011bkte\u0159\u00ed lid\u00e9 mluv\u00ed o nebi jako o Bo\u017e\u00ed svatyni. Zjeven\u00ed v\u0161ak hovo\u0159\u00ed o&nbsp;konkr\u00e9tn\u00ed svatyni (chr\u00e1mu) v nov\u00e9m Jeruzal\u00e9m\u011b, kde se nach\u00e1z\u00ed Bo\u017e\u00ed tr\u016fn. Pr\u00e1v\u011b tam budou svat\u00ed ze v\u0161ech n\u00e1rod\u016f a jazyk\u016f nav\u017edy uct\u00edvat Boha.  Bible \u0159\u00edk\u00e1, \u017ee B\u016fh <em>\u201ep\u0159eb\u00fdv\u00e1 v nep\u0159\u00edstupn\u00e9m sv\u011btle\u201c<\/em> a \u017ee <em>\u201eBoha nikdo nikdy nevid\u011bl\u201c<\/em>. Je z\u0159ejm\u00e9, \u017ee nemo\u017enost vid\u011bt Boha se vztahuje na lidsk\u00e9 bytosti po p\u00e1du do h\u0159\u00edchu. Z Kristova k\u00e1z\u00e1n\u00ed na ho\u0159e vypl\u00fdv\u00e1, \u017ee Boha uvid\u00ed ti, kdo maj\u00ed \u010dist\u00e9 srdce. B\u016fh v n\u00e1s mus\u00ed vykonat sv\u00e9 d\u00edlo, aby n\u00e1s tak p\u0159ipravil na nebe a na setk\u00e1n\u00ed s n\u00edm. Bez ohledu na na\u0161e tr\u00e1pen\u00ed B\u016fh tou\u017e\u00ed set\u0159\u00edt n\u00e1m z o\u010d\u00ed co nejv\u00edce slz. Ale n\u011bkter\u00e9 z na\u0161ich ho\u0159k\u00fdch slz n\u00e1m z\u016fstanou na tv\u00e1\u0159\u00edch a\u017e do toho slavn\u00e9ho dne, kdy smrt, smutek a pl\u00e1\u010d p\u0159estanou existovat. V centru pl\u00e1nu spasen\u00ed je zasl\u00edben\u00ed v\u011b\u010dn\u00e9ho \u017eivota, zalo\u017een\u00e9 na&nbsp;Je\u017e\u00ed\u0161ov\u00fdch z\u00e1sluh\u00e1ch. V\u011b\u010dn\u00fd \u017eivot m\u00e1 ka\u017ed\u00fd, kdo v\u00edrou p\u0159ij\u00edm\u00e1 to, co Je\u017e\u00ed\u0161 vykonal na k\u0159\u00ed\u017ei. A\u0165 u\u017e to bylo p\u0159ed k\u0159\u00ed\u017eem, nebo po k\u0159\u00ed\u017ei, spaseni jsme v\u017edy prost\u0159ednictv\u00edm v\u00edry, nikdy ne na z\u00e1klad\u011b skutk\u016f, i kdy\u017e skutky mohou potvrzovat, \u017ee kr\u00e1\u010d\u00edme cestou spasen\u00ed.<\/p>\r\n<p>K\u00e1z\u00e1n\u00edm n\u00e1m poslou\u017eil vedouc\u00ed sobotn\u00ed \u0161koly Bohumil Mro\u010dek. Sv\u011b\u0159il se n\u00e1m s&nbsp;my\u0161lenkami, kter\u00e9 ho prov\u00e1zely v&nbsp;roce 2022 a kter\u00e9 se zab\u00fdvaly \u0159e\u0161en\u00edm probl\u00e9m\u016f, je\u017e n\u00e1s v&nbsp;\u017eivot\u011b potk\u00e1vaj\u00ed. Jsme schopni vy\u0159e\u0161it ka\u017ed\u00fd? A co s&nbsp;t\u011bmi, kter\u00e9 vy\u0159e\u0161it nem\u016f\u017eeme? Jak postupujeme? \u0158e\u0161en\u00ed si m\u016f\u017eete poslechnout v&nbsp;audioz\u00e1znamu k\u00e1z\u00e1n\u00ed na na\u0161ich str\u00e1nk\u00e1ch.<\/p>\r\n<p>Bohoslu\u017ebou dne\u0161n\u00ed den je\u0161t\u011b neskon\u010dil. \u010cekal n\u00e1s p\u0159esun do Vala\u0161sk\u00e9 Byst\u0159ice k rodin\u011b Mro\u010dkov\u00fdch, u kter\u00fdch jsme se rozhodli ji\u017e tradi\u010dn\u011b pro\u017e\u00edt konec star\u00e9ho a za\u010d\u00e1tek nov\u00e9ho roku.<\/p>\r\n<p><img loading=\"lazy\" decoding=\"async\" class=\"alignnone  wp-image-7421\" src=\"https:\/\/valasskemezirici.casd.cz\/wp-content\/uploads\/2023\/01\/silvous-1024x300.jpg\" alt=\"\" width=\"758\" height=\"222\" srcset=\"https:\/\/valasskemezirici.casd.cz\/wp-content\/uploads\/2023\/01\/silvous-1024x300.jpg 1024w, https:\/\/valasskemezirici.casd.cz\/wp-content\/uploads\/2023\/01\/silvous-300x88.jpg 300w, https:\/\/valasskemezirici.casd.cz\/wp-content\/uploads\/2023\/01\/silvous-768x225.jpg 768w, https:\/\/valasskemezirici.casd.cz\/wp-content\/uploads\/2023\/01\/silvous.jpg 1500w\" sizes=\"auto, (max-width: 758px) 100vw, 758px\" \/><\/p>\r\n<p>&nbsp;<\/p>\r\n<p>&nbsp;<\/p>\r\n","protected":false},"excerpt":{"rendered":"<p>Posledn\u00ed den roku, posledn\u00ed bohoslu\u017eba roku&#8230; Uv\u011bdomujeme si rychlost, s&nbsp;jakou ten lo\u0148sk\u00fd utekl. Kolik nov\u00fdch pro\u017eitk\u016f \u2013 radostn\u00fdch i bolestn\u00fdch. Na mysl se derou nejr\u016fzn\u011bj\u0161\u00ed vzpom\u00ednky. To co dnes ale c\u00edt\u00edme nejv\u00edc, je vd\u011b\u010dnost, \u017ee jsme se mohli ve zdrav\u00ed sej\u00edt, \u017ee n\u00e1s spojuje touha spole\u010dn\u011b pro\u017e\u00edt Silvestr.<\/p>\n","protected":false},"author":1,"featured_media":0,"comment_status":"closed","ping_status":"open","sticky":false,"template":"","format":"standard","meta":{"ngg_post_thumbnail":0,"footnotes":""},"categories":[1],"tags":[],"class_list":["post-7420","post","type-post","status-publish","format-standard","hentry","category-nezarazene"],"_links":{"self":[{"href":"https:\/\/valasskemezirici.casd.cz\/index.php?rest_route=\/wp\/v2\/posts\/7420","targetHints":{"allow":["GET"]}}],"collection":[{"href":"https:\/\/valasskemezirici.casd.cz\/index.php?rest_route=\/wp\/v2\/posts"}],"about":[{"href":"https:\/\/valasskemezirici.casd.cz\/index.php?rest_route=\/wp\/v2\/types\/post"}],"author":[{"embeddable":true,"href":"https:\/\/valasskemezirici.casd.cz\/index.php?rest_route=\/wp\/v2\/users\/1"}],"replies":[{"embeddable":true,"href":"https:\/\/valasskemezirici.casd.cz\/index.php?rest_route=%2Fwp%2Fv2%2Fcomments&post=7420"}],"version-history":[{"count":3,"href":"https:\/\/valasskemezirici.casd.cz\/index.php?rest_route=\/wp\/v2\/posts\/7420\/revisions"}],"predecessor-version":[{"id":7456,"href":"https:\/\/valasskemezirici.casd.cz\/index.php?rest_route=\/wp\/v2\/posts\/7420\/revisions\/7456"}],"wp:attachment":[{"href":"https:\/\/valasskemezirici.casd.cz\/index.php?rest_route=%2Fwp%2Fv2%2Fmedia&parent=7420"}],"wp:term":[{"taxonomy":"category","embeddable":true,"href":"https:\/\/valasskemezirici.casd.cz\/index.php?rest_route=%2Fwp%2Fv2%2Fcategories&post=7420"},{"taxonomy":"post_tag","embeddable":true,"href":"https:\/\/valasskemezirici.casd.cz\/index.php?rest_route=%2Fwp%2Fv2%2Ftags&post=7420"}],"curies":[{"name":"wp","href":"https:\/\/api.w.org\/{rel}","templated":true}]}}