{"id":7425,"date":"2023-01-07T19:51:48","date_gmt":"2023-01-07T18:51:48","guid":{"rendered":"https:\/\/valasskemezirici.casd.cz\/?p=7425"},"modified":"2023-01-07T19:51:48","modified_gmt":"2023-01-07T18:51:48","slug":"silvestr-2022","status":"publish","type":"post","link":"https:\/\/valasskemezirici.casd.cz\/?p=7425","title":{"rendered":"Silvestr 2022"},"content":{"rendered":"<p style=\"text-align: justify;\">&nbsp;&nbsp; &nbsp;Posledn\u00ed den roku roku dvaadvacet p\u0159ipad\u00e1&nbsp; na sobotu, co\u017e je nap\u0159\u00ed\u010d celou bibl\u00ed den zasv\u011bcen\u00fd t\u011blesn\u00e9mu, du\u0161evn\u00edmu i duchovn\u00edmu odpo\u010dinku. Coby sborov\u00e1 rodina se sch\u00e1z\u00edme ke klasick\u00e9 dopoledn\u00ed bohoslu\u017eb\u011b a pot\u00e9 v\u011bt\u0161\u00ed polovina \u00fa\u010dastn\u00edk\u016f p\u00e1d\u00ed na vala\u0161sk\u00e9 kot\u00e1ry, do \u010d\u00edm d\u00e1l modern\u011bj\u0161\u00ed chalupy rodiny Mro\u010dkov\u00fdch.<\/p>\n<p><img loading=\"lazy\" decoding=\"async\" class=\"alignnone  wp-image-7426\" src=\"https:\/\/valasskemezirici.casd.cz\/wp-content\/uploads\/2023\/01\/DSCN4655-1024x683.jpg\" alt=\"\" width=\"763\" height=\"509\" srcset=\"https:\/\/valasskemezirici.casd.cz\/wp-content\/uploads\/2023\/01\/DSCN4655-1024x683.jpg 1024w, https:\/\/valasskemezirici.casd.cz\/wp-content\/uploads\/2023\/01\/DSCN4655-300x200.jpg 300w, https:\/\/valasskemezirici.casd.cz\/wp-content\/uploads\/2023\/01\/DSCN4655-768x512.jpg 768w, https:\/\/valasskemezirici.casd.cz\/wp-content\/uploads\/2023\/01\/DSCN4655-1536x1024.jpg 1536w, https:\/\/valasskemezirici.casd.cz\/wp-content\/uploads\/2023\/01\/DSCN4655-2048x1366.jpg 2048w\" sizes=\"auto, (max-width: 763px) 100vw, 763px\" \/><\/p>\n<p><!--more--><\/p>\n<p style=\"text-align: justify;\">Sotva je zlikvidov\u00e1na v\u00fdte\u010dn\u00e1 zel\u0148a\u010dka z kuchyn\u011b talentovan\u00e9 kucha\u0159ky Soni, p\u0159ejde se z oblasti chleba vezdej\u0161\u00edho na chl\u00e9b duchovn\u00ed. P\u0159\u00edjemn\u011b vytopen\u00fdm ob\u00fdv\u00e1kem nejprve v pod\u00e1n\u00ed hlavy rodiny, rozv\u00e1\u017en\u00e9ho Milo\u0161e, zazn\u00edvaj\u00ed slova nejkrat\u0161\u00edho \u017ealmu, vyb\u00edzej\u00edc\u00edho ve\u0161ker\u00e9 n\u00e1rody k veleben\u00ed Hospodina. Jednodu\u0161e proto, \u017ee Jeho l\u00e1ska k lidem je velik\u00e1&nbsp; a v\u011brnost nikdy nekon\u010d\u00edc\u00ed. N\u00e1sledn\u00e9 modlitby jednotliv\u00fdch sourozenc\u016f to vz\u00e1p\u011bt\u00ed potvrzuj\u00ed. A to p\u0159esto, \u017ee pr\u00e1v\u011b kon\u010d\u00ed rok, kter\u00fd byl pro v\u011bt\u0161inu p\u0159\u00edtomn\u00fdch \u010dasem opakuj\u00edc\u00edch se smutk\u016f a nejr\u016fzn\u011bj\u0161\u00edch nesn\u00e1z\u00ed. Ned\u00e1vn\u00fd odchod Petra Kimlera, jeho\u017e nejbli\u017e\u0161\u00ed rodina je na setk\u00e1n\u00ed p\u0159\u00edtomna, se st\u00e1le prom\u00edt\u00e1 do ve\u0161ker\u00e9ho sborov\u00e9ho d\u011bn\u00ed a p\u0159\u00edmo vyb\u00edz\u00ed k nasm\u011brov\u00e1n\u00ed mysl\u00ed k Tomu, kter\u00fd je jedinou nad\u011bj\u00ed v nejist\u00e9m sv\u011bt\u011b pln\u00e9m bolesti a ne\u010dekan\u00fdch zvrat\u016f. Srdcervouc\u00ed prosby Oleny a Sv\u011btlany k \u017eiv\u00e9mu Bohu o ochranu jejich domov\u016f a bl\u00edzk\u00fdch na v\u00fdchod\u011b pusto\u0161en\u00e9 Ukrajiny zase nedovol\u00ed, aby se k nim \u017e\u00e1dn\u00fd z p\u0159\u00edtomn\u00fdch v duchu nep\u0159ipojil. Velmi dobrou zpr\u00e1vou je pot\u00e9 p\u0159etlumo\u010den\u00fd pozdrav nep\u0159\u00edtomn\u00e9ho L\u00e1di \u0160krly a jeho rodiny adresovan\u00fd na\u0161emu posledn\u00edmu leto\u0161n\u00edmu spole\u010denstv\u00ed.&nbsp;<\/p>\n<p style=\"text-align: justify;\">&nbsp;&nbsp;&nbsp; A proto\u017ee je Silvestra, nem\u016f\u017ee na stole chyb\u011bt bohat\u00e1 sn\u016f\u0161ka nejr\u016fzn\u011bj\u0161\u00edch pochutin. Tradi\u010dn\u00ed chleb\u00ed\u010dky tentokr\u00e1t dopl\u0148uje zcela origin\u00e1ln\u00ed, n\u00e1dhern\u011b vybarven\u00fd, slan\u011b chutnaj\u00edc\u00ed dort, z n\u011bho\u017e p\u0159\u00edmo \u010d\u00ed\u0161\u00ed l\u00e1ska zm\u00edn\u011bn\u00e9 Sv\u011btlany s Olenou a atmosf\u00e9ra jejich milovan\u00e9 Ukrajiny. Gran\u00e1tov\u00e1 jablka, jejich\u017e sv\u011b\u017e\u00ed jad\u00fdrka jsou obsa\u017eena v naprosto bezkonkuren\u010dn\u00edm ovocn\u00e9m sal\u00e1tu z d\u00edlny Zdenky Pimkov\u00e9, zase dosv\u011bd\u010duj\u00ed, \u017ee ani militaristicky zn\u011bj\u00edc\u00ed n\u00e1zvy nemusej\u00ed p\u0159in\u00e1\u0161et bolest a smrt, ale naopak radost a p\u0159\u00edjemn\u00e9 osv\u011b\u017een\u00ed. Bylo by divn\u00e9, kdyby se do z\u00e1v\u011bre\u010dn\u00e9ho menu aktivn\u011b nezapojila tak\u00e9 nadpr\u016fm\u011brn\u011b zku\u0161en\u00e1 kucha\u0159ka Ani\u010dka, kter\u00e1 si ani tentokr\u00e1t neodpust\u00ed pot\u011b\u0161it chu\u0165ov\u00e9 kan\u00e1lky zcela v\u00fdjime\u010dn\u00fdmi kulin\u00e1\u0159sk\u00fdmi v\u00fdtvory.&nbsp; Jakkoliv se ve\u010der nenese v m\u00f3du obvykl\u00e9ho estr\u00e1dn\u00edho&nbsp; silvestrovsk\u00e9ho vesel\u00ed, pocit, kter\u00fd si z n\u011bho do posledn\u00edch hodin a minut dvaadvac\u00e1t\u00e9ho roku odn\u00e1\u0161\u00edme, je nadm\u00edru p\u0159\u00edjemn\u00fd a nadpozemsky povzn\u00e1\u0161ej\u00edc\u00ed. Bohu nebesk\u00e9mu, jako\u017e i pozemsk\u00fdm kucha\u0159k\u00e1m budi\u017e za to vzd\u00e1n p\u0159evelik\u00fd d\u00edk!<\/p>\n<p><img loading=\"lazy\" decoding=\"async\" class=\"alignnone size-large wp-image-7427\" src=\"https:\/\/valasskemezirici.casd.cz\/wp-content\/uploads\/2023\/01\/DSCN4659-683x1024.jpg\" alt=\"\" width=\"683\" height=\"1024\" srcset=\"https:\/\/valasskemezirici.casd.cz\/wp-content\/uploads\/2023\/01\/DSCN4659-683x1024.jpg 683w, https:\/\/valasskemezirici.casd.cz\/wp-content\/uploads\/2023\/01\/DSCN4659-200x300.jpg 200w, https:\/\/valasskemezirici.casd.cz\/wp-content\/uploads\/2023\/01\/DSCN4659-768x1152.jpg 768w, https:\/\/valasskemezirici.casd.cz\/wp-content\/uploads\/2023\/01\/DSCN4659-1024x1536.jpg 1024w, https:\/\/valasskemezirici.casd.cz\/wp-content\/uploads\/2023\/01\/DSCN4659-1366x2048.jpg 1366w, https:\/\/valasskemezirici.casd.cz\/wp-content\/uploads\/2023\/01\/DSCN4659-scaled.jpg 1707w\" sizes=\"auto, (max-width: 683px) 100vw, 683px\" \/> <img loading=\"lazy\" decoding=\"async\" class=\"alignnone  wp-image-7428\" src=\"https:\/\/valasskemezirici.casd.cz\/wp-content\/uploads\/2023\/01\/DSCN4662-1024x683.jpg\" alt=\"\" width=\"682\" height=\"455\" srcset=\"https:\/\/valasskemezirici.casd.cz\/wp-content\/uploads\/2023\/01\/DSCN4662-1024x683.jpg 1024w, https:\/\/valasskemezirici.casd.cz\/wp-content\/uploads\/2023\/01\/DSCN4662-300x200.jpg 300w, https:\/\/valasskemezirici.casd.cz\/wp-content\/uploads\/2023\/01\/DSCN4662-768x512.jpg 768w, https:\/\/valasskemezirici.casd.cz\/wp-content\/uploads\/2023\/01\/DSCN4662-1536x1024.jpg 1536w, https:\/\/valasskemezirici.casd.cz\/wp-content\/uploads\/2023\/01\/DSCN4662-2048x1366.jpg 2048w\" sizes=\"auto, (max-width: 682px) 100vw, 682px\" \/> <img loading=\"lazy\" decoding=\"async\" class=\"alignnone  wp-image-7429\" src=\"https:\/\/valasskemezirici.casd.cz\/wp-content\/uploads\/2023\/01\/DSCN4663-1024x683.jpg\" alt=\"\" width=\"683\" height=\"456\" srcset=\"https:\/\/valasskemezirici.casd.cz\/wp-content\/uploads\/2023\/01\/DSCN4663-1024x683.jpg 1024w, https:\/\/valasskemezirici.casd.cz\/wp-content\/uploads\/2023\/01\/DSCN4663-300x200.jpg 300w, https:\/\/valasskemezirici.casd.cz\/wp-content\/uploads\/2023\/01\/DSCN4663-768x512.jpg 768w, https:\/\/valasskemezirici.casd.cz\/wp-content\/uploads\/2023\/01\/DSCN4663-1536x1024.jpg 1536w, https:\/\/valasskemezirici.casd.cz\/wp-content\/uploads\/2023\/01\/DSCN4663-2048x1365.jpg 2048w\" sizes=\"auto, (max-width: 683px) 100vw, 683px\" \/><\/p>\n<p>&nbsp;<\/p>\n","protected":false},"excerpt":{"rendered":"<p>&nbsp;&nbsp; &nbsp;Posledn\u00ed den roku roku dvaadvacet p\u0159ipad\u00e1&nbsp; na sobotu, co\u017e je nap\u0159\u00ed\u010d celou bibl\u00ed den zasv\u011bcen\u00fd t\u011blesn\u00e9mu, du\u0161evn\u00edmu i duchovn\u00edmu odpo\u010dinku. Coby sborov\u00e1 rodina se sch\u00e1z\u00edme ke klasick\u00e9 dopoledn\u00ed bohoslu\u017eb\u011b a pot\u00e9 v\u011bt\u0161\u00ed polovina \u00fa\u010dastn\u00edk\u016f p\u00e1d\u00ed na vala\u0161sk\u00e9 kot\u00e1ry, do \u010d\u00edm d\u00e1l modern\u011bj\u0161\u00ed chalupy rodiny Mro\u010dkov\u00fdch.<\/p>\n","protected":false},"author":1,"featured_media":0,"comment_status":"closed","ping_status":"open","sticky":false,"template":"","format":"standard","meta":{"ngg_post_thumbnail":0,"footnotes":""},"categories":[1],"tags":[],"class_list":["post-7425","post","type-post","status-publish","format-standard","hentry","category-nezarazene"],"_links":{"self":[{"href":"https:\/\/valasskemezirici.casd.cz\/index.php?rest_route=\/wp\/v2\/posts\/7425","targetHints":{"allow":["GET"]}}],"collection":[{"href":"https:\/\/valasskemezirici.casd.cz\/index.php?rest_route=\/wp\/v2\/posts"}],"about":[{"href":"https:\/\/valasskemezirici.casd.cz\/index.php?rest_route=\/wp\/v2\/types\/post"}],"author":[{"embeddable":true,"href":"https:\/\/valasskemezirici.casd.cz\/index.php?rest_route=\/wp\/v2\/users\/1"}],"replies":[{"embeddable":true,"href":"https:\/\/valasskemezirici.casd.cz\/index.php?rest_route=%2Fwp%2Fv2%2Fcomments&post=7425"}],"version-history":[{"count":1,"href":"https:\/\/valasskemezirici.casd.cz\/index.php?rest_route=\/wp\/v2\/posts\/7425\/revisions"}],"predecessor-version":[{"id":7430,"href":"https:\/\/valasskemezirici.casd.cz\/index.php?rest_route=\/wp\/v2\/posts\/7425\/revisions\/7430"}],"wp:attachment":[{"href":"https:\/\/valasskemezirici.casd.cz\/index.php?rest_route=%2Fwp%2Fv2%2Fmedia&parent=7425"}],"wp:term":[{"taxonomy":"category","embeddable":true,"href":"https:\/\/valasskemezirici.casd.cz\/index.php?rest_route=%2Fwp%2Fv2%2Fcategories&post=7425"},{"taxonomy":"post_tag","embeddable":true,"href":"https:\/\/valasskemezirici.casd.cz\/index.php?rest_route=%2Fwp%2Fv2%2Ftags&post=7425"}],"curies":[{"name":"wp","href":"https:\/\/api.w.org\/{rel}","templated":true}]}}