{"id":7434,"date":"2023-01-07T21:42:12","date_gmt":"2023-01-07T20:42:12","guid":{"rendered":"https:\/\/valasskemezirici.casd.cz\/?p=7434"},"modified":"2023-01-07T21:42:12","modified_gmt":"2023-01-07T20:42:12","slug":"novorocni-shromazdeni-ve-vsetine-7-ledna-2023","status":"publish","type":"post","link":"https:\/\/valasskemezirici.casd.cz\/?p=7434","title":{"rendered":"Novoro\u010dn\u00ed shrom\u00e1\u017ed\u011bn\u00ed ve Vset\u00edn\u011b 7.ledna 2023"},"content":{"rendered":"<p style=\"text-align: justify;\">Prvn\u00ed bohoslu\u017eba v&nbsp;nov\u00e9m roce se ji\u017e tradi\u010dn\u011b konala v&nbsp;nejv\u011bt\u0161\u00edm z&nbsp;Vala\u0161sk\u00fdch sbor\u016f \u2013 ve Vset\u00edn\u011b. Modlitebna v&nbsp;barv\u00e1ch b\u00edl\u00e9 a pastelov\u011b zelen\u00e9 se zaplnila t\u00e9m\u011b\u0159 do posledn\u00edho m\u00edste\u010dka a n\u00e1lada byla v\u00edce ne\u017e p\u0159\u00e1telsk\u00e1. P\u0159ece jen \u2013 p\u0159\u00edle\u017eitost\u00ed, kdy se m\u016f\u017eeme v\u0161ichni setkat, moc nen\u00ed.<\/p>\n<p style=\"text-align: justify;\">Novoro\u010dn\u00ed bohoslu\u017ebu uvedl a ke zti\u0161en\u00ed n\u00e1s p\u0159ivedl bratr Martin Mikl\u00e1\u0161. Pot\u00e9 jsme spole\u010dn\u011b s&nbsp;bratrem Ji\u0159\u00edm Klodou probrali prvn\u00ed \u010d\u00e1st nov\u00e9ho \u00fakolu tohoto \u010dtvrtlet\u00ed s&nbsp;n\u00e1zvem \u201eNad m\u00e1lem jsi byl v\u011brn\u00fd&#8230;\u201c \u0158e\u0161ili jsme n\u00e1dhern\u00e9 zasl\u00edben\u00ed <em>\u201eJsme Bo\u017e\u00edmi d\u011btmi\u201c<\/em>.<\/p>\n<p><!--more--><\/p>\n<p style=\"text-align: justify;\">Vztah k&nbsp;Bohu, lidem i majetku z\u00e1vis\u00ed od uv\u011bdom\u011bn\u00ed si na\u0161eho&nbsp;postaven\u00ed, tj.&nbsp;k\u00fdm jsme.&nbsp;Ve vztahu k&nbsp;cel\u00e9mu vesm\u00edru jsme Bo\u017e\u00edmi d\u011btmi. Spolu s&nbsp;ostatn\u00edmi lidmi tvo\u0159\u00edme velkou Bo\u017e\u00ed rodinu. B\u016fh je n\u00e1\u0161 Otec, navz\u00e1jem jsme brat\u0159i a sestry. N\u011bkte\u0159\u00ed lid\u00e9 nemaj\u00ed nic, n\u011bkte\u0159\u00ed z\u00edskali majetek n\u00e1sil\u00edm, n\u011bkte\u0159\u00ed si zakl\u00e1daj\u00ed na tom, co vybudovali vlastn\u00edma rukama. V\u0161echno je Bo\u017e\u00edm vlastnictv\u00edm, ale B\u016fh si to nenech\u00e1v\u00e1 pro sebe.&nbsp;Daroval lidem Spasitele, Ducha Svat\u00e9ho i materi\u00e1ln\u00ed po\u017eehn\u00e1n\u00ed.&nbsp;B\u016fh n\u00e1s pov\u011b\u0159il spr\u00e1vou dar\u016f. Pou\u017e\u00edv\u00e1me je tak\u00e9 pro dobro druh\u00fdch?<\/p>\n<p style=\"text-align: justify;\">Je mnoho lid\u00ed, kte\u0159\u00ed si nashrom\u00e1\u017edili velk\u00e9 bohatstv\u00ed, ale nakonec v&nbsp;okam\u017eiku o&nbsp;v\u0161echno p\u0159i\u0161li. Vlastnit mnoho majetku nemus\u00ed b\u00fdt nespr\u00e1vn\u00e9. K majetku je t\u0159eba ale m\u00edt spr\u00e1vn\u00fd a vyv\u00e1\u017een\u00fd postoj. Je\u017e\u00ed\u0161 n\u00e1m v&nbsp;P\u00edsmu rad\u00ed: \u201eUkl\u00e1dejte si poklady v nebi\u201c.<\/p>\n<p><img loading=\"lazy\" decoding=\"async\" class=\"alignnone  wp-image-7435\" src=\"https:\/\/valasskemezirici.casd.cz\/wp-content\/uploads\/2023\/01\/323370487_1361542417988798_8372631012925462802_n.jpg\" alt=\"\" width=\"628\" height=\"471\" srcset=\"https:\/\/valasskemezirici.casd.cz\/wp-content\/uploads\/2023\/01\/323370487_1361542417988798_8372631012925462802_n.jpg 788w, https:\/\/valasskemezirici.casd.cz\/wp-content\/uploads\/2023\/01\/323370487_1361542417988798_8372631012925462802_n-300x225.jpg 300w, https:\/\/valasskemezirici.casd.cz\/wp-content\/uploads\/2023\/01\/323370487_1361542417988798_8372631012925462802_n-768x576.jpg 768w\" sizes=\"auto, (max-width: 628px) 100vw, 628px\" \/><\/p>\n<p style=\"text-align: justify;\">Sou\u010d\u00e1st\u00ed novoro\u010dn\u00ed bohoslu\u017eby je p\u00e1smo p\u00edsni\u010dek a hudebn\u00edch vystoupen\u00ed, kter\u00e1 si pro n\u00e1s tentokr\u00e1t p\u0159ipravila ml\u00e1de\u017e. Jako \u010derven\u00e1 nitka se cel\u00fdm vystoupen\u00edm t\u00e1hla my\u0161lenka pomoci lidem okolo n\u00e1s. A\u0165 ud\u011bl\u00e1me radost \u010di pom\u016f\u017eeme komukoliv, je to jako bychom ud\u011blali radost P\u00e1nu Je\u017e\u00ed\u0161i.<\/p>\n<p style=\"text-align: justify;\">Bylo kr\u00e1sn\u00e9 sledovat, jak se u d\u011bt\u00ed st\u00e1le v\u00edce rozv\u00edj\u00ed hudebn\u00ed talent, jak se ka\u017ed\u00fdm rokem u\u010d\u00ed hr\u00e1t na nov\u00e9 n\u00e1stroje a brzy budou v\u00fdznamnou oporou pro sv\u00e9 muzik\u00e1ln\u00ed tat\u00ednky a str\u00fd\u010dky. Je\u0161t\u011b b\u00e1je\u010dn\u011bj\u0161\u00ed je jejich r\u016fst duchovn\u00ed. D\u00edky Pane, \u017ee si d\u011bti p\u0159iv\u00e1d\u00ed\u0161 k&nbsp;sob\u011b.<\/p>\n<p><img loading=\"lazy\" decoding=\"async\" class=\"alignnone  wp-image-7436\" src=\"https:\/\/valasskemezirici.casd.cz\/wp-content\/uploads\/2023\/01\/324495618_959916051638738_3900753806818855116_n.jpg\" alt=\"\" width=\"637\" height=\"478\" srcset=\"https:\/\/valasskemezirici.casd.cz\/wp-content\/uploads\/2023\/01\/324495618_959916051638738_3900753806818855116_n.jpg 889w, https:\/\/valasskemezirici.casd.cz\/wp-content\/uploads\/2023\/01\/324495618_959916051638738_3900753806818855116_n-300x225.jpg 300w, https:\/\/valasskemezirici.casd.cz\/wp-content\/uploads\/2023\/01\/324495618_959916051638738_3900753806818855116_n-768x576.jpg 768w\" sizes=\"auto, (max-width: 637px) 100vw, 637px\" \/><\/p>\n<p>&nbsp;<img loading=\"lazy\" decoding=\"async\" class=\"alignnone  wp-image-7438\" src=\"https:\/\/valasskemezirici.casd.cz\/wp-content\/uploads\/2023\/01\/323998833_1189947648563184_4197830740262042704_n.jpg\" alt=\"\" width=\"311\" height=\"234\" srcset=\"https:\/\/valasskemezirici.casd.cz\/wp-content\/uploads\/2023\/01\/323998833_1189947648563184_4197830740262042704_n.jpg 525w, https:\/\/valasskemezirici.casd.cz\/wp-content\/uploads\/2023\/01\/323998833_1189947648563184_4197830740262042704_n-300x225.jpg 300w\" sizes=\"auto, (max-width: 311px) 100vw, 311px\" \/> <img loading=\"lazy\" decoding=\"async\" class=\"alignnone  wp-image-7439\" src=\"https:\/\/valasskemezirici.casd.cz\/wp-content\/uploads\/2023\/01\/324533092_1160962827886334_8952873730583354532_n.jpg\" alt=\"\" width=\"311\" height=\"233\" srcset=\"https:\/\/valasskemezirici.casd.cz\/wp-content\/uploads\/2023\/01\/324533092_1160962827886334_8952873730583354532_n.jpg 600w, https:\/\/valasskemezirici.casd.cz\/wp-content\/uploads\/2023\/01\/324533092_1160962827886334_8952873730583354532_n-300x225.jpg 300w\" sizes=\"auto, (max-width: 311px) 100vw, 311px\" \/><\/p>\n<p style=\"text-align: justify;\">Zamy\u0161len\u00edm n\u00e1m poslou\u017eil kazatel na\u0161ich sbor\u016f Hynek Dona. Jeden ver\u0161 \u017ealmu n\u00e1m \u0159\u00edk\u00e1: \u201eBo\u017ee, v&nbsp;tv\u00e9 ruce jsou v\u0161echny m\u00e9 dny.\u201c Kolikr\u00e1t jsme ji\u017e bilancovali uplynul\u00fd rok a kolikr\u00e1t jsme m\u011bli o\u010dek\u00e1v\u00e1n\u00ed do nov\u00e9ho roku? Bude jin\u00fd? Dok\u00e1\u017ee nov\u00fd rok zm\u011bnit to, co bychom si p\u0159\u00e1li? Ten ale nezm\u011bn\u00ed v\u016fbec nic. To um\u00ed jen B\u016fh.<\/p>\n<p style=\"text-align: justify;\">Sv\u011bt je nemocn\u00fd touhou po moci, pen\u011bz\u00edch, sl\u00e1v\u011b. Rozmohla se pasivita, nez\u00e1jem, hloupost. Pokud chci zm\u011bnit sv\u011bt okolo sebe, mus\u00edm zm\u011bnit nejprve sebe. Vid\u00edme chyby jin\u00fdch, ale ne svoje. I kdyby se situace ve sv\u011bt\u011b je\u0161t\u011b v\u00edce zhor\u0161ila, mohu m\u00edt pokoj a klid ve sv\u00e9 du\u0161i, a to d\u00edky v\u00ed\u0159e v&nbsp;Je\u017e\u00ed\u0161e Krista a nad\u011bje na v\u011b\u010dn\u00fd \u017eivot a setk\u00e1n\u00ed s&nbsp;P\u00e1nem. \u017dalm 34, 9. \u201eOkuste a uz\u0159\u00edte, \u017ee Hospodin je dobr\u00fd. Blaze mu\u017ei, kter\u00fd se ut\u00edk\u00e1 k n\u011bmu.\u201c Stejn\u011b jako staroz\u00e1konn\u00ed Daniel mohu pro\u017e\u00edvat pokoj i v&nbsp;dob\u00e1ch nedobr\u00fdch. M\u00e9 k\u0159es\u0165anstv\u00ed mi pom\u016f\u017ee. A \u010d\u00edm se k\u0159es\u0165anstv\u00ed projevuje p\u0159edev\u0161\u00edm? L\u00e1skou. M\u011bjme l\u00e1sku k&nbsp;P\u00e1nu i k&nbsp;lidem.<\/p>\n<p style=\"text-align: justify;\">M\u011bli jsme velkou radost tak\u00e9 z&nbsp;toho, \u017ee se dne\u0161n\u00edho setk\u00e1n\u00ed z\u00fa\u010dastnila \u0159ada p\u0159\u00e1tel, kte\u0159\u00ed P\u00e1na teprve pozn\u00e1vaj\u00ed. Bylo zde i n\u011bkolik d\u011bt\u00ed. V\u011b\u0159\u00edme, \u017ee se jim mezi n\u00e1mi l\u00edbilo a zatou\u017e\u00ed tak\u00e9 po cest\u011b s&nbsp;P\u00e1nem.<\/p>\n<p style=\"text-align: justify;\">Slavnostn\u00ed bohoslu\u017ebu jsme ukon\u010dili modlitbou a po\u017eehn\u00e1n\u00ed, kter\u00e9 jsme p\u0159ijali z&nbsp;rukou kazatele. N\u00e1sleduj\u00edc\u00ed \u010das jsme pro\u017eili p\u0159i spole\u010dn\u00e9m agap\u00e9 a vz\u00e1jemn\u00e9m sd\u00edlen\u00ed. Pot\u011b\u0161ili jsme se navz\u00e1jem a na\u010derpali povzbuzen\u00ed a s\u00edly do dal\u0161\u00edch dn\u016f. K\u00e9\u017e n\u00e1m v&nbsp;nov\u00e9m roce P\u00e1n \u017eehn\u00e1.<\/p>\n<p style=\"text-align: right;\">ICH<\/p>\n<p><img loading=\"lazy\" decoding=\"async\" class=\"alignnone  wp-image-7440\" src=\"https:\/\/valasskemezirici.casd.cz\/wp-content\/uploads\/2023\/01\/316436826_2997062603921109_5284941566132117405_n.jpg\" alt=\"\" width=\"618\" height=\"464\" srcset=\"https:\/\/valasskemezirici.casd.cz\/wp-content\/uploads\/2023\/01\/316436826_2997062603921109_5284941566132117405_n.jpg 893w, https:\/\/valasskemezirici.casd.cz\/wp-content\/uploads\/2023\/01\/316436826_2997062603921109_5284941566132117405_n-300x225.jpg 300w, https:\/\/valasskemezirici.casd.cz\/wp-content\/uploads\/2023\/01\/316436826_2997062603921109_5284941566132117405_n-768x576.jpg 768w\" sizes=\"auto, (max-width: 618px) 100vw, 618px\" \/><\/p>\n<p style=\"text-align: justify;\">&nbsp;<\/p>\n","protected":false},"excerpt":{"rendered":"<p>Prvn\u00ed bohoslu\u017eba v&nbsp;nov\u00e9m roce se ji\u017e tradi\u010dn\u011b konala v&nbsp;nejv\u011bt\u0161\u00edm z&nbsp;Vala\u0161sk\u00fdch sbor\u016f \u2013 ve Vset\u00edn\u011b. Modlitebna v&nbsp;barv\u00e1ch b\u00edl\u00e9 a pastelov\u011b zelen\u00e9 se zaplnila t\u00e9m\u011b\u0159 do posledn\u00edho m\u00edste\u010dka a n\u00e1lada byla v\u00edce ne\u017e p\u0159\u00e1telsk\u00e1. P\u0159ece jen \u2013 p\u0159\u00edle\u017eitost\u00ed, kdy se m\u016f\u017eeme v\u0161ichni setkat, moc nen\u00ed. Novoro\u010dn\u00ed bohoslu\u017ebu uvedl a ke zti\u0161en\u00ed n\u00e1s p\u0159ivedl bratr Martin Mikl\u00e1\u0161. Pot\u00e9 [&hellip;]<\/p>\n","protected":false},"author":1,"featured_media":0,"comment_status":"closed","ping_status":"open","sticky":false,"template":"","format":"standard","meta":{"ngg_post_thumbnail":0,"footnotes":""},"categories":[1],"tags":[],"class_list":["post-7434","post","type-post","status-publish","format-standard","hentry","category-nezarazene"],"_links":{"self":[{"href":"https:\/\/valasskemezirici.casd.cz\/index.php?rest_route=\/wp\/v2\/posts\/7434","targetHints":{"allow":["GET"]}}],"collection":[{"href":"https:\/\/valasskemezirici.casd.cz\/index.php?rest_route=\/wp\/v2\/posts"}],"about":[{"href":"https:\/\/valasskemezirici.casd.cz\/index.php?rest_route=\/wp\/v2\/types\/post"}],"author":[{"embeddable":true,"href":"https:\/\/valasskemezirici.casd.cz\/index.php?rest_route=\/wp\/v2\/users\/1"}],"replies":[{"embeddable":true,"href":"https:\/\/valasskemezirici.casd.cz\/index.php?rest_route=%2Fwp%2Fv2%2Fcomments&post=7434"}],"version-history":[{"count":1,"href":"https:\/\/valasskemezirici.casd.cz\/index.php?rest_route=\/wp\/v2\/posts\/7434\/revisions"}],"predecessor-version":[{"id":7441,"href":"https:\/\/valasskemezirici.casd.cz\/index.php?rest_route=\/wp\/v2\/posts\/7434\/revisions\/7441"}],"wp:attachment":[{"href":"https:\/\/valasskemezirici.casd.cz\/index.php?rest_route=%2Fwp%2Fv2%2Fmedia&parent=7434"}],"wp:term":[{"taxonomy":"category","embeddable":true,"href":"https:\/\/valasskemezirici.casd.cz\/index.php?rest_route=%2Fwp%2Fv2%2Fcategories&post=7434"},{"taxonomy":"post_tag","embeddable":true,"href":"https:\/\/valasskemezirici.casd.cz\/index.php?rest_route=%2Fwp%2Fv2%2Ftags&post=7434"}],"curies":[{"name":"wp","href":"https:\/\/api.w.org\/{rel}","templated":true}]}}