{"id":7464,"date":"2023-01-14T21:58:21","date_gmt":"2023-01-14T20:58:21","guid":{"rendered":"https:\/\/valasskemezirici.casd.cz\/?p=7464"},"modified":"2023-01-14T21:58:21","modified_gmt":"2023-01-14T20:58:21","slug":"14-ledna-2023-prvni-sobota-noveho-roku-2023-v-nasi-modlitebne","status":"publish","type":"post","link":"https:\/\/valasskemezirici.casd.cz\/?p=7464","title":{"rendered":"14.ledna 2023 &#8211; Prvn\u00ed sobota nov\u00e9ho roku 2023 v na\u0161\u00ed modlitebn\u011b"},"content":{"rendered":"<p style=\"text-align: justify;\">Dnes jsme pro\u017eili prvn\u00ed spole\u010dnou sobotu roku 2023 v&nbsp;na\u0161\u00ed modlitebn\u011b. Cestou do sboru n\u00e1s doprov\u00e1zelo skoro jarn\u00ed slun\u00ed\u010dko, jako by n\u00e1s cht\u011bla i p\u0159\u00edroda ujistit, \u017ee ten nov\u00fd rok bude radostn\u00fd a proz\u00e1\u0159en\u00fd Bo\u017e\u00ed p\u0159\u00edtomnost\u00ed.<\/p>\n<p><!--more--><\/p>\n<p style=\"text-align: justify;\">Na zah\u00e1jen\u00e9 sobotn\u00ed \u0161koly jsme shl\u00e9dli prezentaci Jendy Petrovi\u010de shrnuj\u00edc\u00ed nejd\u016fle\u017eit\u011bj\u0161\u00ed my\u0161lenky \u00fakol\u016f minul\u00e9ho \u010dtvrtlet\u00ed. Do \u00fakolu nov\u00e9ho jsme se vrhli spolu s&nbsp;Petrem Ch\u00e1rou.<\/p>\n<p style=\"text-align: justify;\">\u00dakoly maj\u00ed souhrnn\u00fd n\u00e1zev \u201eNad m\u00e1lem jsi byl v\u011brn\u00fd&#8230;\u201c . Budeme se v\u011bnovat Bo\u017e\u00edmu ide\u00e1lu pro n\u00e1\u0161 vztah s n\u00edm. Budeme studovat, jak si m\u016f\u017eeme vybudovat hlubokou a pevnou d\u016fv\u011bru v Boha, kter\u00e1 vytrv\u00e1 i v dob\u011b krize. Takov\u00e1 d\u016fv\u011bra se v\u0161ak nerod\u00ed ze dne na den. V\u011brnou spr\u00e1vou sv\u011b\u0159en\u00fdch dar\u016f se m\u016f\u017eeme p\u0159ipravovat u\u017e nyn\u00ed na cokoliv, \u010demu budeme muset \u010delit v budoucnosti.<\/p>\n<p style=\"text-align: justify;\">P\u0159ed n\u011bkolika m\u011bs\u00edci jsme se v\u011bnovali velmi podrobn\u011b Bo\u017e\u00edm smlouv\u00e1m. Stejn\u00e9 t\u00e9ma jsme prob\u00edrali i tento t\u00fdden. Vztah Boha k&nbsp;lidem je v mnoha p\u0159\u00edpadech pops\u00e1n jako Bo\u017e\u00ed smlouva, z&nbsp;kter\u00e9 plynou jak jednostrann\u00e9 Bo\u017e\u00ed z\u00e1vazky, tak oboustrann\u00e9 z\u00e1vazky smluvn\u00edch stran. \u010casto se v&nbsp;t\u00e9to souvislosti setk\u00e1v\u00e1me s&nbsp;formulac\u00ed: \u201eJestli\u017ee bude\u0161 opravdov\u011b poslouchat Hospodina, \u2026\u201c Pozornost jsme v\u011bnovali smlouv\u011b o spasen\u00ed a smlouv\u011b o des\u00e1tc\u00edch. Na na\u0161ich str\u00e1nk\u00e1ch si m\u016f\u017eete p\u0159e\u010d\u00edst shrnut\u00ed toho nejd\u016fle\u017eit\u011bj\u0161\u00edho z&nbsp;\u00fakolu.<\/p>\n<p style=\"text-align: justify;\">K\u00e1z\u00e1n\u00edm z&nbsp;Bo\u017e\u00edho slova n\u00e1m poslou\u017eil kazatel na\u0161eho sboru Hynek Dona. V&nbsp;souvislosti se za\u010d\u00e1tkem nov\u00e9ho kalend\u00e1\u0159n\u00edho roku se zam\u00fd\u0161lel nad zm\u011bnami v&nbsp;na\u0161ich \u017eivotech. Samotn\u00fd rok, ani my nejsme zm\u011bn schopni. Pouze v&nbsp;Je\u017e\u00ed\u0161i Kristu je jedin\u00e1 cesta. Dokladem toho jsou bezdomovci, kte\u0159\u00ed se sch\u00e1zej\u00ed v&nbsp;na\u0161\u00ed modlitebn\u011b. Jejich \u0159ady rostou, jejich \u017eivoty se m\u011bn\u00ed. To v\u0161e d\u00edky tomu, \u017ee postupn\u011b p\u0159ij\u00edmaj\u00ed Bo\u017e\u00edho Syna. Audio z\u00e1znam k\u00e1z\u00e1n\u00ed op\u011bt najdete na na\u0161ich str\u00e1nk\u00e1ch.<\/p>\n<p style=\"text-align: justify;\">K\u00e1z\u00e1n\u00edm dnes bohoslu\u017eba nekon\u010dila. \u010cekalo n\u00e1s je\u0161t\u011b novoro\u010dn\u00ed posezen\u00ed s&nbsp;programem, kter\u00fd byl \u2013 vzhledem k&nbsp;ub\u00fdvaj\u00edc\u00ed ml\u00e1de\u017ei \u2013 s&nbsp;nap\u011bt\u00edm o\u010dek\u00e1v\u00e1n. Jak v\u0161e dopadlo? \u010ct\u011bte v&nbsp;dal\u0161\u00edm \u010dl\u00e1nku.<\/p>\n<p><img loading=\"lazy\" decoding=\"async\" class=\"alignnone  wp-image-7465\" src=\"https:\/\/valasskemezirici.casd.cz\/wp-content\/uploads\/2023\/01\/IMG_20230114_095053-scaled.jpg\" alt=\"\" width=\"602\" height=\"452\" srcset=\"https:\/\/valasskemezirici.casd.cz\/wp-content\/uploads\/2023\/01\/IMG_20230114_095053-scaled.jpg 2560w, https:\/\/valasskemezirici.casd.cz\/wp-content\/uploads\/2023\/01\/IMG_20230114_095053-300x225.jpg 300w, https:\/\/valasskemezirici.casd.cz\/wp-content\/uploads\/2023\/01\/IMG_20230114_095053-1024x768.jpg 1024w, https:\/\/valasskemezirici.casd.cz\/wp-content\/uploads\/2023\/01\/IMG_20230114_095053-768x576.jpg 768w, https:\/\/valasskemezirici.casd.cz\/wp-content\/uploads\/2023\/01\/IMG_20230114_095053-1536x1152.jpg 1536w, https:\/\/valasskemezirici.casd.cz\/wp-content\/uploads\/2023\/01\/IMG_20230114_095053-2048x1536.jpg 2048w\" sizes=\"auto, (max-width: 602px) 100vw, 602px\" \/><\/p>\n<p>&nbsp;<img loading=\"lazy\" decoding=\"async\" class=\"alignnone  wp-image-7466\" src=\"https:\/\/valasskemezirici.casd.cz\/wp-content\/uploads\/2023\/01\/IMG_20230114_105919-scaled.jpg\" alt=\"\" width=\"600\" height=\"800\" srcset=\"https:\/\/valasskemezirici.casd.cz\/wp-content\/uploads\/2023\/01\/IMG_20230114_105919-scaled.jpg 1920w, https:\/\/valasskemezirici.casd.cz\/wp-content\/uploads\/2023\/01\/IMG_20230114_105919-225x300.jpg 225w, https:\/\/valasskemezirici.casd.cz\/wp-content\/uploads\/2023\/01\/IMG_20230114_105919-768x1024.jpg 768w, https:\/\/valasskemezirici.casd.cz\/wp-content\/uploads\/2023\/01\/IMG_20230114_105919-1152x1536.jpg 1152w, https:\/\/valasskemezirici.casd.cz\/wp-content\/uploads\/2023\/01\/IMG_20230114_105919-1536x2048.jpg 1536w\" sizes=\"auto, (max-width: 600px) 100vw, 600px\" \/> <img loading=\"lazy\" decoding=\"async\" class=\"alignnone  wp-image-7467\" src=\"https:\/\/valasskemezirici.casd.cz\/wp-content\/uploads\/2023\/01\/IMG_20230114_110442-scaled.jpg\" alt=\"\" width=\"604\" height=\"805\" srcset=\"https:\/\/valasskemezirici.casd.cz\/wp-content\/uploads\/2023\/01\/IMG_20230114_110442-scaled.jpg 1920w, https:\/\/valasskemezirici.casd.cz\/wp-content\/uploads\/2023\/01\/IMG_20230114_110442-225x300.jpg 225w, https:\/\/valasskemezirici.casd.cz\/wp-content\/uploads\/2023\/01\/IMG_20230114_110442-768x1024.jpg 768w, https:\/\/valasskemezirici.casd.cz\/wp-content\/uploads\/2023\/01\/IMG_20230114_110442-1152x1536.jpg 1152w, https:\/\/valasskemezirici.casd.cz\/wp-content\/uploads\/2023\/01\/IMG_20230114_110442-1536x2048.jpg 1536w\" sizes=\"auto, (max-width: 604px) 100vw, 604px\" \/><\/p>\n","protected":false},"excerpt":{"rendered":"<p>Dnes jsme pro\u017eili prvn\u00ed spole\u010dnou sobotu roku 2023 v&nbsp;na\u0161\u00ed modlitebn\u011b. Cestou do sboru n\u00e1s doprov\u00e1zelo skoro jarn\u00ed slun\u00ed\u010dko, jako by n\u00e1s cht\u011bla i p\u0159\u00edroda ujistit, \u017ee ten nov\u00fd rok bude radostn\u00fd a proz\u00e1\u0159en\u00fd Bo\u017e\u00ed p\u0159\u00edtomnost\u00ed.<\/p>\n","protected":false},"author":1,"featured_media":0,"comment_status":"closed","ping_status":"open","sticky":false,"template":"","format":"standard","meta":{"ngg_post_thumbnail":0,"footnotes":""},"categories":[1],"tags":[],"class_list":["post-7464","post","type-post","status-publish","format-standard","hentry","category-nezarazene"],"_links":{"self":[{"href":"https:\/\/valasskemezirici.casd.cz\/index.php?rest_route=\/wp\/v2\/posts\/7464","targetHints":{"allow":["GET"]}}],"collection":[{"href":"https:\/\/valasskemezirici.casd.cz\/index.php?rest_route=\/wp\/v2\/posts"}],"about":[{"href":"https:\/\/valasskemezirici.casd.cz\/index.php?rest_route=\/wp\/v2\/types\/post"}],"author":[{"embeddable":true,"href":"https:\/\/valasskemezirici.casd.cz\/index.php?rest_route=\/wp\/v2\/users\/1"}],"replies":[{"embeddable":true,"href":"https:\/\/valasskemezirici.casd.cz\/index.php?rest_route=%2Fwp%2Fv2%2Fcomments&post=7464"}],"version-history":[{"count":1,"href":"https:\/\/valasskemezirici.casd.cz\/index.php?rest_route=\/wp\/v2\/posts\/7464\/revisions"}],"predecessor-version":[{"id":7468,"href":"https:\/\/valasskemezirici.casd.cz\/index.php?rest_route=\/wp\/v2\/posts\/7464\/revisions\/7468"}],"wp:attachment":[{"href":"https:\/\/valasskemezirici.casd.cz\/index.php?rest_route=%2Fwp%2Fv2%2Fmedia&parent=7464"}],"wp:term":[{"taxonomy":"category","embeddable":true,"href":"https:\/\/valasskemezirici.casd.cz\/index.php?rest_route=%2Fwp%2Fv2%2Fcategories&post=7464"},{"taxonomy":"post_tag","embeddable":true,"href":"https:\/\/valasskemezirici.casd.cz\/index.php?rest_route=%2Fwp%2Fv2%2Ftags&post=7464"}],"curies":[{"name":"wp","href":"https:\/\/api.w.org\/{rel}","templated":true}]}}