{"id":7472,"date":"2023-01-14T22:49:56","date_gmt":"2023-01-14T21:49:56","guid":{"rendered":"https:\/\/valasskemezirici.casd.cz\/?p=7472"},"modified":"2023-01-14T22:49:56","modified_gmt":"2023-01-14T21:49:56","slug":"novorocni-posezeni-3","status":"publish","type":"post","link":"https:\/\/valasskemezirici.casd.cz\/?p=7472","title":{"rendered":"Novoro\u010dn\u00ed posezen\u00ed"},"content":{"rendered":"<p style=\"text-align: justify;\">Kr\u00e1snou tradic\u00ed na\u0161eho sboru se stala novoro\u010dn\u00ed bes\u00eddka d\u011bt\u00ed. L\u00e9ta b\u011b\u017e\u00ed, d\u011bti odr\u016fstaj\u00ed nebo odch\u00e1zej\u00ed, tak co s&nbsp;t\u00edm? Ka\u017ed\u00fd probl\u00e9m m\u00e1 \u0159e\u0161en\u00ed, kdy\u017e ho sv\u011b\u0159\u00edme P\u00e1nu. A tak se zrodilo \u201eNovoro\u010dn\u00ed posezen\u00ed\u201c, na kter\u00e9m krom\u011b ml\u00e1de\u017ee vystoupila tak\u00e9 ml\u00e1de\u017e pokro\u010dil\u00e1.<\/p>\n<p style=\"text-align: justify;\">Dne\u0161n\u00ed sobotu po kr\u00e1tk\u00e9m ob\u010derstven\u00ed u spole\u010dn\u00e9ho stolu jsme se p\u0159esunuli zp\u011bt do modlitebny, abychom spole\u010dn\u011b zavzpom\u00ednali na to, co n\u00e1m p\u0159inesl minul\u00fd rok, jak\u00e1 po\u017eehn\u00e1n\u00ed jsme p\u0159ijali z&nbsp;rukou na\u0161eho dobr\u00e9ho P\u00e1na, pod\u011bkovali slovem i p\u00edsn\u00ed a vyprosili si po\u017eehn\u00e1n\u00ed pro rok nov\u00fd.<\/p>\n<p><!--more--><\/p>\n<p style=\"text-align: justify;\">V&nbsp;\u00favodu na\u0161eho setk\u00e1n\u00ed v&nbsp;re\u017eii sestry Ivy Ch\u00e1rov\u00e9 jsme shl\u00e9dli video z&nbsp;fotografi\u00ed po\u0159\u00edzen\u00fdch na akc\u00edch, setk\u00e1n\u00edch a v\u00fdletech minul\u00e9ho roku. Je s&nbsp;podivem, jak moc ud\u00e1lost\u00ed jsme pro\u017eili. Nejv\u00edce z\u00e1b\u011br\u016f bylo bezpochyby ze spole\u010dn\u00fdch agap\u00e9. A to je dob\u0159e \u2013 spole\u010dn\u00fd st\u016fl sjednocuje. Obraz doprov\u00e1zen\u00fd tematicky volenou hudbou n\u00e1sledn\u011b vyst\u0159\u00eddalo slovo mluven\u00e9. Kazatel Hynek Dona n\u00e1m&nbsp; p\u0159ednesl kr\u00e1tk\u00e9 zamy\u0161len\u00ed, jeho hlavn\u00ed my\u0161lenkou byla nutnost \u017e\u00edt s&nbsp;P\u00e1nem Je\u017e\u00ed\u0161em. Ne vedle N\u011bho, ale s&nbsp;N\u00edm. M\u00edt Bo\u017e\u00ed slovo jako de\u0161tn\u00edk proti h\u0159\u00edchu, zlu, svod\u016fm. A tak vykro\u010dme do nov\u00e9ho roku v\u0161ichni spole\u010dn\u011b a s&nbsp;P\u00e1nem.<\/p>\n<p><img loading=\"lazy\" decoding=\"async\" class=\"alignnone  wp-image-7473\" src=\"https:\/\/valasskemezirici.casd.cz\/wp-content\/uploads\/2023\/01\/IMG_20230114_130741-scaled.jpg\" alt=\"\" width=\"587\" height=\"783\" srcset=\"https:\/\/valasskemezirici.casd.cz\/wp-content\/uploads\/2023\/01\/IMG_20230114_130741-scaled.jpg 1920w, https:\/\/valasskemezirici.casd.cz\/wp-content\/uploads\/2023\/01\/IMG_20230114_130741-225x300.jpg 225w, https:\/\/valasskemezirici.casd.cz\/wp-content\/uploads\/2023\/01\/IMG_20230114_130741-768x1024.jpg 768w, https:\/\/valasskemezirici.casd.cz\/wp-content\/uploads\/2023\/01\/IMG_20230114_130741-1152x1536.jpg 1152w, https:\/\/valasskemezirici.casd.cz\/wp-content\/uploads\/2023\/01\/IMG_20230114_130741-1536x2048.jpg 1536w\" sizes=\"auto, (max-width: 587px) 100vw, 587px\" \/><\/p>\n<p style=\"text-align: justify;\">V&nbsp;na\u0161em spole\u010denstv\u00ed je \u0159ada hudebn\u011b nadan\u00fdch \u010dlen\u016f. T\u00edm, kter\u00fd se neboj\u00ed ani skl\u00e1d\u00e1n\u00ed hudby, ani jej\u00edho otextov\u00e1n\u00ed, je bratra Franta Tomanec. Jeho p\u00edsn\u011b jsou roz\u0161\u00ed\u0159eny po \u0161irok\u00e9m i bl\u00edzk\u00e9m okol\u00ed, a nejedna se stala \u201elidovkou\u201c, kterou znaj\u00ed ve v\u0161ech sborech nap\u0159\u00ed\u010d na\u0161\u00ed republikou, jen u\u017e nikdo nev\u00ed, \u017ee je pr\u00e1v\u011b z&nbsp;pera bratra Franty. P\u00edsn\u011b jsou bu\u010f oslavn\u00e9, nebo provokuj\u00edc\u00ed k&nbsp;polep\u0161en\u00ed se a je\u0161t\u011b v\u011bt\u0161\u00edmu odevzd\u00e1n\u00ed se Bohu. Co\u017e ne v\u017edy r\u00e1di sly\u0161\u00edme, ale nakonec stejn\u011b v\u017edy uzn\u00e1me, \u017ee pr\u00e1v\u011b tato slova jsme pot\u0159ebovali sly\u0161et, abychom se posunuli zase kousek d\u00e1l. Pro dne\u0161n\u00ed posezen\u00ed vybral p\u00edse\u0148 \u201eSl\u00e1va, \u00f3 sl\u00e1va\u201c. A abychom si ji pat\u0159i\u010dn\u011b u\u017eili, byli jsme vyzv\u00e1ni ke spole\u010dn\u00e9mu zp\u011bvu.<\/p>\n<p><img loading=\"lazy\" decoding=\"async\" class=\"alignnone  wp-image-7474\" src=\"https:\/\/valasskemezirici.casd.cz\/wp-content\/uploads\/2023\/01\/IMG_20230114_132329-scaled.jpg\" alt=\"\" width=\"591\" height=\"788\" srcset=\"https:\/\/valasskemezirici.casd.cz\/wp-content\/uploads\/2023\/01\/IMG_20230114_132329-scaled.jpg 1920w, https:\/\/valasskemezirici.casd.cz\/wp-content\/uploads\/2023\/01\/IMG_20230114_132329-225x300.jpg 225w, https:\/\/valasskemezirici.casd.cz\/wp-content\/uploads\/2023\/01\/IMG_20230114_132329-768x1024.jpg 768w, https:\/\/valasskemezirici.casd.cz\/wp-content\/uploads\/2023\/01\/IMG_20230114_132329-1152x1536.jpg 1152w, https:\/\/valasskemezirici.casd.cz\/wp-content\/uploads\/2023\/01\/IMG_20230114_132329-1536x2048.jpg 1536w\" sizes=\"auto, (max-width: 591px) 100vw, 591px\" \/><\/p>\n<p style=\"text-align: justify;\">I slovem se d\u00e1 P\u00e1n chv\u00e1lit, a tak n\u00e1m sestra Kv\u011bta Ty\u0161erov\u00e1 p\u0159e\u010detla jeden p\u0159\u00edb\u011bh z&nbsp;knihy \u201eU\u0161pin\u011bn\u00e1 sl\u00e1va\u201c. Korespondoval s&nbsp;t\u00e9matem dne\u0161n\u00edho k\u00e1z\u00e1n\u00ed. Poslechli jsme si, jak se zm\u011bnil \u017eivot jednoho bezdomovce, alkoholika a zap\u0159\u00eds\u00e1hl\u00e9ho odp\u016frce Kristovc\u016f.<\/p>\n<p><img loading=\"lazy\" decoding=\"async\" class=\"alignnone  wp-image-7475\" src=\"https:\/\/valasskemezirici.casd.cz\/wp-content\/uploads\/2023\/01\/IMG_20230114_132901-scaled.jpg\" alt=\"\" width=\"601\" height=\"801\" srcset=\"https:\/\/valasskemezirici.casd.cz\/wp-content\/uploads\/2023\/01\/IMG_20230114_132901-scaled.jpg 1920w, https:\/\/valasskemezirici.casd.cz\/wp-content\/uploads\/2023\/01\/IMG_20230114_132901-225x300.jpg 225w, https:\/\/valasskemezirici.casd.cz\/wp-content\/uploads\/2023\/01\/IMG_20230114_132901-768x1024.jpg 768w, https:\/\/valasskemezirici.casd.cz\/wp-content\/uploads\/2023\/01\/IMG_20230114_132901-1152x1536.jpg 1152w, https:\/\/valasskemezirici.casd.cz\/wp-content\/uploads\/2023\/01\/IMG_20230114_132901-1536x2048.jpg 1536w\" sizes=\"auto, (max-width: 601px) 100vw, 601px\" \/><\/p>\n<p style=\"text-align: justify;\">Dal\u0161\u00edm bodem programu bylo druh\u00e9 video sestry Ivy dokumentuj\u00edc\u00ed kazatele, kte\u0159\u00ed pro\u0161li na\u0161\u00edm sbore\u010dkem v&nbsp;lo\u0148sk\u00e9m roce. Ohl\u00e9dli jsme se za t\u011bmi, kte\u0159\u00ed do\u010dasn\u011b ode\u0161li k&nbsp;P\u00e1nu, kte\u0159\u00ed n\u00e1m velmi chyb\u00ed, ale up\u00edn\u00e1me se k&nbsp;nad\u011bji na vzk\u0159\u00ed\u0161en\u00ed a t\u011b\u0161\u00edme se na op\u011btovn\u00e9 setk\u00e1n\u00ed s&nbsp;nimi. Ned\u00edlnou sou\u010d\u00e1st\u00ed na\u0161ich spole\u010dn\u00fdch aktivit jsou i v\u00fd\u0161lapy nejr\u016fzn\u011bj\u0161\u00edho druhu. I na ty jsme zavzpom\u00ednali.<\/p>\n<p style=\"text-align: justify;\">Sou\u010d\u00e1st\u00ed na\u0161eho sboru jsou dv\u011b \u017eeny z&nbsp;Ukrajiny, kter\u00e9 u n\u00e1s na\u0161ly sv\u016fj nov\u00fd do\u010dasn\u00fd domov. Tak\u00e9 ony se p\u0159ipojily k&nbsp;programu a zazp\u00edvaly n\u00e1m jednu n\u00e1dhernou ukrajinskou chv\u00e1lu. A my v\u0161ichni, kte\u0159\u00ed jsme&nbsp; zoceleni komunistick\u00fdm \u0161kolstv\u00edm a v\u00fdukou rusk\u00e9ho jazyka jsme dnes ocenili, jak dob\u0159e jsme se z\u0159ejm\u011b u\u010dili, proto\u017ee azbuka n\u00e1m v&nbsp;hlav\u00e1ch v\u00edce \u010di m\u00e9n\u011b z\u016fstala, a my jsme se mohli ke kr\u00e1sn\u00e9 p\u00edsni\u010dce tak\u00e9 p\u0159ipojit. Byla to velmi siln\u00e1 a dojemn\u00e1 chv\u00edle. D\u00edky Pane za ni.<\/p>\n<p><img loading=\"lazy\" decoding=\"async\" class=\"alignnone  wp-image-7476\" src=\"https:\/\/valasskemezirici.casd.cz\/wp-content\/uploads\/2023\/01\/IMG_20230114_122420-scaled.jpg\" alt=\"\" width=\"631\" height=\"473\" srcset=\"https:\/\/valasskemezirici.casd.cz\/wp-content\/uploads\/2023\/01\/IMG_20230114_122420-scaled.jpg 2560w, https:\/\/valasskemezirici.casd.cz\/wp-content\/uploads\/2023\/01\/IMG_20230114_122420-300x225.jpg 300w, https:\/\/valasskemezirici.casd.cz\/wp-content\/uploads\/2023\/01\/IMG_20230114_122420-1024x768.jpg 1024w, https:\/\/valasskemezirici.casd.cz\/wp-content\/uploads\/2023\/01\/IMG_20230114_122420-768x576.jpg 768w, https:\/\/valasskemezirici.casd.cz\/wp-content\/uploads\/2023\/01\/IMG_20230114_122420-1536x1152.jpg 1536w, https:\/\/valasskemezirici.casd.cz\/wp-content\/uploads\/2023\/01\/IMG_20230114_122420-2048x1536.jpg 2048w\" sizes=\"auto, (max-width: 631px) 100vw, 631px\" \/><\/p>\n<p style=\"text-align: justify;\">Nez\u016fstali jsme ochuzeni ani o hudebn\u00ed p\u0159ednes. Jind\u0159i\u0161ka Mro\u010dkov\u00e1 n\u00e1m zahr\u00e1la skladbu na housle, a t\u00edm uvedla kr\u00e1sn\u00e9 novoro\u010dn\u00ed zamy\u0161len\u00ed sestry Sva\u0165ky Bal\u00e1\u017eov\u00e9. Posledn\u00edm vystoupen\u00edm n\u00e1s pot\u011b\u0161ila Ad\u00e9lka Vr\u00e1blov\u00e1 a Dalibor Pimek, kte\u0159\u00ed si pro n\u00e1s p\u0159ipravili 2 skladby na violoncello.<\/p>\n<p><img loading=\"lazy\" decoding=\"async\" class=\"alignnone  wp-image-7477\" src=\"https:\/\/valasskemezirici.casd.cz\/wp-content\/uploads\/2023\/01\/IMG_20230114_135400-scaled.jpg\" alt=\"\" width=\"630\" height=\"473\" srcset=\"https:\/\/valasskemezirici.casd.cz\/wp-content\/uploads\/2023\/01\/IMG_20230114_135400-scaled.jpg 2560w, https:\/\/valasskemezirici.casd.cz\/wp-content\/uploads\/2023\/01\/IMG_20230114_135400-300x225.jpg 300w, https:\/\/valasskemezirici.casd.cz\/wp-content\/uploads\/2023\/01\/IMG_20230114_135400-1024x768.jpg 1024w, https:\/\/valasskemezirici.casd.cz\/wp-content\/uploads\/2023\/01\/IMG_20230114_135400-768x576.jpg 768w, https:\/\/valasskemezirici.casd.cz\/wp-content\/uploads\/2023\/01\/IMG_20230114_135400-1536x1152.jpg 1536w, https:\/\/valasskemezirici.casd.cz\/wp-content\/uploads\/2023\/01\/IMG_20230114_135400-2048x1536.jpg 2048w\" sizes=\"auto, (max-width: 630px) 100vw, 630px\" \/><\/p>\n<p><img loading=\"lazy\" decoding=\"async\" class=\"alignnone  wp-image-7478\" src=\"https:\/\/valasskemezirici.casd.cz\/wp-content\/uploads\/2023\/01\/IMG_20230114_135617-scaled.jpg\" alt=\"\" width=\"632\" height=\"843\" srcset=\"https:\/\/valasskemezirici.casd.cz\/wp-content\/uploads\/2023\/01\/IMG_20230114_135617-scaled.jpg 1920w, https:\/\/valasskemezirici.casd.cz\/wp-content\/uploads\/2023\/01\/IMG_20230114_135617-225x300.jpg 225w, https:\/\/valasskemezirici.casd.cz\/wp-content\/uploads\/2023\/01\/IMG_20230114_135617-768x1024.jpg 768w, https:\/\/valasskemezirici.casd.cz\/wp-content\/uploads\/2023\/01\/IMG_20230114_135617-1152x1536.jpg 1152w, https:\/\/valasskemezirici.casd.cz\/wp-content\/uploads\/2023\/01\/IMG_20230114_135617-1536x2048.jpg 1536w\" sizes=\"auto, (max-width: 632px) 100vw, 632px\" \/><\/p>\n<p><img loading=\"lazy\" decoding=\"async\" class=\"alignnone  wp-image-7479\" src=\"https:\/\/valasskemezirici.casd.cz\/wp-content\/uploads\/2023\/01\/IMG_20230114_135856-scaled.jpg\" alt=\"\" width=\"637\" height=\"478\" srcset=\"https:\/\/valasskemezirici.casd.cz\/wp-content\/uploads\/2023\/01\/IMG_20230114_135856-scaled.jpg 2560w, https:\/\/valasskemezirici.casd.cz\/wp-content\/uploads\/2023\/01\/IMG_20230114_135856-300x225.jpg 300w, https:\/\/valasskemezirici.casd.cz\/wp-content\/uploads\/2023\/01\/IMG_20230114_135856-1024x768.jpg 1024w, https:\/\/valasskemezirici.casd.cz\/wp-content\/uploads\/2023\/01\/IMG_20230114_135856-768x576.jpg 768w, https:\/\/valasskemezirici.casd.cz\/wp-content\/uploads\/2023\/01\/IMG_20230114_135856-1536x1152.jpg 1536w, https:\/\/valasskemezirici.casd.cz\/wp-content\/uploads\/2023\/01\/IMG_20230114_135856-2048x1536.jpg 2048w\" sizes=\"auto, (max-width: 637px) 100vw, 637px\" \/><\/p>\n<p style=\"text-align: justify;\">Zakon\u010den\u00ed novoro\u010dn\u00edho posezen\u00ed bylo v&nbsp;rukou na\u0161eho kazatele Hynka. V&nbsp;modlitb\u011b pod\u011bkoval je\u0161t\u011b jednou za v\u0161echna po\u017eehn\u00e1n\u00ed, kter\u00fdch se n\u00e1m dostalo, a vyprosil pro n\u00e1s&nbsp; po\u017eehn\u00e1n\u00ed, za kter\u00e9 jsme velmi r\u00e1di. A tak jako ka\u017ed\u00fdm rokem, i letos byla bes\u00eddka ukon\u010dena rozd\u00e1v\u00e1n\u00edm novoro\u010dn\u00edch ver\u0161\u00edk\u016f. P\u00e1n vedl na\u0161i ruku p\u0159i v\u00fdb\u011bru, a ka\u017ed\u00fd si p\u0159e\u010detl p\u0159esn\u011b to, co pot\u0159eboval pro dan\u00fd \u010das sly\u0161et.<\/p>\n<p style=\"text-align: justify;\">Na\u0161e netradi\u010dn\u00ed novoro\u010dn\u00ed posezen\u00ed bylo op\u011bt po\u017eehnan\u00e9, pln\u00e9 radosti, slz dojet\u00ed a vz\u00e1jemn\u00e9 l\u00e1sky. Chceme Ti Pane d\u011bkovat za Tvou p\u0159\u00edtomnost, veden\u00ed a v\u0161echny na\u0161e budouc\u00ed cesty chceme op\u011bt sv\u011b\u0159it Tob\u011b. Bu\u010f na\u0161\u00edm sv\u011btlem ve chv\u00edl\u00edch dobr\u00fdch i hor\u0161\u00edch. Amen.<\/p>\n","protected":false},"excerpt":{"rendered":"<p>Kr\u00e1snou tradic\u00ed na\u0161eho sboru se stala novoro\u010dn\u00ed bes\u00eddka d\u011bt\u00ed. L\u00e9ta b\u011b\u017e\u00ed, d\u011bti odr\u016fstaj\u00ed nebo odch\u00e1zej\u00ed, tak co s&nbsp;t\u00edm? Ka\u017ed\u00fd probl\u00e9m m\u00e1 \u0159e\u0161en\u00ed, kdy\u017e ho sv\u011b\u0159\u00edme P\u00e1nu. A tak se zrodilo \u201eNovoro\u010dn\u00ed posezen\u00ed\u201c, na kter\u00e9m krom\u011b ml\u00e1de\u017ee vystoupila tak\u00e9 ml\u00e1de\u017e pokro\u010dil\u00e1. Dne\u0161n\u00ed sobotu po kr\u00e1tk\u00e9m ob\u010derstven\u00ed u spole\u010dn\u00e9ho stolu jsme se p\u0159esunuli zp\u011bt do modlitebny, abychom [&hellip;]<\/p>\n","protected":false},"author":1,"featured_media":0,"comment_status":"closed","ping_status":"open","sticky":false,"template":"","format":"standard","meta":{"ngg_post_thumbnail":0,"footnotes":""},"categories":[1],"tags":[],"class_list":["post-7472","post","type-post","status-publish","format-standard","hentry","category-nezarazene"],"_links":{"self":[{"href":"https:\/\/valasskemezirici.casd.cz\/index.php?rest_route=\/wp\/v2\/posts\/7472","targetHints":{"allow":["GET"]}}],"collection":[{"href":"https:\/\/valasskemezirici.casd.cz\/index.php?rest_route=\/wp\/v2\/posts"}],"about":[{"href":"https:\/\/valasskemezirici.casd.cz\/index.php?rest_route=\/wp\/v2\/types\/post"}],"author":[{"embeddable":true,"href":"https:\/\/valasskemezirici.casd.cz\/index.php?rest_route=\/wp\/v2\/users\/1"}],"replies":[{"embeddable":true,"href":"https:\/\/valasskemezirici.casd.cz\/index.php?rest_route=%2Fwp%2Fv2%2Fcomments&post=7472"}],"version-history":[{"count":1,"href":"https:\/\/valasskemezirici.casd.cz\/index.php?rest_route=\/wp\/v2\/posts\/7472\/revisions"}],"predecessor-version":[{"id":7480,"href":"https:\/\/valasskemezirici.casd.cz\/index.php?rest_route=\/wp\/v2\/posts\/7472\/revisions\/7480"}],"wp:attachment":[{"href":"https:\/\/valasskemezirici.casd.cz\/index.php?rest_route=%2Fwp%2Fv2%2Fmedia&parent=7472"}],"wp:term":[{"taxonomy":"category","embeddable":true,"href":"https:\/\/valasskemezirici.casd.cz\/index.php?rest_route=%2Fwp%2Fv2%2Fcategories&post=7472"},{"taxonomy":"post_tag","embeddable":true,"href":"https:\/\/valasskemezirici.casd.cz\/index.php?rest_route=%2Fwp%2Fv2%2Ftags&post=7472"}],"curies":[{"name":"wp","href":"https:\/\/api.w.org\/{rel}","templated":true}]}}