{"id":7482,"date":"2023-01-14T22:53:32","date_gmt":"2023-01-14T21:53:32","guid":{"rendered":"https:\/\/valasskemezirici.casd.cz\/?p=7482"},"modified":"2023-01-15T19:53:03","modified_gmt":"2023-01-15T18:53:03","slug":"aliancni-shromazdeni-2023","status":"publish","type":"post","link":"https:\/\/valasskemezirici.casd.cz\/?p=7482","title":{"rendered":"Alian\u010dn\u00ed shrom\u00e1\u017ed\u011bn\u00ed 2023"},"content":{"rendered":"<h3><strong>\u00dater\u00fd 17.ledna 2023 v 17.30 hodin <\/strong><\/h3>\n<h3><strong>modlitebna c\u00edrkve Apo\u0161tolsk\u00e9, k\u00e1z\u00e1n\u00ed Hynek Dona<\/strong><\/h3>\n<p>&nbsp;<\/p>\n<h3><strong>\u00dater\u00fd 24.ledna 2023 v 17.30 hodin <\/strong><\/h3>\n<h3><strong>kostel c\u00edrkve \u0158\u00edmskokatolick\u00e9, k\u00e1z\u00e1n\u00ed Radek Palack\u00fd<\/strong><\/h3>\n<p>&nbsp;<\/p>\n<h3><strong>\u00dater\u00fd 31.ledna 2023 v 17.30 hodin <\/strong><\/h3>\n<h3><strong>kostel c\u00edrkve \u010ceskobratrsk\u00e9 evangelick\u00e9, k\u00e1z\u00e1n\u00ed Tom\u00e1\u0161 Galda<\/strong><\/h3>\n<p>&nbsp;<\/p>\n<h3><strong>\u00dater\u00fd 7.\u00fanora 2023 v 17.30 hodin <\/strong><\/h3>\n<h3><strong>modlitebna CASD, k\u00e1z\u00e1n\u00ed Pavel Stefan<\/strong><\/h3>\n","protected":false},"excerpt":{"rendered":"<p>\u00dater\u00fd 17.ledna 2023 v 17.30 hodin modlitebna c\u00edrkve Apo\u0161tolsk\u00e9, k\u00e1z\u00e1n\u00ed Hynek Dona &nbsp; \u00dater\u00fd 24.ledna 2023 v 17.30 hodin kostel c\u00edrkve \u0158\u00edmskokatolick\u00e9, k\u00e1z\u00e1n\u00ed Radek Palack\u00fd &nbsp; \u00dater\u00fd 31.ledna 2023 v 17.30 hodin kostel c\u00edrkve \u010ceskobratrsk\u00e9 evangelick\u00e9, k\u00e1z\u00e1n\u00ed Tom\u00e1\u0161 Galda &nbsp; \u00dater\u00fd 7.\u00fanora 2023 v 17.30 hodin modlitebna CASD, k\u00e1z\u00e1n\u00ed Pavel Stefan<\/p>\n","protected":false},"author":1,"featured_media":0,"comment_status":"closed","ping_status":"open","sticky":false,"template":"","format":"standard","meta":{"ngg_post_thumbnail":0,"footnotes":""},"categories":[1],"tags":[],"class_list":["post-7482","post","type-post","status-publish","format-standard","hentry","category-nezarazene"],"_links":{"self":[{"href":"https:\/\/valasskemezirici.casd.cz\/index.php?rest_route=\/wp\/v2\/posts\/7482","targetHints":{"allow":["GET"]}}],"collection":[{"href":"https:\/\/valasskemezirici.casd.cz\/index.php?rest_route=\/wp\/v2\/posts"}],"about":[{"href":"https:\/\/valasskemezirici.casd.cz\/index.php?rest_route=\/wp\/v2\/types\/post"}],"author":[{"embeddable":true,"href":"https:\/\/valasskemezirici.casd.cz\/index.php?rest_route=\/wp\/v2\/users\/1"}],"replies":[{"embeddable":true,"href":"https:\/\/valasskemezirici.casd.cz\/index.php?rest_route=%2Fwp%2Fv2%2Fcomments&post=7482"}],"version-history":[{"count":5,"href":"https:\/\/valasskemezirici.casd.cz\/index.php?rest_route=\/wp\/v2\/posts\/7482\/revisions"}],"predecessor-version":[{"id":7495,"href":"https:\/\/valasskemezirici.casd.cz\/index.php?rest_route=\/wp\/v2\/posts\/7482\/revisions\/7495"}],"wp:attachment":[{"href":"https:\/\/valasskemezirici.casd.cz\/index.php?rest_route=%2Fwp%2Fv2%2Fmedia&parent=7482"}],"wp:term":[{"taxonomy":"category","embeddable":true,"href":"https:\/\/valasskemezirici.casd.cz\/index.php?rest_route=%2Fwp%2Fv2%2Fcategories&post=7482"},{"taxonomy":"post_tag","embeddable":true,"href":"https:\/\/valasskemezirici.casd.cz\/index.php?rest_route=%2Fwp%2Fv2%2Ftags&post=7482"}],"curies":[{"name":"wp","href":"https:\/\/api.w.org\/{rel}","templated":true}]}}