{"id":7503,"date":"2023-01-23T19:02:27","date_gmt":"2023-01-23T18:02:27","guid":{"rendered":"https:\/\/valasskemezirici.casd.cz\/?p=7503"},"modified":"2023-01-23T19:08:20","modified_gmt":"2023-01-23T18:08:20","slug":"sobota-21-ledna-2023","status":"publish","type":"post","link":"https:\/\/valasskemezirici.casd.cz\/?p=7503","title":{"rendered":"Sobota 21.ledna 2023"},"content":{"rendered":"<p style=\"text-align: justify;\">P\u011bt minut, deset minut, patn\u00e1ct&#8230; D\u00e1vno m\u011bla bohoslu\u017eba za\u010d\u00edt, ale my st\u00e1le \u010dek\u00e1me. Pro\u010d? Barevn\u00e9 kv\u011bty primulek na z\u00e1honu, kter\u00e9 si bl\u00e1hov\u011b myslely, \u017ee je jaro, p\u0159ikryla vysok\u00e1 vrstva sn\u011bhu, a z&nbsp;nebe padaj\u00ed st\u00e1le nov\u00e9 a nov\u00e9 vlo\u010dky. Pro mnoh\u00e9 je dnes probl\u00e9m dopravit se do ValMezu. V\u010detn\u011b vedouc\u00edho sobotn\u00ed \u0161koly, kter\u00fd se musel nejprve v&nbsp;zasypan\u00e9 Vala\u0161sk\u00e9 Byst\u0159ici prokopat od domu k&nbsp;silnici a pot\u00e9 bezpe\u010dn\u011b zdolat kluzkou silnici. Nakonec se v\u0161e zda\u0159ilo a bohoslu\u017eba mohla za\u010d\u00edt s&nbsp;obvykl\u00fdm po\u010dtem bratr\u016f a sester.<\/p>\n<p><!--more--><\/p>\n<p><img loading=\"lazy\" decoding=\"async\" class=\"alignnone  wp-image-7509\" src=\"https:\/\/valasskemezirici.casd.cz\/wp-content\/uploads\/2023\/01\/326988495_5982266851866641_4279235852856833443_n-1024x768.jpg\" alt=\"\" width=\"645\" height=\"484\" srcset=\"https:\/\/valasskemezirici.casd.cz\/wp-content\/uploads\/2023\/01\/326988495_5982266851866641_4279235852856833443_n-1024x768.jpg 1024w, https:\/\/valasskemezirici.casd.cz\/wp-content\/uploads\/2023\/01\/326988495_5982266851866641_4279235852856833443_n-300x225.jpg 300w, https:\/\/valasskemezirici.casd.cz\/wp-content\/uploads\/2023\/01\/326988495_5982266851866641_4279235852856833443_n-768x576.jpg 768w, https:\/\/valasskemezirici.casd.cz\/wp-content\/uploads\/2023\/01\/326988495_5982266851866641_4279235852856833443_n-1536x1152.jpg 1536w, https:\/\/valasskemezirici.casd.cz\/wp-content\/uploads\/2023\/01\/326988495_5982266851866641_4279235852856833443_n.jpg 2048w\" sizes=\"auto, (max-width: 645px) 100vw, 645px\" \/><\/p>\n<p style=\"text-align: justify;\">Sobotn\u00ed \u0161kolou n\u00e1s provedl Milo\u0161 Mro\u010dek. T\u00e9matem byly Des\u00e1tky, tedy v\u011bc n\u00e1m v\u0161em zn\u00e1m\u00e1.<\/p>\n<p style=\"text-align: justify;\">B\u016fh si n\u00e1rokuje pro sebe cel\u00e9 lidsk\u00e9 srdce, z na\u0161eho \u010dasu si B\u016fh vyhradil pro sebe jednu sedminu a z materi\u00e1ln\u00edch v\u011bc\u00ed jednu desetinu. Tato desetina se v Bibli i d\u011bjin\u00e1ch naz\u00fdvala des\u00e1tek. Je to \u010d\u00e1st na\u0161eho p\u0159\u00edjmu, kterou vrac\u00edme Bohu. Ch\u00e1peme, \u017ee v\u0161e, co m\u00e1me, pat\u0159\u00ed v prvn\u00ed \u0159ad\u011b Bohu. Des\u00e1tky jsou sv\u011bdectv\u00edm na\u0161\u00ed k\u0159es\u0165ansk\u00e9 oddanosti. Na\u0161e v\u00edra v Boha se projev\u00ed t\u00edm, \u017ee mu d\u00e1m to, co mu n\u00e1le\u017e\u00ed, jako prvn\u00edmu \u2013 s d\u016fv\u011brou, \u017ee se o m\u011b postar\u00e1 s t\u00edm, co mi z\u016fstane.<\/p>\n<p style=\"text-align: justify;\">Princip placen\u00ed des\u00e1tk\u016f vznikl d\u0159\u00edve, ne\u017e byli ustanoveni L\u00e9viovci, a je na nich nez\u00e1visl\u00fd. Des\u00e1tky se tedy nevztahuj\u00ed jen na Izraelce a nemaj\u00ed sv\u016fj p\u016fvod na Sinaji. Des\u00e1tky maj\u00ed podporovat slu\u017ebu evangelia. A proto maj\u00ed b\u00fdt pot\u0159eby kazatel\u016f a evangelist\u016f placeny z Bo\u017e\u00edho des\u00e1tku.<\/p>\n<p style=\"text-align: justify;\">Hospoda\u0159it pro Boha je nejen jedine\u010dn\u00e1 v\u00fdsada, ale tak\u00e9 obrovsk\u00e1 zodpov\u011bdnost. B\u016fh n\u00e1m \u017eehn\u00e1 a zachov\u00e1v\u00e1 n\u00e1s. A \u017e\u00e1d\u00e1 od n\u00e1s jen desetinu z toho, co z jeho milosti z\u00edsk\u00e1v\u00e1me. Potom B\u016fh pou\u017e\u00edv\u00e1 sv\u016fj des\u00e1tek, aby se postaral o ty, kdo konaj\u00ed slu\u017ebu evangelia, podobn\u011b jako to d\u011blal pro kmen L\u00e9vi v dob\u00e1ch starov\u011bk\u00e9ho Izraele.<\/p>\n<p style=\"text-align: justify;\">K\u00e1zan\u00ed z&nbsp;Bo\u017e\u00edho slova m\u011bl dnes na starosti bratr, kter\u00fd se za kazatelnou nevyskytuje zase tak \u010dasto. D\u016fvodem je jeho p\u0159epe\u010dliv\u00e1 p\u0159\u00edprava, d\u00edky kter\u00e9 v\u011bnuje k\u00e1z\u00e1n\u00ed del\u0161\u00ed \u010das. O to kvalitn\u011bj\u0161\u00ed ov\u0161em potom je, co\u017e n\u00e1m dok\u00e1zal i dnes.<\/p>\n<p style=\"text-align: justify;\">Sv\u00e9 zamy\u0161len\u00ed zah\u00e1jil Jan Wagner ze sboru Kate\u0159inice cit\u00e1tem: \u201eNemluv, pokud tvoje slova nejsou lep\u0161\u00ed ne\u017e ticho.\u201c A hned n\u00e1sledovala parafr\u00e1ze: \u201eSkute\u010dnou svobodu a pokoj v&nbsp;tomto \u017eivot\u011b z\u00edsk\u00e1me jen tehdy, pokud se nau\u010d\u00edme s&nbsp;pokorou p\u0159ij\u00edmat v\u0161echny okolnosti, kter\u00e9 nejsme schopni ovlivnit, a to i ty negativn\u00ed.\u201c Op\u00edrali jsme se d\u00e1le o biblick\u00fd text Skutky 16, 6.-25. Je dobr\u00e9 dodr\u017eovat t\u0159i pravidla: 1) b\u00fdt odpov\u011bdn\u00fd s\u00e1m za sebe = nemluvit jin\u00fdm do \u017eivota, 2) v\u0161echno je tak, jak m\u00e1&nbsp; b\u00fdt = nesna\u017eit se ovliv\u0148ovat to, co ovlivnit nedok\u00e1\u017eu, 3) p\u0159ij\u00edmat v\u0161e tak, jak to je. D\u016fle\u017eit\u00e1 je pokorn\u00e1 d\u016fv\u011bra, \u017ee B\u016fh m\u00e1 v\u0161echno pod kontrolou, i kdy\u017e mimo na\u0161i kontrolu. Nezasahujme do jeho \u0159\u00edzen\u00ed. V\u0161echny probl\u00e9my pravideln\u011b odevzd\u00e1vejme Bohu. Pak nem\u00e1me probl\u00e9m p\u0159ij\u00edmat Bo\u017e\u00ed \u0159\u00edzen\u00ed. Proto\u017ee bez odevzd\u00e1n\u00ed nen\u00ed p\u0159ijet\u00ed.&nbsp;<\/p>\n<p style=\"text-align: justify;\">V&nbsp;p\u0159\u00edb\u011bhu Petr 5,7. d\u011blaj\u00ed Petr a Silas to, co po nich B\u016fh chce. A i kdy\u017e se dostanou do sv\u00edzeln\u00e9 situace, z\u016fstanou klidn\u00ed a v\u011b\u0159\u00ed v&nbsp;Bo\u017e\u00ed \u0159e\u0161en\u00ed.<\/p>\n<p style=\"text-align: justify;\">Audio z\u00e1znam k\u00e1z\u00e1n\u00ed najdete na na\u0161em webu.<\/p>\n<p style=\"text-align: justify;\">Na\u0161e p\u0159\u00ed\u0161t\u00ed setk\u00e1n\u00ed se neuskute\u010dn\u00ed v&nbsp;sobotu, ale u\u017e v&nbsp;\u00fater\u00fd p\u0159i dal\u0161\u00edm alian\u010dn\u00edm setk\u00e1n\u00ed, tentokr\u00e1t v&nbsp;katolick\u00e9m kostele.<\/p>\n<p><img loading=\"lazy\" decoding=\"async\" class=\"alignnone  wp-image-7510\" src=\"https:\/\/valasskemezirici.casd.cz\/wp-content\/uploads\/2023\/01\/327262139_3454340484785090_6310119032755096452_n-768x1024.jpg\" alt=\"\" width=\"635\" height=\"847\" srcset=\"https:\/\/valasskemezirici.casd.cz\/wp-content\/uploads\/2023\/01\/327262139_3454340484785090_6310119032755096452_n-768x1024.jpg 768w, https:\/\/valasskemezirici.casd.cz\/wp-content\/uploads\/2023\/01\/327262139_3454340484785090_6310119032755096452_n-225x300.jpg 225w, https:\/\/valasskemezirici.casd.cz\/wp-content\/uploads\/2023\/01\/327262139_3454340484785090_6310119032755096452_n-1152x1536.jpg 1152w, https:\/\/valasskemezirici.casd.cz\/wp-content\/uploads\/2023\/01\/327262139_3454340484785090_6310119032755096452_n.jpg 1536w\" sizes=\"auto, (max-width: 635px) 100vw, 635px\" \/><\/p>\n<p style=\"text-align: justify;\">&nbsp;<\/p>\n","protected":false},"excerpt":{"rendered":"<p>P\u011bt minut, deset minut, patn\u00e1ct&#8230; D\u00e1vno m\u011bla bohoslu\u017eba za\u010d\u00edt, ale my st\u00e1le \u010dek\u00e1me. Pro\u010d? Barevn\u00e9 kv\u011bty primulek na z\u00e1honu, kter\u00e9 si bl\u00e1hov\u011b myslely, \u017ee je jaro, p\u0159ikryla vysok\u00e1 vrstva sn\u011bhu, a z&nbsp;nebe padaj\u00ed st\u00e1le nov\u00e9 a nov\u00e9 vlo\u010dky. Pro mnoh\u00e9 je dnes probl\u00e9m dopravit se do ValMezu. V\u010detn\u011b vedouc\u00edho sobotn\u00ed \u0161koly, kter\u00fd se musel nejprve [&hellip;]<\/p>\n","protected":false},"author":1,"featured_media":0,"comment_status":"closed","ping_status":"open","sticky":false,"template":"","format":"standard","meta":{"ngg_post_thumbnail":0,"footnotes":""},"categories":[1],"tags":[],"class_list":["post-7503","post","type-post","status-publish","format-standard","hentry","category-nezarazene"],"_links":{"self":[{"href":"https:\/\/valasskemezirici.casd.cz\/index.php?rest_route=\/wp\/v2\/posts\/7503","targetHints":{"allow":["GET"]}}],"collection":[{"href":"https:\/\/valasskemezirici.casd.cz\/index.php?rest_route=\/wp\/v2\/posts"}],"about":[{"href":"https:\/\/valasskemezirici.casd.cz\/index.php?rest_route=\/wp\/v2\/types\/post"}],"author":[{"embeddable":true,"href":"https:\/\/valasskemezirici.casd.cz\/index.php?rest_route=\/wp\/v2\/users\/1"}],"replies":[{"embeddable":true,"href":"https:\/\/valasskemezirici.casd.cz\/index.php?rest_route=%2Fwp%2Fv2%2Fcomments&post=7503"}],"version-history":[{"count":3,"href":"https:\/\/valasskemezirici.casd.cz\/index.php?rest_route=\/wp\/v2\/posts\/7503\/revisions"}],"predecessor-version":[{"id":7511,"href":"https:\/\/valasskemezirici.casd.cz\/index.php?rest_route=\/wp\/v2\/posts\/7503\/revisions\/7511"}],"wp:attachment":[{"href":"https:\/\/valasskemezirici.casd.cz\/index.php?rest_route=%2Fwp%2Fv2%2Fmedia&parent=7503"}],"wp:term":[{"taxonomy":"category","embeddable":true,"href":"https:\/\/valasskemezirici.casd.cz\/index.php?rest_route=%2Fwp%2Fv2%2Fcategories&post=7503"},{"taxonomy":"post_tag","embeddable":true,"href":"https:\/\/valasskemezirici.casd.cz\/index.php?rest_route=%2Fwp%2Fv2%2Ftags&post=7503"}],"curies":[{"name":"wp","href":"https:\/\/api.w.org\/{rel}","templated":true}]}}