{"id":7512,"date":"2023-01-24T20:44:27","date_gmt":"2023-01-24T19:44:27","guid":{"rendered":"https:\/\/valasskemezirici.casd.cz\/?p=7512"},"modified":"2023-01-24T20:44:27","modified_gmt":"2023-01-24T19:44:27","slug":"1-aliancni-shromazdeni-17-ledna-2023","status":"publish","type":"post","link":"https:\/\/valasskemezirici.casd.cz\/?p=7512","title":{"rendered":"1.alian\u010dn\u00ed shrom\u00e1\u017ed\u011bn\u00ed &#8211; 17.ledna 2023"},"content":{"rendered":"<p style=\"text-align: justify;\">Alian\u010dn\u00ed 2023<\/p>\n<p style=\"text-align: justify;\">Za\u010d\u00e1tek nov\u00e9ho roku pat\u0159\u00ed ji\u017e opakovan\u011b alian\u010dn\u00edm shrom\u00e1\u017ed\u011bn\u00edm. V\u011bc na Vala\u0161sku je\u0161t\u011b p\u0159ed ned\u00e1vnou dobou naprosto nemo\u017en\u00e1. V\u011b\u0159\u00edc\u00ed ze v\u0161ech m\u00edstn\u00edch c\u00edrkevn\u00edch ohr\u00e1dek se bez ohledu na p\u0159\u00edslu\u0161nost sejdou postupn\u011b v&nbsp;jednotliv\u00fdch kostelech \u010di modlitebn\u00e1ch, aby d\u011bkovali, chv\u00e1lili a prosili. A\u010d se na\u0161e v\u011brouky v&nbsp;ur\u010dit\u00fdch bodech li\u0161\u00ed, v\u0161ichni m\u00e1me jednoho spole\u010dn\u00e9ho Otce. V\u0161ichni jsme Jeho d\u011bti, v\u0161ichni m\u00e1me stejnou nad\u011bji na spasen\u00ed. A tak jako jedna velk\u00e1 rodina used\u00e1me pravideln\u011b na p\u0159elomu ledna a \u00fanora svorn\u011b vedle sebe a slovem i p\u00edsn\u00ed chv\u00e1l\u00edme, d\u011bkujeme a pros\u00edme.<\/p>\n<p><!--more--><\/p>\n<p style=\"text-align: justify;\">Prvn\u00ed leto\u0161n\u00ed setk\u00e1n\u00ed se konalo v&nbsp;\u00fater\u00fd 17.ledna v&nbsp;modlitebn\u011b c\u00edrkve Apo\u0161tolsk\u00e9. Spousta aparatury a dv\u011b obrovsk\u00e1 prom\u00edtac\u00ed pl\u00e1tna d\u00e1vala tu\u0161it, \u017ee velk\u00fd prostor bude v\u011bnov\u00e1n zp\u011bvu. M\u00edstnost\u00ed p\u0159el\u00e9taly z&nbsp;jedn\u00e9 strany na druhou radostn\u00e9 pozdravy sourozenc\u016f&nbsp;Kristovy rodiny. P\u0159iv\u00edtal n\u00e1s \u201edom\u00e1c\u00ed\u201c pastor Tom\u00e1\u0161 Galda, mlad\u00fd mu\u017e s&nbsp;modern\u00edm \u00fa\u010desem a sympatick\u00fdm vzez\u0159en\u00edm. Zah\u00e1jil \u0161\u0148\u016fru alian\u010dn\u00edch setk\u00e1n\u00ed, na kter\u00e1 se v\u0161ichni moc t\u011b\u0161\u00edme. Chv\u00e1l\u00edc\u00ed skupinka n\u00e1s naladila na k\u00e1z\u00e1n\u00ed, kter\u00e9 pro n\u00e1s p\u0159ipravil kazatel c\u00edrkve Adventist\u016f sedm\u00e9ho dne Hynek Dona. Z\u00e1kladn\u00edm textem pro jeho \u00favahu byl \u017ealm 23. a novoz\u00e1konn\u00ed p\u0159\u00edb\u011bh o nasycen\u00ed davu pomoc\u00ed 5 chleb\u016f a 2 ryb. D\u00edky po\u017eehn\u00e1n\u00ed na\u0161eho P\u00e1na bylo nepatrn\u00fdm mno\u017estv\u00edm j\u00eddla nakrmeno mnoho lid\u00ed. Stejn\u011b tak na\u0161e nepatrn\u00e9 dary mohou b\u00fdt P\u00e1nem rozmno\u017eeny natolik, abychom mohli u\u010dinit velk\u00e9 v\u011bci a pomoci mnoh\u00fdm lidem.<\/p>\n<p style=\"text-align: justify;\">Modlitebn\u00ed chvilka tohoto setk\u00e1n\u00ed byla rozd\u011blena na 3 oblasti. Sklonili jsme se nejprve v&nbsp;prosb\u00e1ch za pot\u0159eby jednotliv\u00fdch c\u00edrkv\u00ed na\u0161eho m\u011bsta, n\u00e1sledn\u011b za moudrost p\u0159i volb\u011b budouc\u00edho prezidenta a pot\u0159et\u00ed jsme prosili za Ukrajinu, zemi neust\u00e1le su\u017eovanou v\u00e1lkou. Zvl\u00e1\u0161t\u011b posledn\u00ed \u010d\u00e1st t\u011bchto chvil byla velmi emotivn\u00ed, u\u017e kv\u016fli p\u0159\u00edtomnosti n\u011bkolika Ukrajinsk\u00fdch uprchl\u00edk\u016f, kte\u0159\u00ed na\u0161li pomoc a azyl d\u00edky na\u0161im c\u00edrkv\u00edm.<\/p>\n<p style=\"text-align: justify;\">Chv\u00e1l\u00edc\u00ed skupinka slo\u017een\u00e1 ze 3 sester a jednoho bratra n\u00e1s provedla n\u011bkolika kr\u00e1sn\u00fdmi p\u00edsn\u011bmi, kter\u00fdmi jsme ofici\u00e1ln\u00ed podve\u010der zakon\u010dili. Ne\u0161lo v\u0161ak jen o modlitby. Na\u0161e setk\u00e1n\u00ed m\u011blo i praktick\u00fd smysl \u2013 v\u0161ichni jsme se z\u00fa\u010dastnili dobrovoln\u00e9 sb\u00edrky na m\u00edstn\u00ed hospic. Tato sb\u00edrka bude pokra\u010dovat i na p\u0159\u00ed\u0161t\u00edch alian\u010dn\u00edch.<\/p>\n<p style=\"text-align: justify;\">Jak u\u017e je dobr\u00fdm zvykem, alian\u010dn\u00ed setk\u00e1n\u00ed bylo ukon\u010deno posezen\u00edm v&nbsp;m\u00edstn\u00ed kav\u00e1rni\u010dce. R\u016fznorod\u00e9 stole\u010dky, obr\u00e1zky z&nbsp;notov\u00e9ho pap\u00edru slo\u017een\u00e9ho do tvaru hv\u011bzdy, starobyl\u00e9 dve\u0159e p\u0159etvo\u0159en\u00e9 na v\u011b\u0161\u00e1ky a pohodln\u00e1 k\u0159es\u00edlka vytv\u00e1\u0159\u00ed velmi \u00fatulnou atmosf\u00e9ru. Zcela v&nbsp;rozporu s&nbsp;recesistn\u00ed cedul\u00ed z&nbsp;doby b\u00fdval\u00e9ho re\u017eimu \u201eNezam\u011bstnan\u00fdm vstup zak\u00e1z\u00e1n\u201c je zde umo\u017en\u011bno ka\u017ed\u00e9mu p\u0159\u00edchoz\u00edmu bez rozd\u00edlu pro\u017e\u00edt p\u0159\u00edjemn\u00e9 chv\u00edle, povypr\u00e1v\u011bt s&nbsp;p\u0159\u00e1teli, sd\u00edlet sv\u00e9 probl\u00e9my i radosti. A to jsme tak\u00e9 r\u00e1di ud\u011blali. Povzbuzeni mil\u00fdm setk\u00e1n\u00edm t\u011b\u0161\u00edme se na dal\u0161\u00ed alian\u010dn\u00ed.<\/p>\n<p><img loading=\"lazy\" decoding=\"async\" class=\"alignnone  wp-image-7514\" src=\"https:\/\/valasskemezirici.casd.cz\/wp-content\/uploads\/2023\/01\/326212628_555359379828296_632069663478209915_n-1-1024x768.jpg\" alt=\"\" width=\"644\" height=\"483\" srcset=\"https:\/\/valasskemezirici.casd.cz\/wp-content\/uploads\/2023\/01\/326212628_555359379828296_632069663478209915_n-1-1024x768.jpg 1024w, https:\/\/valasskemezirici.casd.cz\/wp-content\/uploads\/2023\/01\/326212628_555359379828296_632069663478209915_n-1-300x225.jpg 300w, https:\/\/valasskemezirici.casd.cz\/wp-content\/uploads\/2023\/01\/326212628_555359379828296_632069663478209915_n-1-768x576.jpg 768w, https:\/\/valasskemezirici.casd.cz\/wp-content\/uploads\/2023\/01\/326212628_555359379828296_632069663478209915_n-1-1536x1152.jpg 1536w, https:\/\/valasskemezirici.casd.cz\/wp-content\/uploads\/2023\/01\/326212628_555359379828296_632069663478209915_n-1.jpg 2048w\" sizes=\"auto, (max-width: 644px) 100vw, 644px\" \/><\/p>\n<p style=\"text-align: justify;\"><img loading=\"lazy\" decoding=\"async\" class=\"alignnone  wp-image-7513\" src=\"https:\/\/valasskemezirici.casd.cz\/wp-content\/uploads\/2023\/01\/326022549_3465180417099721_4266463572408351035_n-1-1024x768.jpg\" alt=\"\" width=\"640\" height=\"480\" srcset=\"https:\/\/valasskemezirici.casd.cz\/wp-content\/uploads\/2023\/01\/326022549_3465180417099721_4266463572408351035_n-1-1024x768.jpg 1024w, https:\/\/valasskemezirici.casd.cz\/wp-content\/uploads\/2023\/01\/326022549_3465180417099721_4266463572408351035_n-1-300x225.jpg 300w, https:\/\/valasskemezirici.casd.cz\/wp-content\/uploads\/2023\/01\/326022549_3465180417099721_4266463572408351035_n-1-768x576.jpg 768w, https:\/\/valasskemezirici.casd.cz\/wp-content\/uploads\/2023\/01\/326022549_3465180417099721_4266463572408351035_n-1-1536x1152.jpg 1536w, https:\/\/valasskemezirici.casd.cz\/wp-content\/uploads\/2023\/01\/326022549_3465180417099721_4266463572408351035_n-1.jpg 2048w\" sizes=\"auto, (max-width: 640px) 100vw, 640px\" \/> &nbsp;<\/p>\n<p><img loading=\"lazy\" decoding=\"async\" class=\"alignnone  wp-image-7515\" src=\"https:\/\/valasskemezirici.casd.cz\/wp-content\/uploads\/2023\/01\/326272197_845704450150343_3484409692970867883_n-1.jpg\" alt=\"\" width=\"641\" height=\"855\" srcset=\"https:\/\/valasskemezirici.casd.cz\/wp-content\/uploads\/2023\/01\/326272197_845704450150343_3484409692970867883_n-1.jpg 1536w, https:\/\/valasskemezirici.casd.cz\/wp-content\/uploads\/2023\/01\/326272197_845704450150343_3484409692970867883_n-1-225x300.jpg 225w, https:\/\/valasskemezirici.casd.cz\/wp-content\/uploads\/2023\/01\/326272197_845704450150343_3484409692970867883_n-1-768x1024.jpg 768w, https:\/\/valasskemezirici.casd.cz\/wp-content\/uploads\/2023\/01\/326272197_845704450150343_3484409692970867883_n-1-1152x1536.jpg 1152w\" sizes=\"auto, (max-width: 641px) 100vw, 641px\" \/><\/p>\n","protected":false},"excerpt":{"rendered":"<p>Alian\u010dn\u00ed 2023 Za\u010d\u00e1tek nov\u00e9ho roku pat\u0159\u00ed ji\u017e opakovan\u011b alian\u010dn\u00edm shrom\u00e1\u017ed\u011bn\u00edm. V\u011bc na Vala\u0161sku je\u0161t\u011b p\u0159ed ned\u00e1vnou dobou naprosto nemo\u017en\u00e1. V\u011b\u0159\u00edc\u00ed ze v\u0161ech m\u00edstn\u00edch c\u00edrkevn\u00edch ohr\u00e1dek se bez ohledu na p\u0159\u00edslu\u0161nost sejdou postupn\u011b v&nbsp;jednotliv\u00fdch kostelech \u010di modlitebn\u00e1ch, aby d\u011bkovali, chv\u00e1lili a prosili. A\u010d se na\u0161e v\u011brouky v&nbsp;ur\u010dit\u00fdch bodech li\u0161\u00ed, v\u0161ichni m\u00e1me jednoho spole\u010dn\u00e9ho Otce. V\u0161ichni jsme [&hellip;]<\/p>\n","protected":false},"author":1,"featured_media":0,"comment_status":"closed","ping_status":"open","sticky":false,"template":"","format":"standard","meta":{"ngg_post_thumbnail":0,"footnotes":""},"categories":[1],"tags":[],"class_list":["post-7512","post","type-post","status-publish","format-standard","hentry","category-nezarazene"],"_links":{"self":[{"href":"https:\/\/valasskemezirici.casd.cz\/index.php?rest_route=\/wp\/v2\/posts\/7512","targetHints":{"allow":["GET"]}}],"collection":[{"href":"https:\/\/valasskemezirici.casd.cz\/index.php?rest_route=\/wp\/v2\/posts"}],"about":[{"href":"https:\/\/valasskemezirici.casd.cz\/index.php?rest_route=\/wp\/v2\/types\/post"}],"author":[{"embeddable":true,"href":"https:\/\/valasskemezirici.casd.cz\/index.php?rest_route=\/wp\/v2\/users\/1"}],"replies":[{"embeddable":true,"href":"https:\/\/valasskemezirici.casd.cz\/index.php?rest_route=%2Fwp%2Fv2%2Fcomments&post=7512"}],"version-history":[{"count":1,"href":"https:\/\/valasskemezirici.casd.cz\/index.php?rest_route=\/wp\/v2\/posts\/7512\/revisions"}],"predecessor-version":[{"id":7516,"href":"https:\/\/valasskemezirici.casd.cz\/index.php?rest_route=\/wp\/v2\/posts\/7512\/revisions\/7516"}],"wp:attachment":[{"href":"https:\/\/valasskemezirici.casd.cz\/index.php?rest_route=%2Fwp%2Fv2%2Fmedia&parent=7512"}],"wp:term":[{"taxonomy":"category","embeddable":true,"href":"https:\/\/valasskemezirici.casd.cz\/index.php?rest_route=%2Fwp%2Fv2%2Fcategories&post=7512"},{"taxonomy":"post_tag","embeddable":true,"href":"https:\/\/valasskemezirici.casd.cz\/index.php?rest_route=%2Fwp%2Fv2%2Ftags&post=7512"}],"curies":[{"name":"wp","href":"https:\/\/api.w.org\/{rel}","templated":true}]}}