{"id":7517,"date":"2023-01-24T22:10:03","date_gmt":"2023-01-24T21:10:03","guid":{"rendered":"https:\/\/valasskemezirici.casd.cz\/?p=7517"},"modified":"2023-01-24T22:11:32","modified_gmt":"2023-01-24T21:11:32","slug":"2-aliancni-shromazdeni-24-ledna-2023","status":"publish","type":"post","link":"https:\/\/valasskemezirici.casd.cz\/?p=7517","title":{"rendered":"2.alian\u010dn\u00ed shrom\u00e1\u017ed\u011bn\u00ed &#8211; 24.ledna 2023"},"content":{"rendered":"<p style=\"text-align: justify;\">Druh\u00e9 alian\u010dn\u00ed shrom\u00e1\u017ed\u011bn\u00ed se uskute\u010dnilo 24.ledna 2023 v&nbsp;\u0159\u00edmskokatolick\u00e9m kostele v&nbsp;na\u0161em m\u011bst\u011b. Chladiv\u00e1 zima uvnit\u0159 honosn\u011b zdoben\u00e9ho chr\u00e1mu rozhodn\u011b nekorespondovala s&nbsp;n\u00e1ladou v\u0161ech p\u0159\u00edtomn\u00fdch. Na setk\u00e1n\u00ed br\u00e1\u0161k\u016f a sest\u0159i\u010dek z&nbsp;r\u016fzn\u00fdch c\u00edrkevn\u00edch ohr\u00e1dek se ka\u017edoro\u010dn\u011b v\u0161ichni t\u011b\u0161\u00edme.<\/p>\n<p><!--more--><\/p>\n<p style=\"text-align: justify;\">Pod veden\u00edm far\u00e1\u0159e Pavla Stefana jsme si zazp\u00edvali spolu s&nbsp;chv\u00e1l\u00edc\u00ed skupinkou v&nbsp;\u010dele s&nbsp;frontmanem&nbsp;Bohdanem Miku\u0161kem n\u011bkolik p\u00edsn\u00ed. P\u0159i \u010dten\u00ed z&nbsp;P\u00edsma jsme zam\u00ed\u0159ili do knihy proroka Izaj\u00e1\u0161e 1, 12.-18. Hlavn\u00ed my\u0161lenky textu korespondovaly s&nbsp;n\u00e1sledn\u00fdm k\u00e1z\u00e1n\u00edm Radka Palack\u00e9ho, &nbsp;kazatele C\u00edrkve bratrsk\u00e9 a lektora certifikovan\u00fdch program\u016f prim\u00e1rn\u00ed prevence KAM,z.s. \u0158adu let se v\u011bnuje probl\u00e9mov\u00e9 ml\u00e1de\u017ei z&nbsp;ulice a sna\u017e\u00ed se tr\u00e9novat jejich odvahu, d\u016fv\u011bru a schopnosti. Ka\u017edodenn\u011b se setk\u00e1v\u00e1 s&nbsp;t\u011bmi, kdo pot\u0159ebuj\u00ed pomoc jin\u00fdch, kdo jsou opovrhov\u00e1ni. P\u00e1n Je\u017e\u00ed\u0161 n\u00e1s vede pr\u00e1v\u011b k&nbsp;z\u00e1jmu o takov\u00e9 lidi, k&nbsp;soucitu, k&nbsp;ob\u011btavosti a k&nbsp;l\u00e1sce.<\/p>\n<p style=\"text-align: justify;\">Blok byl zakon\u010den op\u011bt n\u011bkolika p\u00edsn\u011bmi vyzn\u00e1vaj\u00edc\u00edmi d\u00edky na\u0161emu P\u00e1nu, modlitbami a za praktickou uk\u00e1zku toho, jak jsme p\u0159ijali my\u0161lenky k\u00e1z\u00e1n\u00ed, je mo\u017en\u00e9 pova\u017eovat sb\u00edrku pro Citadelu. S&nbsp;pokorou a vd\u011b\u010dnost\u00ed jsme p\u0159ijali po\u017eehn\u00e1n\u00ed z&nbsp;\u00fasta bratra Stefana, a potom u\u017e na\u0161e kroky zam\u00ed\u0159ily na faru, kde jsme v&nbsp;duchu staroz\u00e1konn\u00edho zvyku ukon\u010dovat bohoslu\u017ebu agap\u00e9 spole\u010dn\u011b obestoupili st\u016fl s&nbsp;nejr\u016fzn\u011bj\u0161\u00edmi dobrotami. A jako je v\u0161ude plno pov\u00edd\u00e1n\u00ed, vesel\u00fdch pozdrav\u016f a sm\u00edchu p\u0159i rodinn\u00e9m setk\u00e1n\u00ed, i zde \u2013 bez ohledu na c\u00edrkevn\u00ed ohr\u00e1dku \u2013 &nbsp;tomu bylo stejn\u011b. Za dobu trv\u00e1n\u00ed alian\u010dn\u00edch bohoslu\u017eeb a jin\u00fdch ekumenick\u00fdch akc\u00ed jsme nav\u00e1zali \u0159adu n\u00e1dhern\u00fdch p\u0159\u00e1telstv\u00ed. I za to pat\u0159\u00ed d\u00edk na\u0161emu miluj\u00edc\u00edmu Bohu.<\/p>\n<p><img loading=\"lazy\" decoding=\"async\" class=\"alignnone  wp-image-7518\" src=\"https:\/\/valasskemezirici.casd.cz\/wp-content\/uploads\/2023\/01\/327125267_906246904160159_4191998081353902053_n.jpg\" alt=\"\" width=\"601\" height=\"594\" srcset=\"https:\/\/valasskemezirici.casd.cz\/wp-content\/uploads\/2023\/01\/327125267_906246904160159_4191998081353902053_n.jpg 798w, https:\/\/valasskemezirici.casd.cz\/wp-content\/uploads\/2023\/01\/327125267_906246904160159_4191998081353902053_n-300x297.jpg 300w, https:\/\/valasskemezirici.casd.cz\/wp-content\/uploads\/2023\/01\/327125267_906246904160159_4191998081353902053_n-768x759.jpg 768w, https:\/\/valasskemezirici.casd.cz\/wp-content\/uploads\/2023\/01\/327125267_906246904160159_4191998081353902053_n-64x64.jpg 64w\" sizes=\"auto, (max-width: 601px) 100vw, 601px\" \/><\/p>\n<p><img loading=\"lazy\" decoding=\"async\" class=\"alignnone  wp-image-7519\" src=\"https:\/\/valasskemezirici.casd.cz\/wp-content\/uploads\/2023\/01\/327109938_695614372112100_5207695493187338611_n.jpg\" alt=\"\" width=\"601\" height=\"802\" srcset=\"https:\/\/valasskemezirici.casd.cz\/wp-content\/uploads\/2023\/01\/327109938_695614372112100_5207695493187338611_n.jpg 1536w, https:\/\/valasskemezirici.casd.cz\/wp-content\/uploads\/2023\/01\/327109938_695614372112100_5207695493187338611_n-225x300.jpg 225w, https:\/\/valasskemezirici.casd.cz\/wp-content\/uploads\/2023\/01\/327109938_695614372112100_5207695493187338611_n-768x1024.jpg 768w, https:\/\/valasskemezirici.casd.cz\/wp-content\/uploads\/2023\/01\/327109938_695614372112100_5207695493187338611_n-1152x1536.jpg 1152w\" sizes=\"auto, (max-width: 601px) 100vw, 601px\" \/> <img loading=\"lazy\" decoding=\"async\" class=\"alignnone  wp-image-7520\" src=\"https:\/\/valasskemezirici.casd.cz\/wp-content\/uploads\/2023\/01\/327159659_1076385663228835_5304465260351875960_n-768x1024.jpg\" alt=\"\" width=\"601\" height=\"801\" srcset=\"https:\/\/valasskemezirici.casd.cz\/wp-content\/uploads\/2023\/01\/327159659_1076385663228835_5304465260351875960_n-768x1024.jpg 768w, https:\/\/valasskemezirici.casd.cz\/wp-content\/uploads\/2023\/01\/327159659_1076385663228835_5304465260351875960_n-225x300.jpg 225w, https:\/\/valasskemezirici.casd.cz\/wp-content\/uploads\/2023\/01\/327159659_1076385663228835_5304465260351875960_n-1152x1536.jpg 1152w, https:\/\/valasskemezirici.casd.cz\/wp-content\/uploads\/2023\/01\/327159659_1076385663228835_5304465260351875960_n.jpg 1536w\" sizes=\"auto, (max-width: 601px) 100vw, 601px\" \/> <img loading=\"lazy\" decoding=\"async\" class=\"alignnone  wp-image-7521\" src=\"https:\/\/valasskemezirici.casd.cz\/wp-content\/uploads\/2023\/01\/327170120_861322875153292_8318786842370109101_n-1024x768.jpg\" alt=\"\" width=\"602\" height=\"451\" srcset=\"https:\/\/valasskemezirici.casd.cz\/wp-content\/uploads\/2023\/01\/327170120_861322875153292_8318786842370109101_n-1024x768.jpg 1024w, https:\/\/valasskemezirici.casd.cz\/wp-content\/uploads\/2023\/01\/327170120_861322875153292_8318786842370109101_n-300x225.jpg 300w, https:\/\/valasskemezirici.casd.cz\/wp-content\/uploads\/2023\/01\/327170120_861322875153292_8318786842370109101_n-768x576.jpg 768w, https:\/\/valasskemezirici.casd.cz\/wp-content\/uploads\/2023\/01\/327170120_861322875153292_8318786842370109101_n-1536x1152.jpg 1536w, https:\/\/valasskemezirici.casd.cz\/wp-content\/uploads\/2023\/01\/327170120_861322875153292_8318786842370109101_n.jpg 2048w\" sizes=\"auto, (max-width: 602px) 100vw, 602px\" \/><\/p>\n","protected":false},"excerpt":{"rendered":"<p>Druh\u00e9 alian\u010dn\u00ed shrom\u00e1\u017ed\u011bn\u00ed se uskute\u010dnilo 24.ledna 2023 v&nbsp;\u0159\u00edmskokatolick\u00e9m kostele v&nbsp;na\u0161em m\u011bst\u011b. Chladiv\u00e1 zima uvnit\u0159 honosn\u011b zdoben\u00e9ho chr\u00e1mu rozhodn\u011b nekorespondovala s&nbsp;n\u00e1ladou v\u0161ech p\u0159\u00edtomn\u00fdch. Na setk\u00e1n\u00ed br\u00e1\u0161k\u016f a sest\u0159i\u010dek z&nbsp;r\u016fzn\u00fdch c\u00edrkevn\u00edch ohr\u00e1dek se ka\u017edoro\u010dn\u011b v\u0161ichni t\u011b\u0161\u00edme.<\/p>\n","protected":false},"author":1,"featured_media":0,"comment_status":"closed","ping_status":"open","sticky":false,"template":"","format":"standard","meta":{"ngg_post_thumbnail":0,"footnotes":""},"categories":[1],"tags":[],"class_list":["post-7517","post","type-post","status-publish","format-standard","hentry","category-nezarazene"],"_links":{"self":[{"href":"https:\/\/valasskemezirici.casd.cz\/index.php?rest_route=\/wp\/v2\/posts\/7517","targetHints":{"allow":["GET"]}}],"collection":[{"href":"https:\/\/valasskemezirici.casd.cz\/index.php?rest_route=\/wp\/v2\/posts"}],"about":[{"href":"https:\/\/valasskemezirici.casd.cz\/index.php?rest_route=\/wp\/v2\/types\/post"}],"author":[{"embeddable":true,"href":"https:\/\/valasskemezirici.casd.cz\/index.php?rest_route=\/wp\/v2\/users\/1"}],"replies":[{"embeddable":true,"href":"https:\/\/valasskemezirici.casd.cz\/index.php?rest_route=%2Fwp%2Fv2%2Fcomments&post=7517"}],"version-history":[{"count":1,"href":"https:\/\/valasskemezirici.casd.cz\/index.php?rest_route=\/wp\/v2\/posts\/7517\/revisions"}],"predecessor-version":[{"id":7522,"href":"https:\/\/valasskemezirici.casd.cz\/index.php?rest_route=\/wp\/v2\/posts\/7517\/revisions\/7522"}],"wp:attachment":[{"href":"https:\/\/valasskemezirici.casd.cz\/index.php?rest_route=%2Fwp%2Fv2%2Fmedia&parent=7517"}],"wp:term":[{"taxonomy":"category","embeddable":true,"href":"https:\/\/valasskemezirici.casd.cz\/index.php?rest_route=%2Fwp%2Fv2%2Fcategories&post=7517"},{"taxonomy":"post_tag","embeddable":true,"href":"https:\/\/valasskemezirici.casd.cz\/index.php?rest_route=%2Fwp%2Fv2%2Ftags&post=7517"}],"curies":[{"name":"wp","href":"https:\/\/api.w.org\/{rel}","templated":true}]}}