{"id":7528,"date":"2023-02-05T16:19:31","date_gmt":"2023-02-05T15:19:31","guid":{"rendered":"https:\/\/valasskemezirici.casd.cz\/?p=7528"},"modified":"2023-02-05T16:19:53","modified_gmt":"2023-02-05T15:19:53","slug":"sobota-28-ledna-2023","status":"publish","type":"post","link":"https:\/\/valasskemezirici.casd.cz\/?p=7528","title":{"rendered":"Sobota 28.ledna 2023"},"content":{"rendered":"<p style=\"text-align: justify;\">Ani jsme se nenad\u00e1li a m\u011bs\u00edc leden je za n\u00e1mi. Byl napln\u011bn tolika akcemi, \u017ee utekl jako voda. Dnes jsme se v&nbsp;sobotn\u00ed \u0161kole zam\u011b\u0159ili na \u201eDary a d\u00e1v\u00e1n\u00ed\u201c. \u00dakolem n\u00e1s velmi zaj\u00edmav\u00fdm a svi\u017en\u00fdm zp\u016fsobem provedl Franti\u0161ek Tomanec.<\/p>\n<p style=\"text-align: justify;\">Krom\u011b des\u00e1tk\u016f se v P\u00edsmu mluv\u00ed o r\u016fzn\u00fdch typech dar\u016f, kter\u00e9 m\u016f\u017eeme vn\u00edmat jako ur\u010dit\u00fd druh ob\u011bti. Ty Bo\u017e\u00ed lid p\u0159in\u00e1\u0161el z toho, co mu z\u016fstalo po vr\u00e1cen\u00ed des\u00e1tk\u016f. Pr\u00e1v\u011b zde za\u010d\u00edn\u00e1 \u0161t\u011bdrost. Motivac\u00ed k&nbsp;d\u00e1v\u00e1n\u00ed je p\u0159edev\u0161\u00edm dar sebeob\u011btov\u00e1n\u00ed Je\u017e\u00ed\u0161e Krista, ale tak\u00e9 l\u00e1ska k&nbsp;lidem nebo zdrav\u00fd vztah k&nbsp;majetku. B\u016fh hodnot\u00ed dar podle pohnutky, lid\u00e9 podle ceny. Ide\u00e1ln\u011b by m\u011bl ka\u017ed\u00fd p\u0159in\u00e9st dar p\u0159im\u011b\u0159en\u00fd jeho mo\u017enostem. Sou\u010d\u00e1st\u00ed bohoslu\u017eby o v\u00fdznamn\u00fdch sv\u00e1tc\u00edch bylo odevzd\u00e1n\u00ed des\u00e1tk\u016f a&nbsp;dar\u016f. Slu\u017eba v chr\u00e1mu byla ustanovena Bohem, a proto si vy\u017eaduje na\u0161i podporu. Nebesk\u00e9 knihy zaznamen\u00e1vaj\u00ed i finan\u010dn\u00ed v\u011brnost \u010dlen\u016f Bo\u017e\u00ed rodiny. A zaznamen\u00e1vaj\u00ed se i pohnutky, kter\u00e9 vedly k d\u00e1v\u00e1n\u00ed.<\/p>\n<p><!--more--><\/p>\n<p style=\"text-align: justify;\">K\u00e1z\u00e1n\u00edm z&nbsp;Bo\u017e\u00edho slova n\u00e1m poslou\u017eil Ji\u0159\u00ed Kloda ze sboru Vset\u00edn. Ve sv\u00e9 \u00favaze se vr\u00e1til do doby v\u00e1noc, kdy jsme na nejr\u016fzn\u011bj\u0161\u00edch m\u00edstech mohli vid\u011bt p\u0159ipom\u00ednku narozen\u00ed na\u0161eho P\u00e1na \u2013 figur\u00e1ln\u00ed Betl\u00e9my. A pr\u00e1v\u011b o Betl\u00e9mu dne\u0161n\u00ed zamy\u0161len\u00ed bylo. Dozv\u011bd\u011bli jsme se mnoh\u00e9 z&nbsp;historie tohoto m\u011bsta, p\u0159ipomn\u011bli jsme si staroz\u00e1konn\u00ed osobnosti spojen\u00e9 s&nbsp;touto oblast\u00ed, i ud\u00e1losti z&nbsp;doby p\u0159ed v\u00edce ne\u017e 2tis let. Audio z\u00e1znam najdete na na\u0161ich str\u00e1nk\u00e1ch.<\/p>\n<p style=\"text-align: justify;\">P\u0159ed n\u00e1mi je t\u0159et\u00ed alian\u010dn\u00ed ve\u010der. Sejdeme se v&nbsp;\u00fater\u00fd v&nbsp;evangelick\u00e9m kostele, abychom spolu s&nbsp;pastorem C\u00edrkve apo\u0161tolsk\u00e9 p\u0159em\u00fd\u0161leli o \u017dalmu 23.<\/p>\n<p><img loading=\"lazy\" decoding=\"async\" class=\"alignnone wp-image-7529\" src=\"https:\/\/valasskemezirici.casd.cz\/wp-content\/uploads\/2023\/02\/IMG_20230128_095057-scaled.jpg\" alt=\"\" width=\"632\" height=\"843\" srcset=\"https:\/\/valasskemezirici.casd.cz\/wp-content\/uploads\/2023\/02\/IMG_20230128_095057-scaled.jpg 1920w, https:\/\/valasskemezirici.casd.cz\/wp-content\/uploads\/2023\/02\/IMG_20230128_095057-225x300.jpg 225w, https:\/\/valasskemezirici.casd.cz\/wp-content\/uploads\/2023\/02\/IMG_20230128_095057-768x1024.jpg 768w, https:\/\/valasskemezirici.casd.cz\/wp-content\/uploads\/2023\/02\/IMG_20230128_095057-1152x1536.jpg 1152w, https:\/\/valasskemezirici.casd.cz\/wp-content\/uploads\/2023\/02\/IMG_20230128_095057-1536x2048.jpg 1536w\" sizes=\"auto, (max-width: 632px) 100vw, 632px\" \/><\/p>\n","protected":false},"excerpt":{"rendered":"<p>Ani jsme se nenad\u00e1li a m\u011bs\u00edc leden je za n\u00e1mi. Byl napln\u011bn tolika akcemi, \u017ee utekl jako voda. Dnes jsme se v&nbsp;sobotn\u00ed \u0161kole zam\u011b\u0159ili na \u201eDary a d\u00e1v\u00e1n\u00ed\u201c. \u00dakolem n\u00e1s velmi zaj\u00edmav\u00fdm a svi\u017en\u00fdm zp\u016fsobem provedl Franti\u0161ek Tomanec. Krom\u011b des\u00e1tk\u016f se v P\u00edsmu mluv\u00ed o r\u016fzn\u00fdch typech dar\u016f, kter\u00e9 m\u016f\u017eeme vn\u00edmat jako ur\u010dit\u00fd druh ob\u011bti. [&hellip;]<\/p>\n","protected":false},"author":1,"featured_media":0,"comment_status":"closed","ping_status":"open","sticky":false,"template":"","format":"standard","meta":{"ngg_post_thumbnail":0,"footnotes":""},"categories":[1],"tags":[],"class_list":["post-7528","post","type-post","status-publish","format-standard","hentry","category-nezarazene"],"_links":{"self":[{"href":"https:\/\/valasskemezirici.casd.cz\/index.php?rest_route=\/wp\/v2\/posts\/7528","targetHints":{"allow":["GET"]}}],"collection":[{"href":"https:\/\/valasskemezirici.casd.cz\/index.php?rest_route=\/wp\/v2\/posts"}],"about":[{"href":"https:\/\/valasskemezirici.casd.cz\/index.php?rest_route=\/wp\/v2\/types\/post"}],"author":[{"embeddable":true,"href":"https:\/\/valasskemezirici.casd.cz\/index.php?rest_route=\/wp\/v2\/users\/1"}],"replies":[{"embeddable":true,"href":"https:\/\/valasskemezirici.casd.cz\/index.php?rest_route=%2Fwp%2Fv2%2Fcomments&post=7528"}],"version-history":[{"count":2,"href":"https:\/\/valasskemezirici.casd.cz\/index.php?rest_route=\/wp\/v2\/posts\/7528\/revisions"}],"predecessor-version":[{"id":7531,"href":"https:\/\/valasskemezirici.casd.cz\/index.php?rest_route=\/wp\/v2\/posts\/7528\/revisions\/7531"}],"wp:attachment":[{"href":"https:\/\/valasskemezirici.casd.cz\/index.php?rest_route=%2Fwp%2Fv2%2Fmedia&parent=7528"}],"wp:term":[{"taxonomy":"category","embeddable":true,"href":"https:\/\/valasskemezirici.casd.cz\/index.php?rest_route=%2Fwp%2Fv2%2Fcategories&post=7528"},{"taxonomy":"post_tag","embeddable":true,"href":"https:\/\/valasskemezirici.casd.cz\/index.php?rest_route=%2Fwp%2Fv2%2Ftags&post=7528"}],"curies":[{"name":"wp","href":"https:\/\/api.w.org\/{rel}","templated":true}]}}