{"id":7532,"date":"2023-02-05T16:22:39","date_gmt":"2023-02-05T15:22:39","guid":{"rendered":"https:\/\/valasskemezirici.casd.cz\/?p=7532"},"modified":"2023-02-05T16:42:09","modified_gmt":"2023-02-05T15:42:09","slug":"aliancni-shromazdeni-31-ledna-2023","status":"publish","type":"post","link":"https:\/\/valasskemezirici.casd.cz\/?p=7532","title":{"rendered":"Alian\u010dn\u00ed shrom\u00e1\u017ed\u011bn\u00ed 31.ledna 2023"},"content":{"rendered":"<p style=\"text-align: justify;\">T\u0159et\u00ed ze s\u00e9rie setk\u00e1n\u00ed se uskute\u010dnilo v posledn\u00ed lednov\u00fd den ve farn\u00edm&nbsp;kostele \u010ceskobratrsk\u00e9 c\u00edrkve evangelick\u00e9. P\u0159ipraven\u00e9 projek\u010dn\u00ed pl\u00e1tno n\u00e1s vedlo k&nbsp;my\u0161lence, \u017ee budou prom\u00edt\u00e1ny texty zp\u00edvan\u00fdch p\u00edsn\u00ed. Ale v\u0161e bylo jinak. Alian\u010dn\u00ed shrom\u00e1\u017ed\u011bn\u00ed zah\u00e1jil far\u00e1\u0159 m\u00edstn\u00edho sboru Daniel Heller. \u010cten\u00ed z&nbsp;P\u00edsma citovalo Markovo evangelium 6,34.-50. s&nbsp;\u00favodn\u00edm ver\u0161em: \u201eKdy\u017e Je\u017e\u00ed\u0161 vystoupil, uvid\u011bl velk\u00fd z\u00e1stup a bylo mu jich l\u00edto, proto\u017ee byli jako ovce bez past\u00fd\u0159e.\u201c Zamy\u0161len\u00edm n\u00e1m poslou\u017eil 1. pastor C\u00edrkve apo\u0161tolsk\u00e9 Tom\u00e1\u0161 Galda, a op\u00edral se pr\u00e1v\u011b o texty o past\u00fd\u0159i. Bylo vid\u011bt, \u017ee uplynul\u00fdch 20 let pracoval p\u0159edev\u0161\u00edm s&nbsp;ml\u00e1de\u017e\u00ed, proto\u017ee jeho my\u0161lenky byly pro lep\u0161\u00ed pochopen\u00ed doprov\u00e1zeny prom\u00edtan\u00fdmi fotografiemi a dokonce videem, co\u017e byla pro n\u00e1s novinka. Video ukazovalo reakce lid\u00ed, kte\u0159\u00ed p\u0159ilet\u011bli na leti\u0161t\u011b a zde je uv\u00edtali zp\u011bvem naprosto nezn\u00e1m\u00ed zp\u011bv\u00e1ci, jako kdyby \u0161lo o VIP cestuj\u00edc\u00ed. Na tv\u00e1\u0159\u00edch v\u0161ech bylo vid\u011bt radost a dojet\u00ed. Pasa\u017e\u00e9\u0159i se c\u00edtili v\u00edtan\u00ed, o\u010dek\u00e1van\u00ed, d\u016fle\u017eit\u00ed. Stejn\u011b tak bude v\u00edtat n\u00e1\u0161 Otec a past\u00fd\u0159 n\u00e1s na nov\u00e9 zemi. Ka\u017ed\u00fd z&nbsp;n\u00e1s je pro N\u011bho jedine\u010dn\u00fd a milovan\u00fd, bez rozd\u00edlu vyzn\u00e1n\u00ed, bez ohledu na chyby, kter\u00fdch jsme se dopustili, bez z\u00e1vislosti na d\u00e9lce na\u0161\u00ed cesty v\u00edry. Je na\u0161\u00edm kr\u00e1sn\u00fdm posl\u00e1n\u00edm sv\u011bd\u010dit o tomto \u00fa\u017easn\u00e9m Bohu t\u011bm, kte\u0159\u00ed o N\u011bm je\u0161t\u011b nesly\u0161eli, a \u017eij\u00ed v&nbsp;obav\u00e1ch a bez nad\u011bje na nov\u00fd domov.<\/p>\n<p><!--more--><\/p>\n<p style=\"text-align: justify;\">Nezbytnou sou\u010d\u00e1st\u00ed t\u011bchto setk\u00e1n\u00ed je v\u017edy modlitebn\u00ed chv\u00edle. Z&nbsp;\u00fast p\u0159\u00edchoz\u00edch zazn\u00edvaly prosby i d\u00edky, dokonce nejen v&nbsp;\u010de\u0161tin\u011b. V\u0161ichni jsme si uv\u011bdomovali, \u017ee P\u00e1n je past\u00fd\u0159em n\u00e1s v\u0161ech. Ned\u011bl\u00e1 mezi n\u00e1mi rozd\u00edly, ty si stav\u00edme mezi sebe sami. P\u00e1n je moudr\u00fd a miluj\u00edc\u00ed, a chce n\u00e1s m\u00edt na nov\u00e9 zemi \u2013 v&nbsp;nov\u00e9m domov\u011b v\u0161echny. O Jeho velikosti a l\u00e1sce sv\u011bd\u010dila i z\u00e1v\u011bre\u010dn\u00e1 p\u00edse\u0148 z&nbsp;kancion\u00e1lu:<\/p>\n<p>&nbsp;<\/p>\n<p><em>A\u0165 chr\u00e1n\u00ed n\u00e1s B\u016fh, a\u0165 \u017eehn\u00e1 n\u00e1m B\u016fh,<\/em><\/p>\n<p><em>Jen\u017e v&nbsp;l\u00e1sce cel\u00fd sv\u011bt chov\u00e1.<\/em><\/p>\n<p><em>Kdy\u017e p\u0159ijde zl\u00fd \u010das, je B\u016fh p\u0159i n\u00e1s,<\/em><\/p>\n<p><em>V&nbsp;n\u011bm pramen\u00ed s\u00edla nov\u00e1.<\/em><\/p>\n<p><em>&nbsp;<\/em><\/p>\n<p><em>A\u0165 chr\u00e1n\u00ed n\u00e1s B\u016fh, a\u0165 \u017eehn\u00e1 n\u00e1m B\u016fh,<\/em><\/p>\n<p><em>A pl\u00e1\u010d v\u0161ech ne\u0161\u0165astn\u00fdch zti\u0161\u00ed.<\/em><\/p>\n<p><em>T\u011bm, je\u017e tr\u00e1p\u00ed hlad, B\u016fh chl\u00e9b chce d\u00e1t,<\/em><\/p>\n<p><em>On bolestn\u00fd n\u00e1\u0159ek sly\u0161\u00ed.<\/em><\/p>\n<p><em>&nbsp;<\/em><\/p>\n<p><em>A\u0165 chr\u00e1n\u00ed n\u00e1s B\u016fh, a\u0165 \u017eehn\u00e1 n\u00e1m B\u016fh,<\/em><\/p>\n<p><em>Pry\u010d d\u00e1 v\u0161e, co \u017eivot ma\u0159\u00ed.<\/em><\/p>\n<p><em>Duch svat\u00fd m\u00e1 moc: kde vl\u00e1dne noc,<\/em><\/p>\n<p><em>Tam tmu pravdou svou proz\u00e1\u0159\u00ed.<\/em><\/p>\n<p><em>&nbsp;<\/em><\/p>\n<p><em>A\u0165 chr\u00e1n\u00ed n\u00e1s B\u016fh, a\u0165 \u017eehn\u00e1 n\u00e1m B\u016fh,<\/em><\/p>\n<p><em>A p\u0159ijme n\u00e1s do sv\u00fdch dlan\u00ed.<\/em><\/p>\n<p><em>B\u016fh zn\u00e1 ka\u017edou z&nbsp;cest, lid sv\u016fj chce v\u00e9st<\/em><\/p>\n<p><em>A p\u0159iv\u00e9st a\u017e k&nbsp;po\u017eehn\u00e1n\u00ed.<\/em><\/p>\n<p><strong>&nbsp;<\/strong><\/p>\n<p style=\"text-align: justify;\">Sladkou te\u010dkou ka\u017ed\u00e9ho alian\u010dn\u00edho setk\u00e1n\u00ed je agap\u00e9, nejinak tomu bylo i v&nbsp;tento den. V&nbsp;s\u00e1le m\u00edstn\u00ed fary na n\u00e1s \u010dekaly rozmanit\u00e9 dobroty nejen z&nbsp;d\u00edlny sester, ale tak\u00e9 m\u00edstn\u00edho far\u00e1\u0159e. Jeho zeln\u00fd kol\u00e1\u010d Dana Hellera byl opravdu skvostn\u00fd. A u\u017e se t\u011b\u0161\u00edme na posledn\u00ed setk\u00e1n\u00ed, kter\u00e9 prob\u011bhne prvn\u00ed \u00fanorov\u00e9 \u00fater\u00fd pr\u00e1v\u011b v&nbsp;na\u0161\u00ed modlitebn\u011b.<\/p>\n<p>&nbsp;<\/p>\n<p><img loading=\"lazy\" decoding=\"async\" class=\"alignnone wp-image-7533\" src=\"https:\/\/valasskemezirici.casd.cz\/wp-content\/uploads\/2023\/02\/328712507_870312564189002_6644353641585640579_n.jpg\" alt=\"\" width=\"650\" height=\"867\" srcset=\"https:\/\/valasskemezirici.casd.cz\/wp-content\/uploads\/2023\/02\/328712507_870312564189002_6644353641585640579_n.jpg 714w, https:\/\/valasskemezirici.casd.cz\/wp-content\/uploads\/2023\/02\/328712507_870312564189002_6644353641585640579_n-225x300.jpg 225w\" sizes=\"auto, (max-width: 650px) 100vw, 650px\" \/><\/p>\n","protected":false},"excerpt":{"rendered":"<p>T\u0159et\u00ed ze s\u00e9rie setk\u00e1n\u00ed se uskute\u010dnilo v posledn\u00ed lednov\u00fd den ve farn\u00edm&nbsp;kostele \u010ceskobratrsk\u00e9 c\u00edrkve evangelick\u00e9. P\u0159ipraven\u00e9 projek\u010dn\u00ed pl\u00e1tno n\u00e1s vedlo k&nbsp;my\u0161lence, \u017ee budou prom\u00edt\u00e1ny texty zp\u00edvan\u00fdch p\u00edsn\u00ed. Ale v\u0161e bylo jinak. Alian\u010dn\u00ed shrom\u00e1\u017ed\u011bn\u00ed zah\u00e1jil far\u00e1\u0159 m\u00edstn\u00edho sboru Daniel Heller. \u010cten\u00ed z&nbsp;P\u00edsma citovalo Markovo evangelium 6,34.-50. s&nbsp;\u00favodn\u00edm ver\u0161em: \u201eKdy\u017e Je\u017e\u00ed\u0161 vystoupil, uvid\u011bl velk\u00fd z\u00e1stup a bylo [&hellip;]<\/p>\n","protected":false},"author":1,"featured_media":0,"comment_status":"closed","ping_status":"open","sticky":false,"template":"","format":"standard","meta":{"ngg_post_thumbnail":0,"footnotes":""},"categories":[1],"tags":[],"class_list":["post-7532","post","type-post","status-publish","format-standard","hentry","category-nezarazene"],"_links":{"self":[{"href":"https:\/\/valasskemezirici.casd.cz\/index.php?rest_route=\/wp\/v2\/posts\/7532","targetHints":{"allow":["GET"]}}],"collection":[{"href":"https:\/\/valasskemezirici.casd.cz\/index.php?rest_route=\/wp\/v2\/posts"}],"about":[{"href":"https:\/\/valasskemezirici.casd.cz\/index.php?rest_route=\/wp\/v2\/types\/post"}],"author":[{"embeddable":true,"href":"https:\/\/valasskemezirici.casd.cz\/index.php?rest_route=\/wp\/v2\/users\/1"}],"replies":[{"embeddable":true,"href":"https:\/\/valasskemezirici.casd.cz\/index.php?rest_route=%2Fwp%2Fv2%2Fcomments&post=7532"}],"version-history":[{"count":2,"href":"https:\/\/valasskemezirici.casd.cz\/index.php?rest_route=\/wp\/v2\/posts\/7532\/revisions"}],"predecessor-version":[{"id":7543,"href":"https:\/\/valasskemezirici.casd.cz\/index.php?rest_route=\/wp\/v2\/posts\/7532\/revisions\/7543"}],"wp:attachment":[{"href":"https:\/\/valasskemezirici.casd.cz\/index.php?rest_route=%2Fwp%2Fv2%2Fmedia&parent=7532"}],"wp:term":[{"taxonomy":"category","embeddable":true,"href":"https:\/\/valasskemezirici.casd.cz\/index.php?rest_route=%2Fwp%2Fv2%2Fcategories&post=7532"},{"taxonomy":"post_tag","embeddable":true,"href":"https:\/\/valasskemezirici.casd.cz\/index.php?rest_route=%2Fwp%2Fv2%2Ftags&post=7532"}],"curies":[{"name":"wp","href":"https:\/\/api.w.org\/{rel}","templated":true}]}}