{"id":7546,"date":"2023-02-05T17:17:01","date_gmt":"2023-02-05T16:17:01","guid":{"rendered":"https:\/\/valasskemezirici.casd.cz\/?p=7546"},"modified":"2023-02-05T17:17:05","modified_gmt":"2023-02-05T16:17:05","slug":"sobota-4-unora-2023","status":"publish","type":"post","link":"https:\/\/valasskemezirici.casd.cz\/?p=7546","title":{"rendered":"Sobota 4.\u00fanora 2023"},"content":{"rendered":"<p style=\"text-align: justify;\">Dne\u0161n\u00ed bohoslu\u017eba v&nbsp;na\u0161\u00ed modlitebn\u011b byla jedin\u00e1, kter\u00e1 ve Vala\u0161sk\u00fdch sborech prob\u011bhla. D\u016fvodem byla v\u011btrn\u00e1 a sn\u011bhov\u00e1 vich\u0159ice, kter\u00e1 se v&nbsp;noci p\u0159ehnala p\u0159es Moravu a p\u0159etrhala nejedno veden\u00ed elektrick\u00e9ho proudu. Vset\u00edn i Kate\u0159inice se ocitly bez topen\u00ed a sv\u011btla, proto byla shrom\u00e1\u017ed\u011bn\u00ed zru\u0161ena. Stejn\u011b tak p\u011bveck\u00e9 vystoupen\u00ed sboru z&nbsp;Fr\u00fddlantu. Pokra\u010duj\u00edc\u00ed siln\u00fd v\u00edtr, zav\u00e1t\u00e9 cesty a n\u00e1led\u00ed byly d\u016fvodem zpo\u017ed\u011bn\u00ed \u0159ady \u010dlen\u016f, nicm\u00e9n\u011b bohoslu\u017eba nakonec prob\u011bhla dle pl\u00e1nu.<\/p>\n<p><!--more--><\/p>\n<p style=\"text-align: justify;\">\u00dakolu sobotn\u00ed \u0161koly zab\u00fdvaj\u00edc\u00ed se dluhy se chopila Ani\u010dka Petrovi\u010dov\u00e1. Zd\u00e1 se, \u017ee \u017eivot na dluh se stal v\u0161eobecn\u011b p\u0159ij\u00edman\u00fdm zp\u016fsobem existence. Bible v\u0161ak odrazuje od dluh\u016f a k\u0159es\u0165an by si proto m\u011bl velmi dob\u0159e rozmyslet, zda se zadlu\u017e\u00ed. V P\u00edsmu nach\u00e1z\u00edme des\u00edtky zm\u00ednek o dluhu \u2013 a v\u0161echny jsou negativn\u00ed. Bible netvrd\u00ed, \u017ee p\u016fj\u010dit si pen\u00edze je h\u0159\u00edch, poukazuje v\u0161ak na \u010dast\u00e9 neblah\u00e9 n\u00e1sledky takov\u00e9ho jedn\u00e1n\u00ed. Jsou situace, kter\u00e9 mus\u00edme \u0159e\u0161it pomoc\u00ed dluhu. Je v\u0161ak t\u0159eba vybrat takovou p\u016fj\u010dku, aby byla pro n\u00e1s co nejv\u00fdhodn\u011bj\u0161\u00ed a splatiteln\u00e1. Mus\u00edme se soust\u0159edit na co nejrychlej\u0161\u00ed doplacen\u00ed. Chytr\u00fdm \u0159e\u0161en\u00edm je hl\u00eddat si sv\u00e9 v\u00fddaje, nekupovat to, co nutn\u011b nepot\u0159ebuji, ne\u017e\u00edt nad pom\u011bry. Nau\u010dme se finan\u010dn\u00ed gramotnosti, abychom se nedostali do sv\u00edzeln\u00e9 situace, kdy nebudeme schopni sv\u00e9 dluhy vyrovnat.<\/p>\n<p style=\"text-align: justify;\">Za kazatelnu se dnes postavil kazatel na\u0161ich sbor\u016f Hynek Dona. Jeho zamy\u0161len\u00ed n\u00e1s varovalo p\u0159ed hled\u00e1n\u00edm chyb na sboru a na c\u00edrkvi. Pou\u017eil p\u0159\u00edb\u011bh o stavb\u011b archy, kterou Noe stav\u011bl 120 let. Nebyla dokonal\u00e1, nebyla \u00fatuln\u00e1 a \u010dist\u00e1, nebyla nezni\u010diteln\u00e1. P\u0159esto v&nbsp;n\u00ed bylo l\u00e9pe, ne\u017e mimo ni. A jen d\u00edky P\u00e1nu odolala potop\u011b. Tak\u00e9 na\u0161i \u010dlenov\u00e9 nejsou svat\u00ed, ka\u017ed\u00fd m\u00e1 n\u011bjakou chybu. I c\u00edrkev se vyv\u00edj\u00ed. C\u00edrkev v\u0161ak ustanovil Je\u017e\u00ed\u0161, nelze tedy kritizovat Jeho d\u00edlo. Sna\u017eme se rad\u011bji zm\u011bnit ka\u017ed\u00fd s\u00e1m sebe, sna\u017eme se podobat na\u0161emu vzoru Je\u017e\u00ed\u0161i. Vulg\u00e1rn\u00ed chov\u00e1n\u00ed, k\u0159ik, nad\u00e1vky a nevychovanost do sboru ur\u010dit\u011b nepat\u0159\u00ed. Zvukov\u00fd z\u00e1znam najdete na webu.<\/p>\n<p><img loading=\"lazy\" decoding=\"async\" class=\"alignnone wp-image-7547\" src=\"https:\/\/valasskemezirici.casd.cz\/wp-content\/uploads\/2023\/02\/IMG_20230204_095340-scaled.jpg\" alt=\"\" width=\"647\" height=\"863\" srcset=\"https:\/\/valasskemezirici.casd.cz\/wp-content\/uploads\/2023\/02\/IMG_20230204_095340-scaled.jpg 1920w, https:\/\/valasskemezirici.casd.cz\/wp-content\/uploads\/2023\/02\/IMG_20230204_095340-225x300.jpg 225w, https:\/\/valasskemezirici.casd.cz\/wp-content\/uploads\/2023\/02\/IMG_20230204_095340-768x1024.jpg 768w, https:\/\/valasskemezirici.casd.cz\/wp-content\/uploads\/2023\/02\/IMG_20230204_095340-1152x1536.jpg 1152w, https:\/\/valasskemezirici.casd.cz\/wp-content\/uploads\/2023\/02\/IMG_20230204_095340-1536x2048.jpg 1536w\" sizes=\"auto, (max-width: 647px) 100vw, 647px\" \/><\/p>\n","protected":false},"excerpt":{"rendered":"<p>Dne\u0161n\u00ed bohoslu\u017eba v&nbsp;na\u0161\u00ed modlitebn\u011b byla jedin\u00e1, kter\u00e1 ve Vala\u0161sk\u00fdch sborech prob\u011bhla. D\u016fvodem byla v\u011btrn\u00e1 a sn\u011bhov\u00e1 vich\u0159ice, kter\u00e1 se v&nbsp;noci p\u0159ehnala p\u0159es Moravu a p\u0159etrhala nejedno veden\u00ed elektrick\u00e9ho proudu. Vset\u00edn i Kate\u0159inice se ocitly bez topen\u00ed a sv\u011btla, proto byla shrom\u00e1\u017ed\u011bn\u00ed zru\u0161ena. Stejn\u011b tak p\u011bveck\u00e9 vystoupen\u00ed sboru z&nbsp;Fr\u00fddlantu. Pokra\u010duj\u00edc\u00ed siln\u00fd v\u00edtr, zav\u00e1t\u00e9 cesty a n\u00e1led\u00ed [&hellip;]<\/p>\n","protected":false},"author":1,"featured_media":0,"comment_status":"closed","ping_status":"open","sticky":false,"template":"","format":"standard","meta":{"ngg_post_thumbnail":0,"footnotes":""},"categories":[1],"tags":[],"class_list":["post-7546","post","type-post","status-publish","format-standard","hentry","category-nezarazene"],"_links":{"self":[{"href":"https:\/\/valasskemezirici.casd.cz\/index.php?rest_route=\/wp\/v2\/posts\/7546","targetHints":{"allow":["GET"]}}],"collection":[{"href":"https:\/\/valasskemezirici.casd.cz\/index.php?rest_route=\/wp\/v2\/posts"}],"about":[{"href":"https:\/\/valasskemezirici.casd.cz\/index.php?rest_route=\/wp\/v2\/types\/post"}],"author":[{"embeddable":true,"href":"https:\/\/valasskemezirici.casd.cz\/index.php?rest_route=\/wp\/v2\/users\/1"}],"replies":[{"embeddable":true,"href":"https:\/\/valasskemezirici.casd.cz\/index.php?rest_route=%2Fwp%2Fv2%2Fcomments&post=7546"}],"version-history":[{"count":1,"href":"https:\/\/valasskemezirici.casd.cz\/index.php?rest_route=\/wp\/v2\/posts\/7546\/revisions"}],"predecessor-version":[{"id":7548,"href":"https:\/\/valasskemezirici.casd.cz\/index.php?rest_route=\/wp\/v2\/posts\/7546\/revisions\/7548"}],"wp:attachment":[{"href":"https:\/\/valasskemezirici.casd.cz\/index.php?rest_route=%2Fwp%2Fv2%2Fmedia&parent=7546"}],"wp:term":[{"taxonomy":"category","embeddable":true,"href":"https:\/\/valasskemezirici.casd.cz\/index.php?rest_route=%2Fwp%2Fv2%2Fcategories&post=7546"},{"taxonomy":"post_tag","embeddable":true,"href":"https:\/\/valasskemezirici.casd.cz\/index.php?rest_route=%2Fwp%2Fv2%2Ftags&post=7546"}],"curies":[{"name":"wp","href":"https:\/\/api.w.org\/{rel}","templated":true}]}}