{"id":7549,"date":"2023-02-05T17:26:02","date_gmt":"2023-02-05T16:26:02","guid":{"rendered":"https:\/\/valasskemezirici.casd.cz\/?p=7549"},"modified":"2023-02-05T17:26:07","modified_gmt":"2023-02-05T16:26:07","slug":"upozorneni-13","status":"publish","type":"post","link":"https:\/\/valasskemezirici.casd.cz\/?p=7549","title":{"rendered":"Upozorn\u011bn\u00ed"},"content":{"rendered":"<h3>V sobotu 11.\u00fanora 2023 se sejdeme na spole\u010dn\u00e9 bohoslu\u017eb\u011b ve Vset\u00edn\u011b v 9.30 hodin.<\/h3>\n<h3>Prob\u011bhne setk\u00e1n\u00ed s p\u0159edsedou \u010cesko-Slovensk\u00e9 unie C\u00edrkve adventist\u016f sedm\u00e9ho dne Mikul\u00e1\u0161em Pavl\u00edkem .<\/h3>\n<p><img loading=\"lazy\" decoding=\"async\" class=\"alignnone wp-image-7550\" src=\"https:\/\/valasskemezirici.casd.cz\/wp-content\/uploads\/2023\/02\/DSC_1899.jpg\" alt=\"\" width=\"623\" height=\"415\" srcset=\"https:\/\/valasskemezirici.casd.cz\/wp-content\/uploads\/2023\/02\/DSC_1899.jpg 1300w, https:\/\/valasskemezirici.casd.cz\/wp-content\/uploads\/2023\/02\/DSC_1899-300x200.jpg 300w, https:\/\/valasskemezirici.casd.cz\/wp-content\/uploads\/2023\/02\/DSC_1899-1024x683.jpg 1024w, https:\/\/valasskemezirici.casd.cz\/wp-content\/uploads\/2023\/02\/DSC_1899-768x512.jpg 768w\" sizes=\"auto, (max-width: 623px) 100vw, 623px\" \/><\/p>\n","protected":false},"excerpt":{"rendered":"<p>V sobotu 11.\u00fanora 2023 se sejdeme na spole\u010dn\u00e9 bohoslu\u017eb\u011b ve Vset\u00edn\u011b v 9.30 hodin. Prob\u011bhne setk\u00e1n\u00ed s p\u0159edsedou \u010cesko-Slovensk\u00e9 unie C\u00edrkve adventist\u016f sedm\u00e9ho dne Mikul\u00e1\u0161em Pavl\u00edkem .<\/p>\n","protected":false},"author":1,"featured_media":0,"comment_status":"closed","ping_status":"open","sticky":false,"template":"","format":"standard","meta":{"ngg_post_thumbnail":0,"footnotes":""},"categories":[1],"tags":[],"class_list":["post-7549","post","type-post","status-publish","format-standard","hentry","category-nezarazene"],"_links":{"self":[{"href":"https:\/\/valasskemezirici.casd.cz\/index.php?rest_route=\/wp\/v2\/posts\/7549","targetHints":{"allow":["GET"]}}],"collection":[{"href":"https:\/\/valasskemezirici.casd.cz\/index.php?rest_route=\/wp\/v2\/posts"}],"about":[{"href":"https:\/\/valasskemezirici.casd.cz\/index.php?rest_route=\/wp\/v2\/types\/post"}],"author":[{"embeddable":true,"href":"https:\/\/valasskemezirici.casd.cz\/index.php?rest_route=\/wp\/v2\/users\/1"}],"replies":[{"embeddable":true,"href":"https:\/\/valasskemezirici.casd.cz\/index.php?rest_route=%2Fwp%2Fv2%2Fcomments&post=7549"}],"version-history":[{"count":1,"href":"https:\/\/valasskemezirici.casd.cz\/index.php?rest_route=\/wp\/v2\/posts\/7549\/revisions"}],"predecessor-version":[{"id":7551,"href":"https:\/\/valasskemezirici.casd.cz\/index.php?rest_route=\/wp\/v2\/posts\/7549\/revisions\/7551"}],"wp:attachment":[{"href":"https:\/\/valasskemezirici.casd.cz\/index.php?rest_route=%2Fwp%2Fv2%2Fmedia&parent=7549"}],"wp:term":[{"taxonomy":"category","embeddable":true,"href":"https:\/\/valasskemezirici.casd.cz\/index.php?rest_route=%2Fwp%2Fv2%2Fcategories&post=7549"},{"taxonomy":"post_tag","embeddable":true,"href":"https:\/\/valasskemezirici.casd.cz\/index.php?rest_route=%2Fwp%2Fv2%2Ftags&post=7549"}],"curies":[{"name":"wp","href":"https:\/\/api.w.org\/{rel}","templated":true}]}}