{"id":7552,"date":"2023-02-12T16:54:18","date_gmt":"2023-02-12T15:54:18","guid":{"rendered":"https:\/\/valasskemezirici.casd.cz\/?p=7552"},"modified":"2023-02-12T16:54:41","modified_gmt":"2023-02-12T15:54:41","slug":"aliancni-shromazdeni-7-unora-2023","status":"publish","type":"post","link":"https:\/\/valasskemezirici.casd.cz\/?p=7552","title":{"rendered":"Alian\u010dn\u00ed shrom\u00e1\u017ed\u011bn\u00ed 7.\u00fanora 2023"},"content":{"rendered":"<p style=\"text-align: justify;\">Posledn\u00ed alian\u010dn\u00ed setk\u00e1n\u00ed tohoto roku se konalo v na\u0161\u00ed modlitebn\u011b CASD. Bylo kr\u00e1sn\u00e9 d\u00edvat se na zcela zapln\u011bn\u00e9 lavice. P\u0159i hled\u00e1n\u00ed toho nejlep\u0161\u00edho m\u00edste\u010dka proch\u00e1zeli n\u00e1v\u0161t\u011bvn\u00edci okolo panel\u016f s fotografiemi z minul\u00fdch setk\u00e1n\u00ed a neopomn\u011bli si je prohl\u00e9dnout. N\u011bkte\u0159\u00ed vynal\u00e9zav\u00ed si dokonce sedli hned vedle toho panelu, na kter\u00e9 byla pr\u00e1v\u011b jejich fotka.<\/p>\n<p><!--more--><\/p>\n<p style=\"text-align: justify;\">Hlavn\u00ed slovo m\u011bl n\u00e1\u0161 vedouc\u00ed sboru Pavel Pimek. P\u0159ipomn\u011bl t\u00e9ma leto\u0161n\u00edch spole\u010dn\u00fdch bohoslu\u017eeb \u2013 \u017ealm 23, a spole\u010dn\u011b jsme v&nbsp;modlitb\u00e1ch prosili nejen za po\u017eehn\u00e1n\u00ed dne\u0161n\u00edho ve\u010dera, co\u017e se do punt\u00edku splnilo, ale tak\u00e9 za jednotu k\u0159es\u0165an\u016f, toleranci a l\u00e1sku mezi sourozenci z&nbsp;r\u016fzn\u00fdch denominac\u00ed. Chv\u00e1l\u00edc\u00ed skupinka u\u017e toto sm\u00fd\u0161len\u00ed jist\u011b m\u00e1, proto\u017ee byla \u010dist\u011b ekumenick\u00e1 \u2013 3 adventist\u00e9, 1 katol\u00edk a 1 evangel\u00edk. I p\u0159es rozd\u00edlnost c\u00edrkevn\u00edch ohr\u00e1dek jim to \u201e\u0161lapalo\u201c velmi dob\u0159e.<\/p>\n<p style=\"text-align: justify;\">Mo\u017en\u00e1 je to pouh\u00e1 n\u00e1hoda, mo\u017en\u00e1 jsou to sympatie far\u00e1\u0159e C\u00edrkve \u0159\u00edmskokatolick\u00e9 Pavla Stefana k&nbsp;na\u0161\u00ed c\u00edrkvi, ale ji\u017e n\u011bkolik\u00e1t\u00fd rok po sob\u011b slo\u017eil sv\u00fdm zamy\u0161len\u00edm v&nbsp;prostor\u00e1ch na\u0161eho sboru pr\u00e1v\u011b on. A stejn\u011b jako v&nbsp;minul\u00fdch letech nezklamal. Jak s\u00e1m \u0159\u00edk\u00e1 \u2013 k\u00e1z\u00e1n\u00ed se lehce zapomene, ale vtipy dokresluj\u00edc\u00ed k\u00e1z\u00e1n\u00ed ne. A toho se tak\u00e9 dr\u017eel. Svou \u00favahu oko\u0159enil vtipy nejen k\u0159es\u0165ansk\u00fdmi, ale i \u017eidovsk\u00fdmi. Jist\u011b si v\u0161ichni p\u0159\u00edtomn\u00ed p\u0159i vzpom\u00ednce na n\u011b upamatuj\u00ed, \u017ee by na\u0161e modlitby a B\u016fh m\u011bly spolu souviset, co je to \u201e\u017e\u00edt s&nbsp;Je\u017e\u00ed\u0161em\u201c jak\u00fd by m\u011bl b\u00fdt n\u00e1\u0161 postoj k&nbsp;bratr\u016fm z&nbsp;jin\u00fdch \u201eohr\u00e1dek\u201c, jak by na\u0161e dary nem\u011bly m\u00edt nic spole\u010dn\u00e9ho s&nbsp;mamonem,&nbsp; a \u017ee n\u00e1s P\u00e1n neopou\u0161t\u00ed v&nbsp;\u017e\u00e1dn\u00e9 situaci.<\/p>\n<p style=\"text-align: justify;\">Sou\u010d\u00e1st\u00ed alian\u010dn\u00edho shrom\u00e1\u017ed\u011bn\u00ed jsou tak\u00e9 spole\u010dn\u00e9 modlitby, sb\u00edrka pro pot\u0159ebn\u00e9, a u n\u00e1s adventist\u016f i nezbytn\u00e9 \u201ekole\u010dko\u201c, kter\u00fdm obvykle za\u010d\u00edn\u00e1me a kon\u010d\u00edme sobotu, ov\u0161em pro tuto p\u0159\u00edle\u017eitost jsme si takto zah\u00e1jili spole\u010dn\u011b dal\u0161\u00ed rok, ve kter\u00e9m se chceme sch\u00e1zet na nejr\u016fzn\u011bj\u0161\u00edch ekumenick\u00fdch akc\u00edch a rozv\u00edjet mezidenomina\u010dn\u00ed p\u0159\u00e1telstv\u00ed.<\/p>\n<p style=\"text-align: justify;\">Jak jinak ne\u017e spole\u010dn\u00fdm agap\u00e9 zakon\u010dit takov\u00e9 kr\u00e1sn\u00e9 setk\u00e1n\u00ed ! St\u016fl pln\u00fd dobrot slan\u00fdch i sladk\u00fdch p\u0159il\u00e1kal v\u0161echny p\u0159\u00edtomn\u00e9. Po chv\u00edli je ov\u0161em z&nbsp;mal\u00e9ho s\u00e1lu vyt\u00e1hl zp\u011bt do modlitebny zp\u011bv. To se p\u00edsni\u010dek milovn\u00ed brat\u0159i a sestry sesedli, aby si spole\u010dn\u011b zazp\u00edvali, a to nejen chv\u00e1ly, ale i folkov\u00e9 p\u00edsni\u010dky z&nbsp;dob na\u0161eho ml\u00e1d\u00ed. Atmosf\u00e9ra setk\u00e1n\u00ed byla \u00fa\u017easn\u00e1, n\u00e1lada p\u0159\u00e1telsk\u00e1, tak\u017ee je\u0161t\u011b ve 21 hodin se nikomu necht\u011blo dom\u016f. Vytvo\u0159ili jsme si tak trochu nebe na zemi J, a jsme za tyto chv\u00edle vd\u011b\u010dn\u00ed.<\/p>\n<p style=\"text-align: justify;\">K\u00e9\u017e n\u00e1m P\u00e1n \u017eehn\u00e1 a za rok se sejdeme op\u011bt.<\/p>\n<p style=\"text-align: justify;\"><img loading=\"lazy\" decoding=\"async\" class=\"alignnone wp-image-7553\" src=\"https:\/\/valasskemezirici.casd.cz\/wp-content\/uploads\/2023\/02\/330651160_2156838344704691_941528460670731913_n.jpg\" alt=\"\" width=\"629\" height=\"839\" srcset=\"https:\/\/valasskemezirici.casd.cz\/wp-content\/uploads\/2023\/02\/330651160_2156838344704691_941528460670731913_n.jpg 1536w, https:\/\/valasskemezirici.casd.cz\/wp-content\/uploads\/2023\/02\/330651160_2156838344704691_941528460670731913_n-225x300.jpg 225w, https:\/\/valasskemezirici.casd.cz\/wp-content\/uploads\/2023\/02\/330651160_2156838344704691_941528460670731913_n-768x1024.jpg 768w, https:\/\/valasskemezirici.casd.cz\/wp-content\/uploads\/2023\/02\/330651160_2156838344704691_941528460670731913_n-1152x1536.jpg 1152w\" sizes=\"auto, (max-width: 629px) 100vw, 629px\" \/><\/p>\n<p><img loading=\"lazy\" decoding=\"async\" class=\"alignnone wp-image-7554\" src=\"https:\/\/valasskemezirici.casd.cz\/wp-content\/uploads\/2023\/02\/330403998_576438057875601_4875688787760654441_n.jpg\" alt=\"\" width=\"626\" height=\"834\" srcset=\"https:\/\/valasskemezirici.casd.cz\/wp-content\/uploads\/2023\/02\/330403998_576438057875601_4875688787760654441_n.jpg 1536w, https:\/\/valasskemezirici.casd.cz\/wp-content\/uploads\/2023\/02\/330403998_576438057875601_4875688787760654441_n-225x300.jpg 225w, https:\/\/valasskemezirici.casd.cz\/wp-content\/uploads\/2023\/02\/330403998_576438057875601_4875688787760654441_n-768x1024.jpg 768w, https:\/\/valasskemezirici.casd.cz\/wp-content\/uploads\/2023\/02\/330403998_576438057875601_4875688787760654441_n-1152x1536.jpg 1152w\" sizes=\"auto, (max-width: 626px) 100vw, 626px\" \/><\/p>\n<p><img loading=\"lazy\" decoding=\"async\" class=\"alignnone wp-image-7556\" src=\"https:\/\/valasskemezirici.casd.cz\/wp-content\/uploads\/2023\/02\/330680523_747450396644991_4904970712953630146_n.jpg\" alt=\"\" width=\"627\" height=\"470\" srcset=\"https:\/\/valasskemezirici.casd.cz\/wp-content\/uploads\/2023\/02\/330680523_747450396644991_4904970712953630146_n.jpg 2048w, https:\/\/valasskemezirici.casd.cz\/wp-content\/uploads\/2023\/02\/330680523_747450396644991_4904970712953630146_n-300x225.jpg 300w, https:\/\/valasskemezirici.casd.cz\/wp-content\/uploads\/2023\/02\/330680523_747450396644991_4904970712953630146_n-1024x768.jpg 1024w, https:\/\/valasskemezirici.casd.cz\/wp-content\/uploads\/2023\/02\/330680523_747450396644991_4904970712953630146_n-768x576.jpg 768w, https:\/\/valasskemezirici.casd.cz\/wp-content\/uploads\/2023\/02\/330680523_747450396644991_4904970712953630146_n-1536x1152.jpg 1536w\" sizes=\"auto, (max-width: 627px) 100vw, 627px\" \/><\/p>\n<p><img loading=\"lazy\" decoding=\"async\" class=\"alignnone wp-image-7557\" src=\"https:\/\/valasskemezirici.casd.cz\/wp-content\/uploads\/2023\/02\/330744787_930666048093431_2158239496015153307_n.jpg\" alt=\"\" width=\"630\" height=\"473\" srcset=\"https:\/\/valasskemezirici.casd.cz\/wp-content\/uploads\/2023\/02\/330744787_930666048093431_2158239496015153307_n.jpg 2048w, https:\/\/valasskemezirici.casd.cz\/wp-content\/uploads\/2023\/02\/330744787_930666048093431_2158239496015153307_n-300x225.jpg 300w, https:\/\/valasskemezirici.casd.cz\/wp-content\/uploads\/2023\/02\/330744787_930666048093431_2158239496015153307_n-1024x768.jpg 1024w, https:\/\/valasskemezirici.casd.cz\/wp-content\/uploads\/2023\/02\/330744787_930666048093431_2158239496015153307_n-768x576.jpg 768w, https:\/\/valasskemezirici.casd.cz\/wp-content\/uploads\/2023\/02\/330744787_930666048093431_2158239496015153307_n-1536x1152.jpg 1536w\" sizes=\"auto, (max-width: 630px) 100vw, 630px\" \/><\/p>\n","protected":false},"excerpt":{"rendered":"<p>Posledn\u00ed alian\u010dn\u00ed setk\u00e1n\u00ed tohoto roku se konalo v na\u0161\u00ed modlitebn\u011b CASD. Bylo kr\u00e1sn\u00e9 d\u00edvat se na zcela zapln\u011bn\u00e9 lavice. P\u0159i hled\u00e1n\u00ed toho nejlep\u0161\u00edho m\u00edste\u010dka proch\u00e1zeli n\u00e1v\u0161t\u011bvn\u00edci okolo panel\u016f s fotografiemi z minul\u00fdch setk\u00e1n\u00ed a neopomn\u011bli si je prohl\u00e9dnout. N\u011bkte\u0159\u00ed vynal\u00e9zav\u00ed si dokonce sedli hned vedle toho panelu, na kter\u00e9 byla pr\u00e1v\u011b jejich fotka.<\/p>\n","protected":false},"author":1,"featured_media":0,"comment_status":"closed","ping_status":"open","sticky":false,"template":"","format":"standard","meta":{"ngg_post_thumbnail":0,"footnotes":""},"categories":[1],"tags":[],"class_list":["post-7552","post","type-post","status-publish","format-standard","hentry","category-nezarazene"],"_links":{"self":[{"href":"https:\/\/valasskemezirici.casd.cz\/index.php?rest_route=\/wp\/v2\/posts\/7552","targetHints":{"allow":["GET"]}}],"collection":[{"href":"https:\/\/valasskemezirici.casd.cz\/index.php?rest_route=\/wp\/v2\/posts"}],"about":[{"href":"https:\/\/valasskemezirici.casd.cz\/index.php?rest_route=\/wp\/v2\/types\/post"}],"author":[{"embeddable":true,"href":"https:\/\/valasskemezirici.casd.cz\/index.php?rest_route=\/wp\/v2\/users\/1"}],"replies":[{"embeddable":true,"href":"https:\/\/valasskemezirici.casd.cz\/index.php?rest_route=%2Fwp%2Fv2%2Fcomments&post=7552"}],"version-history":[{"count":2,"href":"https:\/\/valasskemezirici.casd.cz\/index.php?rest_route=\/wp\/v2\/posts\/7552\/revisions"}],"predecessor-version":[{"id":7559,"href":"https:\/\/valasskemezirici.casd.cz\/index.php?rest_route=\/wp\/v2\/posts\/7552\/revisions\/7559"}],"wp:attachment":[{"href":"https:\/\/valasskemezirici.casd.cz\/index.php?rest_route=%2Fwp%2Fv2%2Fmedia&parent=7552"}],"wp:term":[{"taxonomy":"category","embeddable":true,"href":"https:\/\/valasskemezirici.casd.cz\/index.php?rest_route=%2Fwp%2Fv2%2Fcategories&post=7552"},{"taxonomy":"post_tag","embeddable":true,"href":"https:\/\/valasskemezirici.casd.cz\/index.php?rest_route=%2Fwp%2Fv2%2Ftags&post=7552"}],"curies":[{"name":"wp","href":"https:\/\/api.w.org\/{rel}","templated":true}]}}