{"id":7561,"date":"2023-02-13T10:39:50","date_gmt":"2023-02-13T09:39:50","guid":{"rendered":"https:\/\/valasskemezirici.casd.cz\/?p=7561"},"modified":"2023-02-13T10:39:55","modified_gmt":"2023-02-13T09:39:55","slug":"sobota-11-unora-2023-vsetin-s-mikulasem-pavlikem","status":"publish","type":"post","link":"https:\/\/valasskemezirici.casd.cz\/?p=7561","title":{"rendered":"Sobota 11.\u00fanora 2023 &#8211; Vset\u00edn s Mikul\u00e1\u0161em Pavl\u00edkem"},"content":{"rendered":"<p style=\"text-align: justify;\">V&nbsp;sobotu 11.2. se se\u0161ly v\u0161echny vala\u0161sk\u00e9 sbory v&nbsp;modlitebn\u011b ve Vset\u00edn\u011b. D\u016fvodem byla n\u00e1v\u0161t\u011bva p\u0159edsedy \u010cesko-Slovensk\u00e9 unie C\u00edrkve adventist\u016f sedm\u00e9ho dne Mikul\u00e1\u0161e Pavl\u00edka s&nbsp;jeho man\u017eelkou. Bohoslu\u017ebu uv\u00e1d\u011bl bratr Jarom\u00edr Ju\u0159\u00ednek. Prvn\u00ed p\u00edse\u0148 n\u00e1s sv\u00fdmi slovy naladila na sobotn\u00ed \u0161kolu, kterou n\u00e1s provedla Lidu\u0161ka Obadalov\u00e1. \u00dakol m\u011bl&nbsp;n\u00e1zev \u201eUkl\u00e1dejte si poklady v&nbsp;nebi\u201c . Chce\u0161, aby tv\u00e9 srdce pat\u0159ilo Bo\u017e\u00edmu kr\u00e1lovstv\u00ed? Pokud ano, ulo\u017e sv\u00e9 zdroje tam, kde budou skl\u00edzet v\u011b\u010dnou odm\u011bnu. Investuj sv\u016fj \u010das, sv\u00e9 pen\u00edze a modlitby do Bo\u017e\u00edho d\u00edla. Pokud to ud\u011bl\u00e1\u0161, brzy se o toto d\u00edlo za\u010dne\u0161 zaj\u00edmat v\u00edc a bude t\u011b tam \u201en\u00e1sledovat\u201c i tv\u00e9 srdce. N\u00e1zorn\u011b jsme to sledovali u p\u011bti v\u00fdrazn\u00fdch staroz\u00e1konn\u00edch postav: u Noema, Abrahama, Lota, J\u00e1koba a Moj\u017e\u00ed\u0161e.<\/p>\n<p><!--more--><\/p>\n<p style=\"text-align: justify;\">Ty, kte\u0159\u00ed usiluj\u00ed o nebesk\u00fd poklad, B\u016fh \u010dasto vol\u00e1, aby ud\u011blali ve sv\u00e9m \u017eivot\u011b zde na zemi velk\u00e9 zm\u011bny. Bu\u010fme p\u0159ipraveni \u010delit stejn\u00e9 v\u00fdzv\u011b. M\u011bli bychom trp\u011bliv\u011b d\u011blat to, k \u010demu n\u00e1s B\u016fh povolal, v nad\u011bji na slavn\u011bj\u0161\u00ed budouc\u00ed odm\u011bnu. Nev\u00edme, kdy se Kristus vr\u00e1t\u00ed, ale v ur\u010dit\u00e9m smyslu je to jedno. Ve skute\u010dnosti z\u00e1le\u017e\u00ed jen na tom, zda d\u011bl\u00e1me to, k \u010demu jsme byli povol\u00e1ni. A podobn\u011b jako v p\u0159\u00edpad\u011b Noema to m\u016f\u017ee vy\u017eadovat velk\u00e9 \u017eivotn\u00ed zm\u011bny. B\u016fh povolal Abrahama, aby opustil svou vlast a sv\u00e9 p\u0159\u00edbuzn\u00e9 a ode\u0161el do zem\u011b, kterou mu uk\u00e1\u017ee. Ur\u010dit\u011b to nebylo jednoduch\u00e9. Tak\u00e9 v Abrahamovi vid\u00edme \u010dlov\u011bka d\u011blaj\u00edc\u00edho z\u00e1sadn\u00ed rozhodnut\u00ed. I jeho rozhodnut\u00ed u\u010din\u011bn\u00e9 jako odpov\u011b\u010f na Bo\u017e\u00ed vol\u00e1n\u00ed zm\u011bnilo nejen jeho \u017eivot, ale i \u017eivoty dal\u0161\u00edch lid\u00ed. Abrahama n\u00e1sledoval jeho synovec Lot. Oba tak zbohatli a m\u011bli tak velk\u00e1 st\u00e1da skotu, \u017ee nemohli bydlet bl\u00edzko sebe. Abraham nab\u00eddl Lotovi, aby si vybral, kde by cht\u011bl bydlet. Lot by se m\u011bl pod\u0159\u00eddit star\u0161\u00edmu Abrahamovi. Sv\u00e9mu dobrodinci v\u0161ak neprojevil \u017e\u00e1dnou vd\u011b\u010dnost a sobecky cht\u011bl to, co pova\u017eoval za nejlep\u0161\u00ed pro sebe. Jeho \u017eivot tam pro n\u011bj nedopadl v\u016fbec dob\u0159e. Lot vstoupil do Sodomy jako bohat\u00fd mu\u017e a vy\u0161el odtud t\u00e9m\u011b\u0159 bez ni\u010deho. Jak opatrn\u00ed mus\u00edme b\u00fdt p\u0159i na\u0161ich rozhodnut\u00edch! P\u0159esto\u017ee J\u00e1kob miloval Boha a b\u00e1l se jej, nakonec se sn\u00ed\u017eil k tomu, \u017ee spolu s matkou Rebekou vymysleli pl\u00e1n, jak podv\u00e9st zest\u00e1rl\u00e9ho Iz\u00e1ka a z\u00edskat pro sebe po\u017eehn\u00e1n\u00ed ur\u010den\u00e9 prvorozen\u00e9mu. Musel ut\u00e9ct, aby unikl p\u0159ed\u010dasn\u00e9 smrti. Tento chybuj\u00edc\u00ed mu\u017e bojoval s&nbsp;Majest\u00e1tem nebes a prosil o odpu\u0161t\u011bn\u00ed a po\u017eehn\u00e1n\u00ed. Na d\u016fkaz, \u017ee mu bylo odpu\u0161t\u011bno, dostal nov\u00e9 jm\u00e9no, kter\u00e9 mu bude p\u0159ipom\u00ednat jeho v\u00edt\u011bzstv\u00ed. Moj\u017e\u00ed\u0161 byl vychov\u00e1n ve v\u0161\u00ed egyptsk\u00e9 moudrosti a byl mocn\u00fd v slovech i \u010dinech. Kdy\u017e dosp\u011bl v mu\u017ee, ud\u011blal v\u011bdom\u00e9 rozhodnut\u00ed, kter\u00e9 zm\u011bnilo nejen jeho \u017eivot, ale i b\u011bh d\u011bjin. \u201eRad\u011bji cht\u011bl sn\u00e1\u0161et p\u0159\u00edko\u0159\u00ed s Bo\u017e\u00edm lidem ne\u017e na \u010das \u017e\u00edt p\u0159\u00edjemn\u011b v h\u0159\u00edchu\u201c (\u017dd 11,25).<\/p>\n<p style=\"text-align: justify;\">Na k\u00e1z\u00e1n\u00edm z&nbsp;Bo\u017e\u00edho slova Mikul\u00e1\u0161e Pavl\u00edka jsme se v\u0161ichni t\u011b\u0161ili. Zam\u00fd\u0161lel se nad Matou\u0161ov\u00fdm evangeliem kap. 5.-10. Je\u017e\u00ed\u0161 promlouval na ho\u0159e k&nbsp;dav\u016fm, vysv\u011btloval jim, kdo je v&nbsp;Bo\u017e\u00edch o\u010d\u00edch blahoslaven\u00fd, a jak se chovat, aby jejich \u010diny byly v&nbsp;souladu s&nbsp;Bo\u017e\u00ed v\u016fl\u00ed. Kdy\u017e sestoupil z&nbsp;hory, ihned ho po\u017e\u00e1dalo o pomoc mnoho lid\u00ed. A\u010d byl Je\u017e\u00ed\u0161 unaven, uzdravil a pomohl. P\u0159evedl teorii v&nbsp;praktick\u00e9 \u010diny. A to by m\u011blo b\u00fdt pou\u010den\u00edm i pro n\u00e1s- nejen teorie, ale p\u0159edev\u0161\u00edm \u010diny by m\u011bly sv\u011bd\u010dit o na\u0161\u00ed v\u00ed\u0159e. \u017d\u00e1dn\u00e1 invazivn\u00ed misie, ale vlastn\u00ed p\u0159\u00edklad p\u0159ivede dosud nev\u011b\u0159\u00edc\u00ed k&nbsp;touze po pozn\u00e1n\u00ed na\u0161eho P\u00e1na.<\/p>\n<p style=\"text-align: justify;\">I nad\u00e1le ho sledoval dav, nenechal Ho odpo\u010dinout. Je\u017e\u00ed\u0161 se oto\u010dil, shl\u00e9dl, kolik lid\u00ed jde s&nbsp;N\u00edm a tou\u017e\u00ed po dal\u0161\u00edm slovu. Povolal si pomocn\u00edky \u2013 apo\u0161toly, kter\u00fdm dal pov\u011b\u0159en\u00edm z\u00edsk\u00e1vat dal\u0161\u00ed lidi pro Boha a konat velk\u00e9 divy, stejn\u011b jako On. Sta\u0148me se i my sv\u011btlem a p\u0159\u00edkladem pro ostatn\u00ed. Audio z\u00e1znam k\u00e1z\u00e1n\u00ed najdete na na\u0161em webu.<\/p>\n<p style=\"text-align: justify;\">Tak jako v\u0161echna setk\u00e1n\u00ed vala\u0161sk\u00fdch sbor\u016f, i toto bylo ukon\u010deno spole\u010dn\u00fdm agap\u00e9, p\u0159i kter\u00e9m jsme se mohli vz\u00e1jemn\u011b sd\u00edlet a pot\u011b\u0161ovat.<\/p>\n<p><img loading=\"lazy\" decoding=\"async\" class=\"alignnone wp-image-7562\" src=\"https:\/\/valasskemezirici.casd.cz\/wp-content\/uploads\/2023\/02\/330908273_982426699387261_4584267942955130116_n.jpg\" alt=\"\" width=\"640\" height=\"480\" srcset=\"https:\/\/valasskemezirici.casd.cz\/wp-content\/uploads\/2023\/02\/330908273_982426699387261_4584267942955130116_n.jpg 956w, https:\/\/valasskemezirici.casd.cz\/wp-content\/uploads\/2023\/02\/330908273_982426699387261_4584267942955130116_n-300x225.jpg 300w, https:\/\/valasskemezirici.casd.cz\/wp-content\/uploads\/2023\/02\/330908273_982426699387261_4584267942955130116_n-768x576.jpg 768w\" sizes=\"auto, (max-width: 640px) 100vw, 640px\" \/><\/p>\n","protected":false},"excerpt":{"rendered":"<p>V&nbsp;sobotu 11.2. se se\u0161ly v\u0161echny vala\u0161sk\u00e9 sbory v&nbsp;modlitebn\u011b ve Vset\u00edn\u011b. D\u016fvodem byla n\u00e1v\u0161t\u011bva p\u0159edsedy \u010cesko-Slovensk\u00e9 unie C\u00edrkve adventist\u016f sedm\u00e9ho dne Mikul\u00e1\u0161e Pavl\u00edka s&nbsp;jeho man\u017eelkou. Bohoslu\u017ebu uv\u00e1d\u011bl bratr Jarom\u00edr Ju\u0159\u00ednek. Prvn\u00ed p\u00edse\u0148 n\u00e1s sv\u00fdmi slovy naladila na sobotn\u00ed \u0161kolu, kterou n\u00e1s provedla Lidu\u0161ka Obadalov\u00e1. \u00dakol m\u011bl&nbsp;n\u00e1zev \u201eUkl\u00e1dejte si poklady v&nbsp;nebi\u201c . Chce\u0161, aby tv\u00e9 srdce pat\u0159ilo [&hellip;]<\/p>\n","protected":false},"author":1,"featured_media":0,"comment_status":"closed","ping_status":"open","sticky":false,"template":"","format":"standard","meta":{"ngg_post_thumbnail":0,"footnotes":""},"categories":[1],"tags":[],"class_list":["post-7561","post","type-post","status-publish","format-standard","hentry","category-nezarazene"],"_links":{"self":[{"href":"https:\/\/valasskemezirici.casd.cz\/index.php?rest_route=\/wp\/v2\/posts\/7561","targetHints":{"allow":["GET"]}}],"collection":[{"href":"https:\/\/valasskemezirici.casd.cz\/index.php?rest_route=\/wp\/v2\/posts"}],"about":[{"href":"https:\/\/valasskemezirici.casd.cz\/index.php?rest_route=\/wp\/v2\/types\/post"}],"author":[{"embeddable":true,"href":"https:\/\/valasskemezirici.casd.cz\/index.php?rest_route=\/wp\/v2\/users\/1"}],"replies":[{"embeddable":true,"href":"https:\/\/valasskemezirici.casd.cz\/index.php?rest_route=%2Fwp%2Fv2%2Fcomments&post=7561"}],"version-history":[{"count":1,"href":"https:\/\/valasskemezirici.casd.cz\/index.php?rest_route=\/wp\/v2\/posts\/7561\/revisions"}],"predecessor-version":[{"id":7563,"href":"https:\/\/valasskemezirici.casd.cz\/index.php?rest_route=\/wp\/v2\/posts\/7561\/revisions\/7563"}],"wp:attachment":[{"href":"https:\/\/valasskemezirici.casd.cz\/index.php?rest_route=%2Fwp%2Fv2%2Fmedia&parent=7561"}],"wp:term":[{"taxonomy":"category","embeddable":true,"href":"https:\/\/valasskemezirici.casd.cz\/index.php?rest_route=%2Fwp%2Fv2%2Fcategories&post=7561"},{"taxonomy":"post_tag","embeddable":true,"href":"https:\/\/valasskemezirici.casd.cz\/index.php?rest_route=%2Fwp%2Fv2%2Ftags&post=7561"}],"curies":[{"name":"wp","href":"https:\/\/api.w.org\/{rel}","templated":true}]}}