{"id":7568,"date":"2023-02-13T13:44:51","date_gmt":"2023-02-13T12:44:51","guid":{"rendered":"https:\/\/valasskemezirici.casd.cz\/?p=7568"},"modified":"2023-02-13T13:44:54","modified_gmt":"2023-02-13T12:44:54","slug":"narodni-tyden-manzelstvi-2023","status":"publish","type":"post","link":"https:\/\/valasskemezirici.casd.cz\/?p=7568","title":{"rendered":"N\u00e1rodn\u00ed t\u00fdden man\u017eelstv\u00ed 2023"},"content":{"rendered":"<div class=\"block block-text\">\n<div class=\"container container_5-7\">\n<p><img loading=\"lazy\" decoding=\"async\" class=\"alignnone wp-image-7569\" src=\"https:\/\/valasskemezirici.casd.cz\/wp-content\/uploads\/2023\/02\/NTM-2023.jpg\" alt=\"\" width=\"577\" height=\"818\" srcset=\"https:\/\/valasskemezirici.casd.cz\/wp-content\/uploads\/2023\/02\/NTM-2023.jpg 830w, https:\/\/valasskemezirici.casd.cz\/wp-content\/uploads\/2023\/02\/NTM-2023-212x300.jpg 212w, https:\/\/valasskemezirici.casd.cz\/wp-content\/uploads\/2023\/02\/NTM-2023-722x1024.jpg 722w, https:\/\/valasskemezirici.casd.cz\/wp-content\/uploads\/2023\/02\/NTM-2023-768x1089.jpg 768w\" sizes=\"auto, (max-width: 577px) 100vw, 577px\" \/><\/p>\n<p style=\"text-align: justify;\">V dob\u011b&nbsp;<strong>od 13. do 19. \u00fanora 2023<\/strong>&nbsp;prob\u011bhne&nbsp;<strong>N\u00e1rodn\u00ed t\u00fdden man\u017eelstv\u00ed&nbsp;<\/strong>(d\u00e1le jen NTM)<strong>.<\/strong>&nbsp;Pro leto\u0161n\u00ed ro\u010dn\u00edk zvolili jeho koordin\u00e1to\u0159i zaj\u00edmav\u00e9 motto:&nbsp;<strong>\u201eMan\u017eelsk\u00e9 kontrasty.\u201c&nbsp;<\/strong>Cel\u00fd t\u00fdden se tak budeme moci zam\u00fd\u0161let nad t\u00edm, zda navzdory odli\u0161nostem m\u016f\u017eeme v&nbsp;na\u0161ich man\u017eelstv\u00edch budovat harmonick\u00e9 vztahy. Koordin\u00e1tory NTM pot\u011b\u0161\u00ed, kdy\u017e se do p\u0159\u00edprav a realizace t\u00e9to ob\u010dansk\u00e9 iniciativy jako c\u00edrkev znovu aktivn\u011b zapoj\u00edme. &nbsp;<\/p>\n<\/div>\n<\/div>\n<p><!--more--><\/p>\n<div class=\"block block-text\" style=\"text-align: justify;\">\n<div class=\"container container_5-7\">\n<p>Stejn\u011b jako ka\u017ed\u00fd rok pro v\u00e1s i letos odd\u011blen\u00ed slu\u017eby rodin\u00e1m CASD ve spolupr\u00e1ci s&nbsp;nakladatelstv\u00edm Advent na dan\u00e9 t\u00e9ma p\u0159ipravilo inspira\u010dn\u00ed materi\u00e1ly<strong>,&nbsp;<a href=\"https:\/\/www.adventorion.cz\/ke-stazeni\/modlitebni-prednasky-2023\" rel=\"noopener\">tedy sborn\u00edk sedmi p\u0159edn\u00e1\u0161ek<\/a><\/strong>. Sepsali je pro v\u00e1s auto\u0159i, kte\u0159\u00ed se ji\u017e l\u00e9ta zab\u00fdvaj\u00ed rodinnou problematikou (Ji\u0159\u00ed Unger, Petr Adame, So\u0148a S\u00edlov\u00e1, Ludv\u00edk \u0160vih\u00e1lek, Mikol\u00e1\u0161 Pavl\u00edk man\u017eel\u00e9 Chl\u00e1dkovi a Filip Furst). Jejich p\u0159edn\u00e1\u0161ky se b\u011bhem NTM mohou st\u00e1t vhodnou inspirac\u00ed pro man\u017eelsk\u00e9 \u010dten\u00ed p\u0159ed span\u00edm, nebo n\u00e1m\u011btem k&nbsp;rozhovor\u016fm v&nbsp;r\u00e1mci modlitebn\u00edch setk\u00e1n\u00ed odd\u011blen\u00ed k\u0159es\u0165ansk\u00e9ho domova, kter\u00e9 v&nbsp;r\u00e1mci NTM ve va\u0161em sboru zorganizujete. &nbsp;&nbsp;&nbsp;&nbsp;&nbsp;&nbsp;&nbsp;&nbsp;<\/p>\n<\/div>\n<\/div>\n<div class=\"block block-text\" style=\"text-align: justify;\">\n<div class=\"container container_5-7\">\n<p>D\u00edky tomu, \u017ee je NTM iniciativou ob\u010danskou a n\u00e1rodn\u00ed, se n\u00e1m jako c\u00edrkvi nab\u00edz\u00ed jedine\u010dn\u00e1 p\u0159\u00edle\u017eitost k&nbsp;nav\u00e1z\u00e1n\u00ed kontakt\u016f se spoluob\u010dany na\u0161ich m\u011bst a obc\u00ed. P\u0159ipravme pro n\u011b aktivity, kter\u00e9 jim p\u0159ipomenou jak velik\u00fd v\u00fdznam v&nbsp;\u017eivot\u011b jednotlivc\u016f i spole\u010dnosti man\u017eelstv\u00ed m\u00e1. Pozv\u011bme do na\u0161ich sbor\u016f odborn\u00edky, kte\u0159\u00ed si na t\u00e9ma NTM p\u0159iprav\u00ed p\u0159edn\u00e1\u0161ku, nebo lidem nab\u00eddn\u011bme p\u0159\u00edle\u017eitost k \u00fa\u010dasti na velkoplo\u0161n\u00e9 projekci \u017eiv\u00e9ho kontaktn\u00edho po\u0159adu s&nbsp;odborn\u00edkem, kter\u00fd ve st\u0159edu ve\u010der&nbsp;15. \u00fanora v&nbsp;18:00 odvys\u00edl\u00e1 Hope TV. Na dobu p\u0159edn\u00e1\u0161ky pro jejich d\u011bti ve spolupr\u00e1ci s&nbsp;m\u00edstn\u00edm odd\u00edlem Klubu Pathfinder p\u0159ipravme zaj\u00edmav\u00fd program, nebo mal\u00fdm n\u00e1v\u0161t\u011bvn\u00edk\u016fm prom\u00edtn\u011bme po\u0159ady pln\u00e9 p\u0159\u00edb\u011bh\u016f a p\u00edsni\u010dek, kter\u00e9 pro n\u011b k NTM p\u0159ipravil ASR ve spolupr\u00e1ci s televiz\u00ed Hope TV. V&nbsp;z\u00e1v\u011bru t\u00fddne zorganizujme rodinnou bohoslu\u017ebu a v ned\u011bli pro rodiny z&nbsp;m\u011bsta d\u011btsk\u00fd den. Tohle a cel\u00e1 \u0159adu dal\u0161\u00edch mo\u017en\u00fdch aktivit byste p\u0159\u00ed\u0161t\u00ed t\u00fdden ve va\u0161ich sborech mohli podniknout. P\u0159edev\u0161\u00edm si v\u0161ak jako man\u017eel\u00e9 ud\u011blejte \u010das jedni na druh\u00e9 a na sv\u00e9 d\u011bti. &nbsp;<\/p>\n<\/div>\n<\/div>\n<div class=\"block block-text\">\n<div class=\"container container_5-7\">\n<p style=\"text-align: justify;\">Modl\u00edme se za v\u00e1s a v\u011b\u0159\u00edme, \u017ee leto\u0161n\u00ed NTM spln\u00ed sv\u016fj \u00fa\u010del.&nbsp; &nbsp;&nbsp;&nbsp;<\/p>\n<\/div>\n<\/div>\n<div class=\"block block-text align-right\">\n<div class=\"container container_5-7\">\n<p>&nbsp;&nbsp;&nbsp;&nbsp;&nbsp;&nbsp;&nbsp;&nbsp;&nbsp;&nbsp;&nbsp;&nbsp;&nbsp;&nbsp;&nbsp;&nbsp;&nbsp;&nbsp;&nbsp;&nbsp;&nbsp;&nbsp;&nbsp;&nbsp;&nbsp;&nbsp;&nbsp;&nbsp;&nbsp;&nbsp;&nbsp;&nbsp;&nbsp;&nbsp;&nbsp;&nbsp;&nbsp;&nbsp;&nbsp;&nbsp;&nbsp;&nbsp;&nbsp;&nbsp;&nbsp;&nbsp;&nbsp;&nbsp;&nbsp;&nbsp;&nbsp;&nbsp;&nbsp;&nbsp;&nbsp;&nbsp;&nbsp;&nbsp;&nbsp;&nbsp;&nbsp;&nbsp;&nbsp;&nbsp;&nbsp;&nbsp;&nbsp;&nbsp;&nbsp;&nbsp;&nbsp;&nbsp;&nbsp;&nbsp;&nbsp;&nbsp;&nbsp;&nbsp;&nbsp;&nbsp;&nbsp;&nbsp;<em>&nbsp;&nbsp;&nbsp;&nbsp;&nbsp;&nbsp;&nbsp;&nbsp;&nbsp;&nbsp;&nbsp;&nbsp;&nbsp;&nbsp;&nbsp;&nbsp;&nbsp;&nbsp;&nbsp;&nbsp;&nbsp;&nbsp;&nbsp;&nbsp;&nbsp;&nbsp;&nbsp;&nbsp;&nbsp;&nbsp;&nbsp;&nbsp;&nbsp;&nbsp;&nbsp; Radek Jonczy a Petr Adame&nbsp;<\/em><\/p>\n<\/div>\n<\/div>\n","protected":false},"excerpt":{"rendered":"<p>V dob\u011b&nbsp;od 13. do 19. \u00fanora 2023&nbsp;prob\u011bhne&nbsp;N\u00e1rodn\u00ed t\u00fdden man\u017eelstv\u00ed&nbsp;(d\u00e1le jen NTM).&nbsp;Pro leto\u0161n\u00ed ro\u010dn\u00edk zvolili jeho koordin\u00e1to\u0159i zaj\u00edmav\u00e9 motto:&nbsp;\u201eMan\u017eelsk\u00e9 kontrasty.\u201c&nbsp;Cel\u00fd t\u00fdden se tak budeme moci zam\u00fd\u0161let nad t\u00edm, zda navzdory odli\u0161nostem m\u016f\u017eeme v&nbsp;na\u0161ich man\u017eelstv\u00edch budovat harmonick\u00e9 vztahy. Koordin\u00e1tory NTM pot\u011b\u0161\u00ed, kdy\u017e se do p\u0159\u00edprav a realizace t\u00e9to ob\u010dansk\u00e9 iniciativy jako c\u00edrkev znovu aktivn\u011b zapoj\u00edme. &nbsp;<\/p>\n","protected":false},"author":1,"featured_media":0,"comment_status":"closed","ping_status":"open","sticky":false,"template":"","format":"standard","meta":{"ngg_post_thumbnail":0,"footnotes":""},"categories":[1],"tags":[],"class_list":["post-7568","post","type-post","status-publish","format-standard","hentry","category-nezarazene"],"_links":{"self":[{"href":"https:\/\/valasskemezirici.casd.cz\/index.php?rest_route=\/wp\/v2\/posts\/7568","targetHints":{"allow":["GET"]}}],"collection":[{"href":"https:\/\/valasskemezirici.casd.cz\/index.php?rest_route=\/wp\/v2\/posts"}],"about":[{"href":"https:\/\/valasskemezirici.casd.cz\/index.php?rest_route=\/wp\/v2\/types\/post"}],"author":[{"embeddable":true,"href":"https:\/\/valasskemezirici.casd.cz\/index.php?rest_route=\/wp\/v2\/users\/1"}],"replies":[{"embeddable":true,"href":"https:\/\/valasskemezirici.casd.cz\/index.php?rest_route=%2Fwp%2Fv2%2Fcomments&post=7568"}],"version-history":[{"count":1,"href":"https:\/\/valasskemezirici.casd.cz\/index.php?rest_route=\/wp\/v2\/posts\/7568\/revisions"}],"predecessor-version":[{"id":7570,"href":"https:\/\/valasskemezirici.casd.cz\/index.php?rest_route=\/wp\/v2\/posts\/7568\/revisions\/7570"}],"wp:attachment":[{"href":"https:\/\/valasskemezirici.casd.cz\/index.php?rest_route=%2Fwp%2Fv2%2Fmedia&parent=7568"}],"wp:term":[{"taxonomy":"category","embeddable":true,"href":"https:\/\/valasskemezirici.casd.cz\/index.php?rest_route=%2Fwp%2Fv2%2Fcategories&post=7568"},{"taxonomy":"post_tag","embeddable":true,"href":"https:\/\/valasskemezirici.casd.cz\/index.php?rest_route=%2Fwp%2Fv2%2Ftags&post=7568"}],"curies":[{"name":"wp","href":"https:\/\/api.w.org\/{rel}","templated":true}]}}