{"id":7571,"date":"2023-02-13T13:45:57","date_gmt":"2023-02-13T12:45:57","guid":{"rendered":"https:\/\/valasskemezirici.casd.cz\/?p=7571"},"modified":"2023-02-13T13:46:00","modified_gmt":"2023-02-13T12:46:00","slug":"beseda-adra-klubu-zdravi-v-ramci-narodniho-tydne-manzelstvi","status":"publish","type":"post","link":"https:\/\/valasskemezirici.casd.cz\/?p=7571","title":{"rendered":"Beseda Adra Klubu zdrav\u00ed v r\u00e1mci N\u00e1rodn\u00edho t\u00fddne man\u017eelstv\u00ed"},"content":{"rendered":"<p><img loading=\"lazy\" decoding=\"async\" class=\"alignnone wp-image-7566\" src=\"https:\/\/valasskemezirici.casd.cz\/wp-content\/uploads\/2023\/02\/Pozvanka-Petr-Wiselka-scaled.jpg\" alt=\"\" width=\"616\" height=\"839\" srcset=\"https:\/\/valasskemezirici.casd.cz\/wp-content\/uploads\/2023\/02\/Pozvanka-Petr-Wiselka-scaled.jpg 1879w, https:\/\/valasskemezirici.casd.cz\/wp-content\/uploads\/2023\/02\/Pozvanka-Petr-Wiselka-220x300.jpg 220w, https:\/\/valasskemezirici.casd.cz\/wp-content\/uploads\/2023\/02\/Pozvanka-Petr-Wiselka-752x1024.jpg 752w, https:\/\/valasskemezirici.casd.cz\/wp-content\/uploads\/2023\/02\/Pozvanka-Petr-Wiselka-768x1046.jpg 768w, https:\/\/valasskemezirici.casd.cz\/wp-content\/uploads\/2023\/02\/Pozvanka-Petr-Wiselka-1127x1536.jpg 1127w, https:\/\/valasskemezirici.casd.cz\/wp-content\/uploads\/2023\/02\/Pozvanka-Petr-Wiselka-1503x2048.jpg 1503w\" sizes=\"auto, (max-width: 616px) 100vw, 616px\" \/><\/p>\n","protected":false},"excerpt":{"rendered":"","protected":false},"author":1,"featured_media":0,"comment_status":"closed","ping_status":"open","sticky":false,"template":"","format":"standard","meta":{"ngg_post_thumbnail":0,"footnotes":""},"categories":[1],"tags":[],"class_list":["post-7571","post","type-post","status-publish","format-standard","hentry","category-nezarazene"],"_links":{"self":[{"href":"https:\/\/valasskemezirici.casd.cz\/index.php?rest_route=\/wp\/v2\/posts\/7571","targetHints":{"allow":["GET"]}}],"collection":[{"href":"https:\/\/valasskemezirici.casd.cz\/index.php?rest_route=\/wp\/v2\/posts"}],"about":[{"href":"https:\/\/valasskemezirici.casd.cz\/index.php?rest_route=\/wp\/v2\/types\/post"}],"author":[{"embeddable":true,"href":"https:\/\/valasskemezirici.casd.cz\/index.php?rest_route=\/wp\/v2\/users\/1"}],"replies":[{"embeddable":true,"href":"https:\/\/valasskemezirici.casd.cz\/index.php?rest_route=%2Fwp%2Fv2%2Fcomments&post=7571"}],"version-history":[{"count":1,"href":"https:\/\/valasskemezirici.casd.cz\/index.php?rest_route=\/wp\/v2\/posts\/7571\/revisions"}],"predecessor-version":[{"id":7572,"href":"https:\/\/valasskemezirici.casd.cz\/index.php?rest_route=\/wp\/v2\/posts\/7571\/revisions\/7572"}],"wp:attachment":[{"href":"https:\/\/valasskemezirici.casd.cz\/index.php?rest_route=%2Fwp%2Fv2%2Fmedia&parent=7571"}],"wp:term":[{"taxonomy":"category","embeddable":true,"href":"https:\/\/valasskemezirici.casd.cz\/index.php?rest_route=%2Fwp%2Fv2%2Fcategories&post=7571"},{"taxonomy":"post_tag","embeddable":true,"href":"https:\/\/valasskemezirici.casd.cz\/index.php?rest_route=%2Fwp%2Fv2%2Ftags&post=7571"}],"curies":[{"name":"wp","href":"https:\/\/api.w.org\/{rel}","templated":true}]}}