{"id":7577,"date":"2023-02-19T14:47:34","date_gmt":"2023-02-19T13:47:34","guid":{"rendered":"https:\/\/valasskemezirici.casd.cz\/?p=7577"},"modified":"2023-02-19T19:21:14","modified_gmt":"2023-02-19T18:21:14","slug":"sobota-18-unora-2023","status":"publish","type":"post","link":"https:\/\/valasskemezirici.casd.cz\/?p=7577","title":{"rendered":"Sobota 18.\u00fanora 2023"},"content":{"rendered":"<p style=\"text-align: justify;\">Dne\u0161n\u00ed shrom\u00e1\u017ed\u011bn\u00ed by se dalo bez nads\u00e1zky nazvat mezin\u00e1rodn\u00ed. A nemluv\u00edme tady o seskupen\u00ed \u010ce\u0161i, Morav\u00e1ci a Slezan\u00e9. V na\u0161em sbore\u010dku se se\u0161li z\u00e1stupci nejen \u010desk\u00e9 majority, ale tak\u00e9 sourozenci z Ukrajiny, dalek\u00fdch Spojen\u00fdch st\u00e1t\u016f a Mexika. Tak\u017ee Hi ! , Hola ! nebo Privit ! a jde se na sobotn\u00ed \u0161kolu.<\/p>\n<p><!--more--><\/p>\n<p style=\"text-align: justify;\">T\u00e9matem dnes bylo \u201eJednomu z t\u011bchto m\u00fdch nepatrn\u00fdch&#8230;\u201c a \u00fakolem n\u00e1s provedl vedouc\u00ed sboru Pavel Pimek. Bible \u010dasto mluv\u00ed o sirotc\u00edch, vdov\u00e1ch, cizinc\u00edch a p\u0159ist\u011bhovalc\u00edch. V\u0161ichni tito lid\u00e9 pat\u0159\u00ed do skupiny t\u011bch, o nich\u017e Je\u017e\u00ed\u0161 mluvil jako o \u201enepatrn\u00fdch brat\u0159\u00edch\u201c. Kdo pat\u0159\u00ed do t\u00e9to skupiny dnes? Ur\u010dit\u011b miliony uprchl\u00edk\u016f, kte\u0159\u00ed se ocitli v nouzi vinou okolnost\u00ed, za kter\u00e9 nemohou. D\u011bti, kter\u00e9 p\u0159i\u0161ly o otce nebo matku kv\u016fli v\u00e1lce, nehod\u011b nebo nemoci. Do t\u00e9to skupiny by mohli pat\u0159it i ti, jejich\u017e rodi\u010de jsou ve v\u011bzen\u00ed nebo jsou z\u00e1visl\u00ed na drog\u00e1ch a nemohou nebo se necht\u011bj\u00ed o n\u011b starat. Vdovy nebo vdovci p\u0159i\u0161li o sv\u00e9 partnery z podobn\u00fdch d\u016fvod\u016f, jako d\u011bti p\u0159ich\u00e1zej\u00ed o sv\u00e9 rodi\u010de. Mnoz\u00ed z nich jsou hlavou ne\u00fapln\u00e9 rodiny a pot\u0159ebuj\u00ed pomoc, jej\u00ed\u017e \u010d\u00e1st na sebe m\u016f\u017ee p\u0159evz\u00edt i c\u00edrkev. Chceme-li n\u00e1sledovat Je\u017e\u00ed\u0161\u016fv p\u0159\u00edklad a b\u00fdt v\u011brni jeho p\u0159\u00edkaz\u016fm, pak pomoc pot\u0159ebn\u00fdm nen\u00ed v\u011bc volby, ale na\u0161e povinnost.<\/p>\n<p style=\"text-align: justify;\">Tento t\u00fdden jsme pro\u017e\u00edvali N\u00e1rodn\u00ed t\u00fdden man\u017eelstv\u00ed. Se\u0161li jsme se 2x v&nbsp;dom\u00e1cnostech na\u0161ich bratr\u016f a sester, abychom si pro\u0161li p\u0159edn\u00e1\u0161ky na\u0161\u00ed c\u00edrkve vytvo\u0159en\u00e9 k&nbsp;tomuto t\u00e9matu, a spole\u010dn\u011b se modlili nejen za na\u0161e man\u017eelstv\u00ed. Nejd\u016fle\u017eit\u011bj\u0161\u00ed momenty p\u0159edn\u00e1\u0161ek n\u00e1m p\u0159ipomn\u011bla Kv\u011bta Ty\u0161erov\u00e1.<\/p>\n<p><img loading=\"lazy\" decoding=\"async\" class=\"alignnone wp-image-7578\" src=\"https:\/\/valasskemezirici.casd.cz\/wp-content\/uploads\/2023\/02\/331068579_844261420000930_6279426751951077426_n.jpg\" alt=\"\" width=\"604\" height=\"805\" srcset=\"https:\/\/valasskemezirici.casd.cz\/wp-content\/uploads\/2023\/02\/331068579_844261420000930_6279426751951077426_n.jpg 1536w, https:\/\/valasskemezirici.casd.cz\/wp-content\/uploads\/2023\/02\/331068579_844261420000930_6279426751951077426_n-225x300.jpg 225w, https:\/\/valasskemezirici.casd.cz\/wp-content\/uploads\/2023\/02\/331068579_844261420000930_6279426751951077426_n-768x1024.jpg 768w, https:\/\/valasskemezirici.casd.cz\/wp-content\/uploads\/2023\/02\/331068579_844261420000930_6279426751951077426_n-1152x1536.jpg 1152w\" sizes=\"auto, (max-width: 604px) 100vw, 604px\" \/> <img loading=\"lazy\" decoding=\"async\" class=\"alignnone wp-image-7579\" src=\"https:\/\/valasskemezirici.casd.cz\/wp-content\/uploads\/2023\/02\/331074306_1376001966550605_6525288172697540886_n.jpg\" alt=\"\" width=\"602\" height=\"803\" srcset=\"https:\/\/valasskemezirici.casd.cz\/wp-content\/uploads\/2023\/02\/331074306_1376001966550605_6525288172697540886_n.jpg 1536w, https:\/\/valasskemezirici.casd.cz\/wp-content\/uploads\/2023\/02\/331074306_1376001966550605_6525288172697540886_n-225x300.jpg 225w, https:\/\/valasskemezirici.casd.cz\/wp-content\/uploads\/2023\/02\/331074306_1376001966550605_6525288172697540886_n-768x1024.jpg 768w, https:\/\/valasskemezirici.casd.cz\/wp-content\/uploads\/2023\/02\/331074306_1376001966550605_6525288172697540886_n-1152x1536.jpg 1152w\" sizes=\"auto, (max-width: 602px) 100vw, 602px\" \/><\/p>\n<p style=\"text-align: justify;\">K\u00e1z\u00e1n\u00edm z&nbsp;Bo\u017e\u00edho slova n\u00e1m poslou\u017eil Bohumil Mro\u010dek. Nad textem Gen 27, 1.-45. se zam\u00fd\u0161lel nad ot\u00e1zkou spr\u00e1vn\u00e9 volby. Ve sv\u00e9m \u017eivot\u011b d\u011bl\u00e1me \u0159adu rozhodnut\u00ed. Ale jsou spr\u00e1vn\u00e1? Neseme si n\u00e1sledky? Mrz\u00ed n\u00e1s na\u0161e volba? Ka\u017ed\u00fd z&nbsp;akt\u00e9r\u016f zm\u00edn\u011bn\u00e9ho p\u0159\u00edb\u011bhu ud\u011blal v&nbsp;jistou chv\u00edli nespr\u00e1vn\u00e9 rozhodnut\u00ed \u2013 Abraham, Iz\u00e1k, Ezau i Rebeka. Hospodin v\u011bd\u011bl, co se chyst\u00e1, znal povahu jednotlivc\u016f. Iz\u00e1k m\u011bl z\u0159ejm\u011b lep\u0161\u00ed vztah k&nbsp;Ezauovi, cht\u011bl mu ud\u011blit po\u017eehn\u00e1n\u00ed. Do p\u0159\u00edb\u011bhu se vkl\u00e1d\u00e1 Rebeka, kter\u00e1 up\u0159ednost\u0148ovala Iz\u00e1ka. Zosnovala podvod, na kter\u00fd Iz\u00e1k p\u0159istoupil. Pl\u00e1n vy\u0161el, Abraham nev\u011bdomky po\u017eehnal mlad\u0161\u00edmu synovi. Vyd\u011bsil se, kdy\u017e zjistil pravdu, ale zp\u011bt po\u017eehn\u00e1n\u00ed vz\u00edt nemohl. Ezau u\u017e v&nbsp;ml\u00e1d\u00ed vym\u011bnil sv\u00e9 prvorozenstv\u00ed&nbsp; za j\u00eddlo, pozd\u011bji se proti v\u016fli rodi\u010d\u016f o\u017eenil s&nbsp;chetejsk\u00fdmi \u017eenami. Te\u010f se rozzlobil na sv\u00e9ho bratra a vyhro\u017eoval jeho zabit\u00edm. &nbsp;Rebeka byla chv\u00edlemi bl\u00edzko Bohu, chv\u00edlemi velmi daleko. Sv\u00fdm \u0161patn\u00fdm rozhodnut\u00edm rozbila rodinu \u2013 Iz\u00e1k musel uprchnout a Ezau tak\u00e9 od rodiny ode\u0161el. Jist\u011b sv\u00e9ho rozhodnut\u00ed litovala.<\/p>\n<p style=\"text-align: justify;\">Hospodin na\u0161e \u0161patn\u00e1 rozhodnut\u00ed neschvaluje, ale ani n\u00e1m nebr\u00e1n\u00ed je u\u010dinit. Neseme si za n\u011b n\u00e1sledky. \u0160patn\u00e1 rozhodnut\u00ed n\u00e1s mohou pron\u00e1sledovat cel\u00fd \u017eivot. B\u016fh n\u00e1m v\u0161ak v\u017edy odpust\u00ed, pokud o to po\u017e\u00e1d\u00e1me. &nbsp;Mus\u00edme se nau\u010dit p\u0159ij\u00edmat kvalitn\u00ed rozhodnut\u00ed.<\/p>\n<p style=\"text-align: justify;\">Audio z\u00e1znam k\u00e1z\u00e1n\u00ed si m\u016f\u017eete poslechnout na odkazu K\u00c1Z\u00c1N\u00cd.<\/p>\n<p style=\"text-align: justify;\">Ukrajinsk\u00e1 pohostinnost je zn\u00e1m\u00e1. A tak jsme se dnes po dopoledn\u00ed bohoslu\u017eb\u011b op\u011bt se\u0161li na drobn\u00e9 poho\u0161t\u011bn\u00ed, kter\u00e9 n\u00e1m p\u0159ipravila Sv\u011btlanka u p\u0159\u00edle\u017eitosti sv\u00fdch narozenin. O tom, \u017ee n\u00e1m moc chutnalo, nen\u00ed v\u016fbec pochyb. D\u011bkujeme \u00a9.<\/p>\n<p style=\"text-align: justify;\">Z&nbsp;\u0159ad na\u0161ich sourozenc\u016f zazn\u011bl povzdech, \u017ee se u n\u00e1s m\u00e1lo zp\u00edv\u00e1, recituje a tak podobn\u011b. V&nbsp;d\u0159\u00edv\u011bj\u0161\u00edch dob\u00e1ch v\u011bci naprosto b\u011b\u017en\u00e9. A tak jsme se rozhodli, \u017ee to naprav\u00edme, aby na\u0161e bohoslu\u017eby byly veselej\u0161\u00ed. Na ka\u017edou sobotu si p\u0159iprav\u00ed n\u011bkdo z&nbsp;n\u00e1s libovoln\u00fd p\u0159\u00edsp\u011bvek \u2013 slov\u00ed\u010dko, p\u00edsni\u010dku, p\u011bkn\u00fd \u010dl\u00e1nek, kr\u00e1snou modlitbu, zku\u0161enost \u2013 a na\u0161e setk\u00e1n\u00ed obohat\u00ed. Kdo to bude p\u0159\u00ed\u0161t\u00ed sobotu? Nechte se p\u0159ekvapit.<\/p>\n<p style=\"text-align: justify;\"><img loading=\"lazy\" decoding=\"async\" class=\"alignnone wp-image-7580\" src=\"https:\/\/valasskemezirici.casd.cz\/wp-content\/uploads\/2023\/02\/330932158_601905545119143_615652229261307023_n.jpg\" alt=\"\" width=\"595\" height=\"794\" srcset=\"https:\/\/valasskemezirici.casd.cz\/wp-content\/uploads\/2023\/02\/330932158_601905545119143_615652229261307023_n.jpg 1536w, https:\/\/valasskemezirici.casd.cz\/wp-content\/uploads\/2023\/02\/330932158_601905545119143_615652229261307023_n-225x300.jpg 225w, https:\/\/valasskemezirici.casd.cz\/wp-content\/uploads\/2023\/02\/330932158_601905545119143_615652229261307023_n-768x1024.jpg 768w, https:\/\/valasskemezirici.casd.cz\/wp-content\/uploads\/2023\/02\/330932158_601905545119143_615652229261307023_n-1152x1536.jpg 1152w\" sizes=\"auto, (max-width: 595px) 100vw, 595px\" \/> <img loading=\"lazy\" decoding=\"async\" class=\"alignnone wp-image-7581\" src=\"https:\/\/valasskemezirici.casd.cz\/wp-content\/uploads\/2023\/02\/331004758_4138786603013735_7007902546033846723_n.jpg\" alt=\"\" width=\"595\" height=\"446\" srcset=\"https:\/\/valasskemezirici.casd.cz\/wp-content\/uploads\/2023\/02\/331004758_4138786603013735_7007902546033846723_n.jpg 2048w, https:\/\/valasskemezirici.casd.cz\/wp-content\/uploads\/2023\/02\/331004758_4138786603013735_7007902546033846723_n-300x225.jpg 300w, https:\/\/valasskemezirici.casd.cz\/wp-content\/uploads\/2023\/02\/331004758_4138786603013735_7007902546033846723_n-1024x768.jpg 1024w, https:\/\/valasskemezirici.casd.cz\/wp-content\/uploads\/2023\/02\/331004758_4138786603013735_7007902546033846723_n-768x576.jpg 768w, https:\/\/valasskemezirici.casd.cz\/wp-content\/uploads\/2023\/02\/331004758_4138786603013735_7007902546033846723_n-1536x1152.jpg 1536w\" sizes=\"auto, (max-width: 595px) 100vw, 595px\" \/> <img loading=\"lazy\" decoding=\"async\" class=\"alignnone wp-image-7582\" src=\"https:\/\/valasskemezirici.casd.cz\/wp-content\/uploads\/2023\/02\/331014186_3353325591595816_8537979543671317709_n.jpg\" alt=\"\" width=\"594\" height=\"446\" srcset=\"https:\/\/valasskemezirici.casd.cz\/wp-content\/uploads\/2023\/02\/331014186_3353325591595816_8537979543671317709_n.jpg 2048w, https:\/\/valasskemezirici.casd.cz\/wp-content\/uploads\/2023\/02\/331014186_3353325591595816_8537979543671317709_n-300x225.jpg 300w, https:\/\/valasskemezirici.casd.cz\/wp-content\/uploads\/2023\/02\/331014186_3353325591595816_8537979543671317709_n-1024x768.jpg 1024w, https:\/\/valasskemezirici.casd.cz\/wp-content\/uploads\/2023\/02\/331014186_3353325591595816_8537979543671317709_n-768x576.jpg 768w, https:\/\/valasskemezirici.casd.cz\/wp-content\/uploads\/2023\/02\/331014186_3353325591595816_8537979543671317709_n-1536x1152.jpg 1536w\" sizes=\"auto, (max-width: 594px) 100vw, 594px\" \/>&nbsp;&nbsp;<\/p>\n","protected":false},"excerpt":{"rendered":"<p>Dne\u0161n\u00ed shrom\u00e1\u017ed\u011bn\u00ed by se dalo bez nads\u00e1zky nazvat mezin\u00e1rodn\u00ed. A nemluv\u00edme tady o seskupen\u00ed \u010ce\u0161i, Morav\u00e1ci a Slezan\u00e9. V na\u0161em sbore\u010dku se se\u0161li z\u00e1stupci nejen \u010desk\u00e9 majority, ale tak\u00e9 sourozenci z Ukrajiny, dalek\u00fdch Spojen\u00fdch st\u00e1t\u016f a Mexika. Tak\u017ee Hi ! , Hola ! nebo Privit ! a jde se na sobotn\u00ed \u0161kolu.<\/p>\n","protected":false},"author":1,"featured_media":0,"comment_status":"closed","ping_status":"open","sticky":false,"template":"","format":"standard","meta":{"ngg_post_thumbnail":0,"footnotes":""},"categories":[1],"tags":[],"class_list":["post-7577","post","type-post","status-publish","format-standard","hentry","category-nezarazene"],"_links":{"self":[{"href":"https:\/\/valasskemezirici.casd.cz\/index.php?rest_route=\/wp\/v2\/posts\/7577","targetHints":{"allow":["GET"]}}],"collection":[{"href":"https:\/\/valasskemezirici.casd.cz\/index.php?rest_route=\/wp\/v2\/posts"}],"about":[{"href":"https:\/\/valasskemezirici.casd.cz\/index.php?rest_route=\/wp\/v2\/types\/post"}],"author":[{"embeddable":true,"href":"https:\/\/valasskemezirici.casd.cz\/index.php?rest_route=\/wp\/v2\/users\/1"}],"replies":[{"embeddable":true,"href":"https:\/\/valasskemezirici.casd.cz\/index.php?rest_route=%2Fwp%2Fv2%2Fcomments&post=7577"}],"version-history":[{"count":2,"href":"https:\/\/valasskemezirici.casd.cz\/index.php?rest_route=\/wp\/v2\/posts\/7577\/revisions"}],"predecessor-version":[{"id":7587,"href":"https:\/\/valasskemezirici.casd.cz\/index.php?rest_route=\/wp\/v2\/posts\/7577\/revisions\/7587"}],"wp:attachment":[{"href":"https:\/\/valasskemezirici.casd.cz\/index.php?rest_route=%2Fwp%2Fv2%2Fmedia&parent=7577"}],"wp:term":[{"taxonomy":"category","embeddable":true,"href":"https:\/\/valasskemezirici.casd.cz\/index.php?rest_route=%2Fwp%2Fv2%2Fcategories&post=7577"},{"taxonomy":"post_tag","embeddable":true,"href":"https:\/\/valasskemezirici.casd.cz\/index.php?rest_route=%2Fwp%2Fv2%2Ftags&post=7577"}],"curies":[{"name":"wp","href":"https:\/\/api.w.org\/{rel}","templated":true}]}}