{"id":7589,"date":"2023-02-27T18:54:19","date_gmt":"2023-02-27T17:54:19","guid":{"rendered":"https:\/\/valasskemezirici.casd.cz\/?p=7589"},"modified":"2023-02-27T18:54:28","modified_gmt":"2023-02-27T17:54:28","slug":"sobota-25-unora-2023","status":"publish","type":"post","link":"https:\/\/valasskemezirici.casd.cz\/?p=7589","title":{"rendered":"Sobota 25.\u00fanora 2023"},"content":{"rendered":"<p style=\"text-align: justify;\">Dob\u0159\u00ed holubi se vracej\u00ed, dalo by se \u0159\u00edct p\u0159i pohledu na man\u017eele Rand\u00fdskovi, kte\u0159\u00ed n\u00e1s po del\u0161\u00ed dob\u011b nav\u0161t\u00edvili a ud\u011blali n\u00e1m tak velikou radost. Stejn\u011b jako na\u0161i p\u0159\u00e1tel\u00e9 Sofie a Ji\u0159\u00ed z&nbsp;C\u00edrkve apo\u0161tolsk\u00e9. Sobota za\u010dala opravdu mile a radostn\u011b. A radostn\u011b tak\u00e9 pokra\u010dovala.<\/p>\n<p><!--more--><\/p>\n<p style=\"text-align: justify;\">Po shrnut\u00ed minul\u00e9ho \u00fakolu se toho dne\u0161n\u00edho ujal bratr Petr Ch\u00e1ra s&nbsp;humorem sob\u011b vlastn\u00edm. Zam\u00fd\u0161leli jsme se nad \u201ePl\u00e1nov\u00e1n\u00edm \u00fasp\u011bchu\u201c. V\u011bt\u0161ina lid\u00ed chce \u017e\u00edt \u00fasp\u011b\u0161n\u00fd a \u0161\u0165astn\u00fd \u017eivot. \u017dijeme v\u0161ak ve sv\u011bt\u011b poznamenan\u00e9m poznamenan\u00e9m h\u0159\u00edchem, kde na n\u00e1s mohou z ni\u010deho nic dopadnout trag\u00e9die a ne\u0161t\u011bst\u00ed. Ot\u00e1zkou pak z\u016fst\u00e1v\u00e1, o jak\u00fd \u201e\u00fasp\u011bch\u201c a o jak\u00e9 \u0161t\u011bst\u00ed se m\u00e1me sna\u017eit? Co vlastn\u011b pova\u017eujeme za skute\u010dn\u00fd \u201e\u00fasp\u011bch\u201c?<\/p>\n<p style=\"text-align: justify;\"><strong>\u00dasp\u011bch&nbsp;<\/strong>je pozitivn\u00ed v\u00fdsledek snahy o dosa\u017een\u00ed c\u00edle. Opakem je&nbsp;<strong>ne\u00fasp\u011bch<\/strong>. Je&nbsp;<strong>relativn\u00ed<\/strong>&nbsp;v&nbsp;\u010dase i v&nbsp;osob\u011b hodnotitele. Subjektivn\u00ed dojem nen\u00ed rozhoduj\u00edc\u00ed.&nbsp;Ka\u017ed\u00fd \u010dlov\u011bk si v&nbsp;\u017eivot\u011b vymez\u00ed mnoho d\u00edl\u010d\u00edch c\u00edl\u016f, kter\u00e9 dos\u00e1hne, nebo taky nedos\u00e1hne. Mezi velmi d\u016fle\u017eit\u00e9 c\u00edle pat\u0159\u00ed:<\/p>\n<ul style=\"text-align: justify;\">\n<li>Volba&nbsp;<strong>zam\u011bstn\u00e1n\u00ed<\/strong><\/li>\n<li>Volba&nbsp;<strong>\u017eivotn\u00edho partnera<\/strong><\/li>\n<li><strong>Zabezpe\u010den\u00ed rodiny a v\u00fdchova d\u011bt\u00ed<\/strong><\/li>\n<\/ul>\n<p style=\"text-align: justify;\">Budov\u00e1n\u00ed integrity znamen\u00e1, \u017ee&nbsp;<strong>soub\u011b\u017en\u011b<\/strong>&nbsp;usilujeme o dosa\u017een\u00ed materi\u00e1ln\u00edch i duchovn\u00edch c\u00edl\u016f.&nbsp;<\/p>\n<p style=\"text-align: justify;\">Kdy\u017e na to nesta\u010d\u00edme sami, nebojme se p\u0159ijmout pomoc od dobr\u00e9ho r\u00e1dce. Bu\u010fme Bohu finan\u010dn\u011b v\u011brn\u00ed.<\/p>\n<p style=\"text-align: justify;\">V&nbsp;duchovn\u00edm \u017eivot\u011b usilujme o dosa\u017een\u00ed spravedlnosti. Hodnocen\u00ed toho, zda jsme \u017eivot pro\u017eili \u00fasp\u011b\u0161n\u011b, si vyslechneme z&nbsp;Bo\u017e\u00edch \u00fast.&nbsp;&nbsp;<\/p>\n<p><img loading=\"lazy\" decoding=\"async\" class=\"alignnone wp-image-7590\" src=\"https:\/\/valasskemezirici.casd.cz\/wp-content\/uploads\/2023\/02\/333648658_6214713475247148_5909149387876928726_n.jpg\" alt=\"\" width=\"620\" height=\"827\" srcset=\"https:\/\/valasskemezirici.casd.cz\/wp-content\/uploads\/2023\/02\/333648658_6214713475247148_5909149387876928726_n.jpg 1536w, https:\/\/valasskemezirici.casd.cz\/wp-content\/uploads\/2023\/02\/333648658_6214713475247148_5909149387876928726_n-225x300.jpg 225w, https:\/\/valasskemezirici.casd.cz\/wp-content\/uploads\/2023\/02\/333648658_6214713475247148_5909149387876928726_n-768x1024.jpg 768w, https:\/\/valasskemezirici.casd.cz\/wp-content\/uploads\/2023\/02\/333648658_6214713475247148_5909149387876928726_n-1152x1536.jpg 1152w\" sizes=\"auto, (max-width: 620px) 100vw, 620px\" \/><\/p>\n<p style=\"text-align: justify;\">V&nbsp;d\u0159\u00edv\u011bj\u0161\u00edch dob\u00e1ch bylo zvykem osv\u011b\u017eit bohoslu\u017ebu p\u00edsn\u00ed, b\u00e1sn\u00ed, zku\u0161enost\u00ed s&nbsp;P\u00e1nem. Postupn\u011b se, z\u0159ejm\u011b z&nbsp;d\u016fvodu \u00fabytku \u010dlen\u016f, \u010di na\u0161\u00ed pohodlnosti, tyto aktivity vytratily, A proto jsme se rozhodli se polep\u0161it. P\u0159\u00edkladem n\u00e1m dnes bylo trio Franta \u2013 Ad\u00e9lka \u2013 Iva, kte\u0159\u00ed spole\u010dn\u011b zazp\u00edvali \u00fapln\u011b prvn\u00ed autorskou p\u00edse\u0148 talentovan\u00e9ho bratra Franty \u201eKdy\u017e tak pat\u0159\u00ed\u0161 za ve\u010dera\u201c. Je tou p\u00edsn\u00ed, kter\u00e1 se postupem \u010dasu stane obecn\u011b zn\u00e1mou a obl\u00edbenou. \u017dije sv\u00fdm vlastn\u00edm \u017eivotem, a i kdy\u017e je autor postupn\u011b pozapomenut, v\u0161ichni ji zp\u00edvaj\u00ed, miluj\u00ed, opisuj\u00ed. Co\u017e se potvrdilo prakticky \u2013 posledn\u00ed refr\u00e9n si s&nbsp;radost\u00ed zazp\u00edvali v\u0161ichni v&nbsp;modlitebn\u011b.<\/p>\n<p><img loading=\"lazy\" decoding=\"async\" class=\"alignnone wp-image-7591\" src=\"https:\/\/valasskemezirici.casd.cz\/wp-content\/uploads\/2023\/02\/333522526_1350893285695969_2031695366561980794_n.jpg\" alt=\"\" width=\"620\" height=\"465\" srcset=\"https:\/\/valasskemezirici.casd.cz\/wp-content\/uploads\/2023\/02\/333522526_1350893285695969_2031695366561980794_n.jpg 2048w, https:\/\/valasskemezirici.casd.cz\/wp-content\/uploads\/2023\/02\/333522526_1350893285695969_2031695366561980794_n-300x225.jpg 300w, https:\/\/valasskemezirici.casd.cz\/wp-content\/uploads\/2023\/02\/333522526_1350893285695969_2031695366561980794_n-1024x768.jpg 1024w, https:\/\/valasskemezirici.casd.cz\/wp-content\/uploads\/2023\/02\/333522526_1350893285695969_2031695366561980794_n-768x576.jpg 768w, https:\/\/valasskemezirici.casd.cz\/wp-content\/uploads\/2023\/02\/333522526_1350893285695969_2031695366561980794_n-1536x1152.jpg 1536w\" sizes=\"auto, (max-width: 620px) 100vw, 620px\" \/><\/p>\n<p style=\"text-align: justify;\">Dal\u0161\u00edm radostn\u00fdm prvkem v&nbsp;tuto sobotu bylo k\u00e1z\u00e1n\u00ed z&nbsp;Bo\u017e\u00edho slova na\u0161eho kazatele Hynka Dony. T\u00e9matem byl Duch svat\u00fd a op\u00edrali jsme se o ver\u0161e v&nbsp;kapitol\u00e1ch 1Petr 4, 1Kor 12 a \u0158\u00edm12, kde se mluv\u00ed celkem o 19 darech Ducha svat\u00e9ho. Ka\u017ed\u00fd z&nbsp;n\u00e1s m\u00e1 n\u011bjak dar, dar\u016f je \u0159ada a \u017e\u00e1dn\u00fd nen\u00ed nad\u0159azen jin\u00e9mu. Pro\u010d je dost\u00e1v\u00e1me? Jsou v\u0161echny od Ducha svat\u00e9ho? Jak se takov\u00fd dar pozn\u00e1? Darem m\u00e1me slou\u017eit, budovat c\u00edrkev a oslavovat Boha.<\/p>\n<p style=\"text-align: justify;\">Dary od Ducha svat\u00e9ho dost\u00e1v\u00e1me proto, aby se c\u00edrkev Kristova budovala a v\u0161ichni k\u0159es\u0165an\u00e9 dos\u00e1hli jednoty. Dary by m\u011bly n\u00e9st ovoce, tak jak o tom hovo\u0159\u00ed Gal 5, 22. Tak jako se ovoce nestar\u00e1 o to, aby bylo dobr\u00fdm, a nijak to neovlivn\u00ed, nemohu ani j\u00e1 ovlivnit, jak\u00fd budu. Pokud budeme z\u00e1visl\u00ed na Bohu, kter\u00fd na n\u00e1s p\u016fsob\u00ed a formuje n\u00e1s, budeme n\u00e9st spr\u00e1vn\u00e9 ovoce. Zvukov\u00fd z\u00e1znam k\u00e1z\u00e1n\u00ed si m\u016f\u017eete poslechnout na na\u0161ich str\u00e1nk\u00e1ch.<\/p>\n<p style=\"text-align: justify;\"><img loading=\"lazy\" decoding=\"async\" class=\"alignnone wp-image-7592\" src=\"https:\/\/valasskemezirici.casd.cz\/wp-content\/uploads\/2023\/02\/332935916_939095283771579_9134860969181106331_n.jpg\" alt=\"\" width=\"632\" height=\"843\" srcset=\"https:\/\/valasskemezirici.casd.cz\/wp-content\/uploads\/2023\/02\/332935916_939095283771579_9134860969181106331_n.jpg 1536w, https:\/\/valasskemezirici.casd.cz\/wp-content\/uploads\/2023\/02\/332935916_939095283771579_9134860969181106331_n-225x300.jpg 225w, https:\/\/valasskemezirici.casd.cz\/wp-content\/uploads\/2023\/02\/332935916_939095283771579_9134860969181106331_n-768x1024.jpg 768w, https:\/\/valasskemezirici.casd.cz\/wp-content\/uploads\/2023\/02\/332935916_939095283771579_9134860969181106331_n-1152x1536.jpg 1152w\" sizes=\"auto, (max-width: 632px) 100vw, 632px\" \/><\/p>\n<p style=\"text-align: justify;\">&nbsp;<\/p>\n","protected":false},"excerpt":{"rendered":"<p>Dob\u0159\u00ed holubi se vracej\u00ed, dalo by se \u0159\u00edct p\u0159i pohledu na man\u017eele Rand\u00fdskovi, kte\u0159\u00ed n\u00e1s po del\u0161\u00ed dob\u011b nav\u0161t\u00edvili a ud\u011blali n\u00e1m tak velikou radost. Stejn\u011b jako na\u0161i p\u0159\u00e1tel\u00e9 Sofie a Ji\u0159\u00ed z&nbsp;C\u00edrkve apo\u0161tolsk\u00e9. Sobota za\u010dala opravdu mile a radostn\u011b. A radostn\u011b tak\u00e9 pokra\u010dovala.<\/p>\n","protected":false},"author":1,"featured_media":0,"comment_status":"closed","ping_status":"open","sticky":false,"template":"","format":"standard","meta":{"ngg_post_thumbnail":0,"footnotes":""},"categories":[1],"tags":[],"class_list":["post-7589","post","type-post","status-publish","format-standard","hentry","category-nezarazene"],"_links":{"self":[{"href":"https:\/\/valasskemezirici.casd.cz\/index.php?rest_route=\/wp\/v2\/posts\/7589","targetHints":{"allow":["GET"]}}],"collection":[{"href":"https:\/\/valasskemezirici.casd.cz\/index.php?rest_route=\/wp\/v2\/posts"}],"about":[{"href":"https:\/\/valasskemezirici.casd.cz\/index.php?rest_route=\/wp\/v2\/types\/post"}],"author":[{"embeddable":true,"href":"https:\/\/valasskemezirici.casd.cz\/index.php?rest_route=\/wp\/v2\/users\/1"}],"replies":[{"embeddable":true,"href":"https:\/\/valasskemezirici.casd.cz\/index.php?rest_route=%2Fwp%2Fv2%2Fcomments&post=7589"}],"version-history":[{"count":1,"href":"https:\/\/valasskemezirici.casd.cz\/index.php?rest_route=\/wp\/v2\/posts\/7589\/revisions"}],"predecessor-version":[{"id":7593,"href":"https:\/\/valasskemezirici.casd.cz\/index.php?rest_route=\/wp\/v2\/posts\/7589\/revisions\/7593"}],"wp:attachment":[{"href":"https:\/\/valasskemezirici.casd.cz\/index.php?rest_route=%2Fwp%2Fv2%2Fmedia&parent=7589"}],"wp:term":[{"taxonomy":"category","embeddable":true,"href":"https:\/\/valasskemezirici.casd.cz\/index.php?rest_route=%2Fwp%2Fv2%2Fcategories&post=7589"},{"taxonomy":"post_tag","embeddable":true,"href":"https:\/\/valasskemezirici.casd.cz\/index.php?rest_route=%2Fwp%2Fv2%2Ftags&post=7589"}],"curies":[{"name":"wp","href":"https:\/\/api.w.org\/{rel}","templated":true}]}}