{"id":8465,"date":"2024-04-06T22:35:52","date_gmt":"2024-04-06T20:35:52","guid":{"rendered":"https:\/\/valasskemezirici.casd.cz\/?p=8465"},"modified":"2024-04-06T22:36:00","modified_gmt":"2024-04-06T20:36:00","slug":"sobota-30-brezna-2024-2","status":"publish","type":"post","link":"https:\/\/valasskemezirici.casd.cz\/?p=8465","title":{"rendered":"Sobota 30.b\u0159ezna 2024"},"content":{"rendered":"<p style=\"text-align: justify;\">Velikono\u010dn\u00ed sv\u00e1tky, nejd\u016fle\u017eit\u011bj\u0161\u00ed k\u0159es\u0165ansk\u00fd sv\u00e1tek, kdy se radujeme, \u017ee n\u00e1\u0161 P\u00e1n Je\u017e\u00ed\u0161 Kristus ob\u011btoval sv\u016fj \u017eivot za n\u00e1s h\u0159\u00ed\u0161n\u00e9, p\u0159ipadl letos na p\u0159elom b\u0159ezna a dubna. Zahr\u00e1dky a parky n\u00e1s d\u00edky nestandardn\u011b tepl\u00e9mu po\u010das\u00ed p\u0159ekvapuj\u00ed \u00fa\u017easn\u00fdmi kv\u011bty, n\u00e1dherou Bo\u017e\u00edho stvo\u0159en\u00ed. D\u00edky za tu kr\u00e1su, p\u0159i kter\u00e9 se srdce raduje. D\u00edky tak\u00e9 za n\u00e1v\u0161t\u011bvu kazatele Jana Majera s man\u017eelkou, kter\u00fd p\u016fsobil v minulosti v na\u0161em sboru a velmi r\u00e1di ho v\u017edy vid\u00edme.<\/p>\n<p style=\"text-align: justify;\">\u00dakolem sobotn\u00ed \u0161koly n\u00e1s provedl Bohumil Mro\u010dek. Posledn\u00ed \u010d\u00e1st m\u011bla povzbudiv\u00fd n\u00e1zev \u201eO\u010dek\u00e1vej na Hospodina!\u201c B\u011bhem na\u0161eho studia jsme \u0161li cestou b\u00e1zn\u011b p\u0159ed majest\u00e1tn\u00edm Hospodinem, Kr\u00e1lem a Soudcem. Cestou radosti z vysvobozen\u00ed, odpu\u0161t\u011bn\u00ed a ze spasen\u00ed, kter\u00e9 d\u00e1v\u00e1 B\u016fh. Cestou smutku, bolesti a n\u00e1\u0159ku a tak\u00e9 cestou \u00fa\u017easn\u00e9ho zasl\u00edben\u00ed v\u011b\u010dn\u00e9 Bo\u017e\u00ed p\u0159\u00edtomnosti a o\u010dek\u00e1v\u00e1n\u00ed nekone\u010dn\u00e9ho uct\u00edv\u00e1n\u00ed Boha v cel\u00e9m vesm\u00edru. \u017dijeme nad\u011bj\u00ed na p\u0159\u00edchod na\u0161eho P\u00e1na, kdy se napln\u00ed na\u0161e touha po Bohu. O\u010dek\u00e1v\u00e1n\u00ed na Hospodina nen\u00ed nudn\u00e9 nicned\u011bl\u00e1n\u00ed \u010di zoufal\u00e9 vyhl\u00ed\u017een\u00ed slavn\u00e9 ud\u00e1losti. Naopak, \u010dek\u00e1n\u00ed na Hospodina je napln\u011bno d\u016fv\u011brou a v\u00edrou, kter\u00e1 se projevuje ve skutc\u00edch. \u010cek\u00e1n\u00ed je radost\u00ed, kter\u00e1 posiluje na\u0161e srdce obnovuj\u00edc\u00ed se nad\u011bj\u00ed a Bohem darovan\u00fdm pokojem.<\/p>\n<p><img loading=\"lazy\" decoding=\"async\" class=\"alignnone wp-image-8466\" src=\"https:\/\/valasskemezirici.casd.cz\/wp-content\/uploads\/2024\/04\/bba86630-88b8-4d91-9f1a-148f1d0f8d9b.jpg\" alt=\"\" width=\"568\" height=\"426\" srcset=\"https:\/\/valasskemezirici.casd.cz\/wp-content\/uploads\/2024\/04\/bba86630-88b8-4d91-9f1a-148f1d0f8d9b.jpg 2048w, https:\/\/valasskemezirici.casd.cz\/wp-content\/uploads\/2024\/04\/bba86630-88b8-4d91-9f1a-148f1d0f8d9b-300x225.jpg 300w, https:\/\/valasskemezirici.casd.cz\/wp-content\/uploads\/2024\/04\/bba86630-88b8-4d91-9f1a-148f1d0f8d9b-1024x768.jpg 1024w, https:\/\/valasskemezirici.casd.cz\/wp-content\/uploads\/2024\/04\/bba86630-88b8-4d91-9f1a-148f1d0f8d9b-768x576.jpg 768w, https:\/\/valasskemezirici.casd.cz\/wp-content\/uploads\/2024\/04\/bba86630-88b8-4d91-9f1a-148f1d0f8d9b-1536x1152.jpg 1536w\" sizes=\"auto, (max-width: 568px) 100vw, 568px\" \/> <img loading=\"lazy\" decoding=\"async\" class=\"alignnone wp-image-8467\" src=\"https:\/\/valasskemezirici.casd.cz\/wp-content\/uploads\/2024\/04\/e2e13074-0d2b-489f-898f-5b4fb2a4b8fe.jpg\" alt=\"\" width=\"571\" height=\"428\" srcset=\"https:\/\/valasskemezirici.casd.cz\/wp-content\/uploads\/2024\/04\/e2e13074-0d2b-489f-898f-5b4fb2a4b8fe.jpg 2048w, https:\/\/valasskemezirici.casd.cz\/wp-content\/uploads\/2024\/04\/e2e13074-0d2b-489f-898f-5b4fb2a4b8fe-300x225.jpg 300w, https:\/\/valasskemezirici.casd.cz\/wp-content\/uploads\/2024\/04\/e2e13074-0d2b-489f-898f-5b4fb2a4b8fe-1024x768.jpg 1024w, https:\/\/valasskemezirici.casd.cz\/wp-content\/uploads\/2024\/04\/e2e13074-0d2b-489f-898f-5b4fb2a4b8fe-768x576.jpg 768w, https:\/\/valasskemezirici.casd.cz\/wp-content\/uploads\/2024\/04\/e2e13074-0d2b-489f-898f-5b4fb2a4b8fe-1536x1152.jpg 1536w\" sizes=\"auto, (max-width: 571px) 100vw, 571px\" \/><\/p>\n<p><!--more--><\/p>\n<p style=\"text-align: justify;\">Chv\u00edle p\u0159ed k\u00e1z\u00e1n\u00edm jsme vyplnili p\u0159ipomenut\u00edm si \u010dinu neskute\u010dn\u00e9 a pro n\u00e1s nepochopiteln\u00e9 l\u00e1sky na\u0161eho Boha k n\u00e1m. Shl\u00e9dli jsme video o uk\u0159i\u017eov\u00e1n\u00ed Je\u017e\u00ed\u0161e Krista na Golgot\u011b i n\u00e1sledn\u00e9 vzk\u0159\u00ed\u0161en\u00ed, d\u00edky kter\u00e9mu byly odpu\u0161t\u011bny na\u0161e h\u0159\u00edchy a m\u00e1me nad\u011bji na \u017eivot v\u011b\u010dn\u00fd.<\/p>\n<p style=\"text-align: justify;\">K\u00e1z\u00e1n\u00edm n\u00e1m poslou\u017eila Blanka Novotn\u00e1. A i kdy\u017e p\u016fvodn\u011b m\u011bla p\u0159ipraveno zcela jin\u00e9 zamy\u0161len\u00ed, zm\u011bnila na posledn\u00ed chv\u00edli t\u00e9ma a p\u0159em\u00fd\u0161lela spolu s n\u00e1mi pr\u00e1v\u011b o Velikonoc\u00edch. Jak\u00fd je vztah \u010dlov\u011bka ke \u010dlov\u011bku, jak\u00fd je vztah \u010dlov\u011bka k Bohu a Boha k \u010dlov\u011bku? Na tyto ot\u00e1zky najdete v audio z\u00e1znamu k\u00e1z\u00e1n\u00ed na na\u0161em webu.<\/p>\n<p style=\"text-align: justify;\">Sv\u00e1te\u010dn\u00ed chv\u00edle po k\u00e1z\u00e1n\u00ed n\u00e1m zp\u0159\u00edjemnila sestra Dana Kle\u010dkov\u00e1, kter\u00e1 pro n\u00e1s zahr\u00e1la na kalimbu, velmi zaj\u00edmav\u00fd a v na\u0161ich kon\u010din\u00e1ch netradi\u010dn\u00ed hudebn\u00ed n\u00e1stroj.<\/p>\n<p style=\"text-align: justify;\">P\u0159ejeme v\u0161em po\u017eehnan\u00e9 Velikono\u010dn\u00ed sv\u00e1tky a mnoho radosti ze vzk\u0159\u00ed\u0161en\u00ed na\u0161eho P\u00e1na.<\/p>\n<p><img loading=\"lazy\" decoding=\"async\" class=\"alignnone wp-image-8468\" src=\"https:\/\/valasskemezirici.casd.cz\/wp-content\/uploads\/2024\/04\/0cea7437-03f3-437c-87e5-cdaf4dc4248f.jpg\" alt=\"\" width=\"575\" height=\"431\" srcset=\"https:\/\/valasskemezirici.casd.cz\/wp-content\/uploads\/2024\/04\/0cea7437-03f3-437c-87e5-cdaf4dc4248f.jpg 2048w, https:\/\/valasskemezirici.casd.cz\/wp-content\/uploads\/2024\/04\/0cea7437-03f3-437c-87e5-cdaf4dc4248f-300x225.jpg 300w, https:\/\/valasskemezirici.casd.cz\/wp-content\/uploads\/2024\/04\/0cea7437-03f3-437c-87e5-cdaf4dc4248f-1024x768.jpg 1024w, https:\/\/valasskemezirici.casd.cz\/wp-content\/uploads\/2024\/04\/0cea7437-03f3-437c-87e5-cdaf4dc4248f-768x576.jpg 768w, https:\/\/valasskemezirici.casd.cz\/wp-content\/uploads\/2024\/04\/0cea7437-03f3-437c-87e5-cdaf4dc4248f-1536x1152.jpg 1536w\" sizes=\"auto, (max-width: 575px) 100vw, 575px\" \/> <img loading=\"lazy\" decoding=\"async\" class=\"alignnone wp-image-8469\" src=\"https:\/\/valasskemezirici.casd.cz\/wp-content\/uploads\/2024\/04\/3aa1dde4-a811-40d9-9911-236b5a94f2ae.jpg\" alt=\"\" width=\"576\" height=\"432\" srcset=\"https:\/\/valasskemezirici.casd.cz\/wp-content\/uploads\/2024\/04\/3aa1dde4-a811-40d9-9911-236b5a94f2ae.jpg 2048w, https:\/\/valasskemezirici.casd.cz\/wp-content\/uploads\/2024\/04\/3aa1dde4-a811-40d9-9911-236b5a94f2ae-300x225.jpg 300w, https:\/\/valasskemezirici.casd.cz\/wp-content\/uploads\/2024\/04\/3aa1dde4-a811-40d9-9911-236b5a94f2ae-1024x768.jpg 1024w, https:\/\/valasskemezirici.casd.cz\/wp-content\/uploads\/2024\/04\/3aa1dde4-a811-40d9-9911-236b5a94f2ae-768x576.jpg 768w, https:\/\/valasskemezirici.casd.cz\/wp-content\/uploads\/2024\/04\/3aa1dde4-a811-40d9-9911-236b5a94f2ae-1536x1152.jpg 1536w\" sizes=\"auto, (max-width: 576px) 100vw, 576px\" \/><\/p>\n","protected":false},"excerpt":{"rendered":"<p>Velikono\u010dn\u00ed sv\u00e1tky, nejd\u016fle\u017eit\u011bj\u0161\u00ed k\u0159es\u0165ansk\u00fd sv\u00e1tek, kdy se radujeme, \u017ee n\u00e1\u0161 P\u00e1n Je\u017e\u00ed\u0161 Kristus ob\u011btoval sv\u016fj \u017eivot za n\u00e1s h\u0159\u00ed\u0161n\u00e9, p\u0159ipadl letos na p\u0159elom b\u0159ezna a dubna. Zahr\u00e1dky a parky n\u00e1s d\u00edky nestandardn\u011b tepl\u00e9mu po\u010das\u00ed p\u0159ekvapuj\u00ed \u00fa\u017easn\u00fdmi kv\u011bty, n\u00e1dherou Bo\u017e\u00edho stvo\u0159en\u00ed. D\u00edky za tu kr\u00e1su, p\u0159i kter\u00e9 se srdce raduje. D\u00edky tak\u00e9 za n\u00e1v\u0161t\u011bvu kazatele Jana [&hellip;]<\/p>\n","protected":false},"author":1,"featured_media":0,"comment_status":"closed","ping_status":"open","sticky":false,"template":"","format":"standard","meta":{"ngg_post_thumbnail":0,"footnotes":""},"categories":[1],"tags":[],"class_list":["post-8465","post","type-post","status-publish","format-standard","hentry","category-nezarazene"],"_links":{"self":[{"href":"https:\/\/valasskemezirici.casd.cz\/index.php?rest_route=\/wp\/v2\/posts\/8465","targetHints":{"allow":["GET"]}}],"collection":[{"href":"https:\/\/valasskemezirici.casd.cz\/index.php?rest_route=\/wp\/v2\/posts"}],"about":[{"href":"https:\/\/valasskemezirici.casd.cz\/index.php?rest_route=\/wp\/v2\/types\/post"}],"author":[{"embeddable":true,"href":"https:\/\/valasskemezirici.casd.cz\/index.php?rest_route=\/wp\/v2\/users\/1"}],"replies":[{"embeddable":true,"href":"https:\/\/valasskemezirici.casd.cz\/index.php?rest_route=%2Fwp%2Fv2%2Fcomments&post=8465"}],"version-history":[{"count":1,"href":"https:\/\/valasskemezirici.casd.cz\/index.php?rest_route=\/wp\/v2\/posts\/8465\/revisions"}],"predecessor-version":[{"id":8470,"href":"https:\/\/valasskemezirici.casd.cz\/index.php?rest_route=\/wp\/v2\/posts\/8465\/revisions\/8470"}],"wp:attachment":[{"href":"https:\/\/valasskemezirici.casd.cz\/index.php?rest_route=%2Fwp%2Fv2%2Fmedia&parent=8465"}],"wp:term":[{"taxonomy":"category","embeddable":true,"href":"https:\/\/valasskemezirici.casd.cz\/index.php?rest_route=%2Fwp%2Fv2%2Fcategories&post=8465"},{"taxonomy":"post_tag","embeddable":true,"href":"https:\/\/valasskemezirici.casd.cz\/index.php?rest_route=%2Fwp%2Fv2%2Ftags&post=8465"}],"curies":[{"name":"wp","href":"https:\/\/api.w.org\/{rel}","templated":true}]}}