{"id":8480,"date":"2024-04-13T20:02:15","date_gmt":"2024-04-13T18:02:15","guid":{"rendered":"https:\/\/valasskemezirici.casd.cz\/?p=8480"},"modified":"2024-04-13T20:02:19","modified_gmt":"2024-04-13T18:02:19","slug":"sobota-13-dubna-2024","status":"publish","type":"post","link":"https:\/\/valasskemezirici.casd.cz\/?p=8480","title":{"rendered":"Sobota 13.dubna 2024"},"content":{"rendered":"<p style=\"text-align: justify;\">Sborov\u00e1 zahrada se prom\u011bnila v&nbsp;barevnou paletu. Nikdo nedok\u00e1\u017ee nam\u00edchat takov\u00e9 barvy a vytvo\u0159it takov\u00e9 tvary a v\u016fn\u011b kv\u011btin, jako n\u00e1\u0161 dobr\u00fd P\u00e1n. D\u011bkujeme za slun\u00ed\u010dkovou sobotu, radostn\u00e9 r\u00e1no a mo\u017enost tr\u00e1vit dne\u0161n\u00ed den op\u011bt spolu, ale p\u0159edev\u0161\u00edm s&nbsp;Bohem.<\/p>\n<p style=\"text-align: justify;\">N\u00e1dhern\u00e1 p\u0159\u00edroda jakoby se ze zahrady p\u0159esunula do modlitebny. Bohoslu\u017ebu jsme za\u010dali shl\u00e9dnut\u00edm videa &#8211; \u017dalm 11 a 12 dopln\u011bn\u00fd o kr\u00e1sn\u00e9 fotografie. Po p\u0159ipomenut\u00ed sobotn\u00edho \u00fakolu z&nbsp;minul\u00e9ho t\u00fddne, kter\u00e9 pro n\u00e1s zpracoval daleko za oce\u00e1nem n\u00e1\u0161 mil\u00fd bratr Jenda Petrovi\u010d, jsme se pustili do \u00fakolu nov\u00e9ho. \u201eL\u00e1ska, nebo sobectv\u00ed?\u201c tak zn\u011bl jeho n\u00e1zev a na\u0161\u00edm u\u010ditelem byl Franta Tomanec. S&nbsp;tradi\u010dn\u00ed lehkost\u00ed a osobit\u00fdm p\u0159\u00edstupem se spolu s&nbsp;n\u00e1mi zam\u00fd\u0161lel nad paralelou mezi Je\u017e\u00ed\u0161ov\u00fdmi slovy o zni\u010den\u00ed chr\u00e1mu v&nbsp;Jeruzal\u00e9m\u011b a posledn\u00edmi dny p\u0159ed jeho p\u0159\u00edchodem. P\u0159i na\u0161em studiu jsme se soust\u0159edili na satanovu strategii, jak oklamat a zni\u010dit Bo\u017e\u00ed lid. \u010ceho se mu nepoda\u0159\u00ed dos\u00e1hnout pron\u00e1sledov\u00e1n\u00edm, bude se sna\u017eit dos\u00e1hnout pomoc\u00ed kompromisu. B\u016fh o tom v\u00ed, a i v t\u011bch nejn\u00e1ro\u010dn\u011bj\u0161\u00edch \u010dasech ochr\u00e1n\u00ed sv\u016fj lid.<\/p>\n<p><!--more--><\/p>\n<p style=\"text-align: justify;\">T\u0159\u00edda ml\u00e1de\u017ee a p\u0159\u00e1tel studovala spolu s&nbsp;Ad\u00e9lkou Vr\u00e1blovou Je\u017e\u00ed\u0161\u016fv \u017eivot. Znalost biblick\u00fdch ud\u00e1lost\u00ed si \u201estudenti\u201c ov\u011b\u0159ili pomoc\u00ed biblick\u00e9 hry.<\/p>\n<p style=\"text-align: justify;\">Bez jednoho t\u00fddne to budou p\u0159esn\u011b 2 roky, kdy do na\u0161eho sborov\u00e9ho domu p\u0159i\u0161ly dv\u011b sestry z&nbsp;Ukrajiny, aby zde na\u0161ly do\u010dasn\u00fd druh\u00fd domov a \u00fato\u010di\u0161t\u011b p\u0159ed ruskou agres\u00ed, kter\u00e1 pr\u00e1v\u011b v&nbsp;m\u00edst\u011b jejich bydli\u0161t\u011b, na hranici s&nbsp;Ruskem, znemo\u017e\u0148uje \u017e\u00edt pokojn\u00fdm \u017eivotem. Na\u0161ly nejen otev\u0159enou n\u00e1ru\u010d na\u0161eho sboru, ale p\u0159edev\u0161\u00edm P\u00e1na Je\u017e\u00ed\u0161e. Odevzdaly mu sv\u00e9 \u017eivoty prost\u0159ednictv\u00edm k\u0159tu. Vyrovnat se s&nbsp;jin\u00fdm prost\u0159ed\u00edm, kulturou a jazykem nen\u00ed v\u016fbec jednoduch\u00e9. Ale na\u0161e sestry to zvl\u00e1daj\u00ed skv\u011ble. Jak \u00fa\u017easn\u011b se jedna z&nbsp;nich \u2013 Olenka \u2013 popasovala s&nbsp;\u010de\u0161tinou, n\u00e1m dnes p\u0159edvedla p\u0159ed k\u00e1z\u00e1n\u00edm. P\u0159e\u010detla n\u00e1m \u010desky kapitolu z&nbsp;knihy \u201eMinutov\u00e9 modlitby pro \u017eeny\u201c, a chv\u00e1len\u00ed j\u00ed \u0161lo velmi dob\u0159e.<\/p>\n<p style=\"text-align: justify;\">K\u00e1z\u00e1n\u00edm z&nbsp;Bo\u017e\u00edho slova n\u00e1m poslou\u017eil kazatel Hynek Dona. Nav\u00e1zal na \u00fakol sobotn\u00ed \u0161koly a reagoval na akci jednoho \u201ebratra\u201c, kter\u00fd umis\u0165uje po republice billboardy odsuzuj\u00edc\u00ed p\u0159edstavitele jin\u00e9 c\u00edrkve a nedobr\u00fdm zp\u016fsobem prezentuje na\u0161i c\u00edrkev. Jak bychom m\u011bli p\u016fsobit na sv\u00e9 okol\u00ed? \u010c\u00edm? \u00dakol n\u00e1s nab\u00e1dal \u017e\u00edt jako Je\u017e\u00ed\u0161 \u2013 pom\u00e1hat slab\u00fdm, nemocn\u00fdm, pot\u0159ebn\u00fdm, m\u00edt r\u00e1d lidi bez rozd\u00edlu, slou\u017eit. Je\u017e\u00ed\u0161 vyb\u00edz\u00ed tak\u00e9 k&nbsp;\u0161\u00ed\u0159en\u00ed evangelia. To je dobr\u00e1 zpr\u00e1va o na\u0161em P\u00e1nu a jeho vysvobozuj\u00edc\u00ed ob\u011bti, ne soubor \u00fatok\u016f a pomluv jin\u00fdch. Jsou \u010diny, ke kter\u00fdm n\u00e1s ponouk\u00e1 Duch svat\u00fd, a jin\u00e9, ke kter\u00fdm n\u00e1s ponouk\u00e1 satan. P\u0159em\u00fd\u0161lejme o tom, koho budeme sv\u00fdm \u017eivotem p\u0159edstavovat. Z\u00e1znam k\u00e1z\u00e1n\u00ed najdete na na\u0161em webu.<\/p>\n<p><img loading=\"lazy\" decoding=\"async\" class=\"alignnone wp-image-8481\" src=\"https:\/\/valasskemezirici.casd.cz\/wp-content\/uploads\/2024\/04\/aa3f5056-7a5b-466a-98f8-10e69703d9c4.jpg\" alt=\"\" width=\"339\" height=\"254\" srcset=\"https:\/\/valasskemezirici.casd.cz\/wp-content\/uploads\/2024\/04\/aa3f5056-7a5b-466a-98f8-10e69703d9c4.jpg 2048w, https:\/\/valasskemezirici.casd.cz\/wp-content\/uploads\/2024\/04\/aa3f5056-7a5b-466a-98f8-10e69703d9c4-300x225.jpg 300w, https:\/\/valasskemezirici.casd.cz\/wp-content\/uploads\/2024\/04\/aa3f5056-7a5b-466a-98f8-10e69703d9c4-1024x768.jpg 1024w, https:\/\/valasskemezirici.casd.cz\/wp-content\/uploads\/2024\/04\/aa3f5056-7a5b-466a-98f8-10e69703d9c4-768x576.jpg 768w, https:\/\/valasskemezirici.casd.cz\/wp-content\/uploads\/2024\/04\/aa3f5056-7a5b-466a-98f8-10e69703d9c4-1536x1152.jpg 1536w\" sizes=\"auto, (max-width: 339px) 100vw, 339px\" \/> <img loading=\"lazy\" decoding=\"async\" class=\"alignnone wp-image-8482 \" src=\"https:\/\/valasskemezirici.casd.cz\/wp-content\/uploads\/2024\/04\/b6e0b68c-4e5c-4fb7-8eec-ab6e298a5e1a-e1713031222913.jpg\" alt=\"\" width=\"370\" height=\"255\" srcset=\"https:\/\/valasskemezirici.casd.cz\/wp-content\/uploads\/2024\/04\/b6e0b68c-4e5c-4fb7-8eec-ab6e298a5e1a-e1713031222913.jpg 1163w, https:\/\/valasskemezirici.casd.cz\/wp-content\/uploads\/2024\/04\/b6e0b68c-4e5c-4fb7-8eec-ab6e298a5e1a-e1713031222913-300x207.jpg 300w, https:\/\/valasskemezirici.casd.cz\/wp-content\/uploads\/2024\/04\/b6e0b68c-4e5c-4fb7-8eec-ab6e298a5e1a-e1713031222913-1024x706.jpg 1024w, https:\/\/valasskemezirici.casd.cz\/wp-content\/uploads\/2024\/04\/b6e0b68c-4e5c-4fb7-8eec-ab6e298a5e1a-e1713031222913-768x530.jpg 768w\" sizes=\"auto, (max-width: 370px) 100vw, 370px\" \/><\/p>\n<p><img loading=\"lazy\" decoding=\"async\" class=\"alignnone wp-image-8483\" src=\"https:\/\/valasskemezirici.casd.cz\/wp-content\/uploads\/2024\/04\/7d00f78f-6f4f-462a-9c1f-8f3ec81bb283.jpg\" alt=\"\" width=\"714\" height=\"536\" srcset=\"https:\/\/valasskemezirici.casd.cz\/wp-content\/uploads\/2024\/04\/7d00f78f-6f4f-462a-9c1f-8f3ec81bb283.jpg 2048w, https:\/\/valasskemezirici.casd.cz\/wp-content\/uploads\/2024\/04\/7d00f78f-6f4f-462a-9c1f-8f3ec81bb283-300x225.jpg 300w, https:\/\/valasskemezirici.casd.cz\/wp-content\/uploads\/2024\/04\/7d00f78f-6f4f-462a-9c1f-8f3ec81bb283-1024x768.jpg 1024w, https:\/\/valasskemezirici.casd.cz\/wp-content\/uploads\/2024\/04\/7d00f78f-6f4f-462a-9c1f-8f3ec81bb283-768x576.jpg 768w, https:\/\/valasskemezirici.casd.cz\/wp-content\/uploads\/2024\/04\/7d00f78f-6f4f-462a-9c1f-8f3ec81bb283-1536x1152.jpg 1536w\" sizes=\"auto, (max-width: 714px) 100vw, 714px\" \/> <img loading=\"lazy\" decoding=\"async\" class=\"alignnone wp-image-8484\" src=\"https:\/\/valasskemezirici.casd.cz\/wp-content\/uploads\/2024\/04\/16bef6a2-ce65-4bf2-ba9d-4b2f712610ee.jpg\" alt=\"\" width=\"712\" height=\"534\" srcset=\"https:\/\/valasskemezirici.casd.cz\/wp-content\/uploads\/2024\/04\/16bef6a2-ce65-4bf2-ba9d-4b2f712610ee.jpg 2048w, https:\/\/valasskemezirici.casd.cz\/wp-content\/uploads\/2024\/04\/16bef6a2-ce65-4bf2-ba9d-4b2f712610ee-300x225.jpg 300w, https:\/\/valasskemezirici.casd.cz\/wp-content\/uploads\/2024\/04\/16bef6a2-ce65-4bf2-ba9d-4b2f712610ee-1024x768.jpg 1024w, https:\/\/valasskemezirici.casd.cz\/wp-content\/uploads\/2024\/04\/16bef6a2-ce65-4bf2-ba9d-4b2f712610ee-768x576.jpg 768w, https:\/\/valasskemezirici.casd.cz\/wp-content\/uploads\/2024\/04\/16bef6a2-ce65-4bf2-ba9d-4b2f712610ee-1536x1152.jpg 1536w\" sizes=\"auto, (max-width: 712px) 100vw, 712px\" \/><\/p>\n<p><img loading=\"lazy\" decoding=\"async\" class=\"alignnone wp-image-8485\" src=\"https:\/\/valasskemezirici.casd.cz\/wp-content\/uploads\/2024\/04\/640c7db3-f11c-4db6-8b35-c99ef59b4f5e.jpg\" alt=\"\" width=\"712\" height=\"949\" srcset=\"https:\/\/valasskemezirici.casd.cz\/wp-content\/uploads\/2024\/04\/640c7db3-f11c-4db6-8b35-c99ef59b4f5e.jpg 1536w, https:\/\/valasskemezirici.casd.cz\/wp-content\/uploads\/2024\/04\/640c7db3-f11c-4db6-8b35-c99ef59b4f5e-225x300.jpg 225w, https:\/\/valasskemezirici.casd.cz\/wp-content\/uploads\/2024\/04\/640c7db3-f11c-4db6-8b35-c99ef59b4f5e-768x1024.jpg 768w, https:\/\/valasskemezirici.casd.cz\/wp-content\/uploads\/2024\/04\/640c7db3-f11c-4db6-8b35-c99ef59b4f5e-1152x1536.jpg 1152w\" sizes=\"auto, (max-width: 712px) 100vw, 712px\" \/><\/p>\n","protected":false},"excerpt":{"rendered":"<p>Sborov\u00e1 zahrada se prom\u011bnila v&nbsp;barevnou paletu. Nikdo nedok\u00e1\u017ee nam\u00edchat takov\u00e9 barvy a vytvo\u0159it takov\u00e9 tvary a v\u016fn\u011b kv\u011btin, jako n\u00e1\u0161 dobr\u00fd P\u00e1n. D\u011bkujeme za slun\u00ed\u010dkovou sobotu, radostn\u00e9 r\u00e1no a mo\u017enost tr\u00e1vit dne\u0161n\u00ed den op\u011bt spolu, ale p\u0159edev\u0161\u00edm s&nbsp;Bohem. N\u00e1dhern\u00e1 p\u0159\u00edroda jakoby se ze zahrady p\u0159esunula do modlitebny. Bohoslu\u017ebu jsme za\u010dali shl\u00e9dnut\u00edm videa &#8211; \u017dalm 11 [&hellip;]<\/p>\n","protected":false},"author":1,"featured_media":0,"comment_status":"closed","ping_status":"open","sticky":false,"template":"","format":"standard","meta":{"ngg_post_thumbnail":0,"footnotes":""},"categories":[1],"tags":[],"class_list":["post-8480","post","type-post","status-publish","format-standard","hentry","category-nezarazene"],"_links":{"self":[{"href":"https:\/\/valasskemezirici.casd.cz\/index.php?rest_route=\/wp\/v2\/posts\/8480","targetHints":{"allow":["GET"]}}],"collection":[{"href":"https:\/\/valasskemezirici.casd.cz\/index.php?rest_route=\/wp\/v2\/posts"}],"about":[{"href":"https:\/\/valasskemezirici.casd.cz\/index.php?rest_route=\/wp\/v2\/types\/post"}],"author":[{"embeddable":true,"href":"https:\/\/valasskemezirici.casd.cz\/index.php?rest_route=\/wp\/v2\/users\/1"}],"replies":[{"embeddable":true,"href":"https:\/\/valasskemezirici.casd.cz\/index.php?rest_route=%2Fwp%2Fv2%2Fcomments&post=8480"}],"version-history":[{"count":1,"href":"https:\/\/valasskemezirici.casd.cz\/index.php?rest_route=\/wp\/v2\/posts\/8480\/revisions"}],"predecessor-version":[{"id":8486,"href":"https:\/\/valasskemezirici.casd.cz\/index.php?rest_route=\/wp\/v2\/posts\/8480\/revisions\/8486"}],"wp:attachment":[{"href":"https:\/\/valasskemezirici.casd.cz\/index.php?rest_route=%2Fwp%2Fv2%2Fmedia&parent=8480"}],"wp:term":[{"taxonomy":"category","embeddable":true,"href":"https:\/\/valasskemezirici.casd.cz\/index.php?rest_route=%2Fwp%2Fv2%2Fcategories&post=8480"},{"taxonomy":"post_tag","embeddable":true,"href":"https:\/\/valasskemezirici.casd.cz\/index.php?rest_route=%2Fwp%2Fv2%2Ftags&post=8480"}],"curies":[{"name":"wp","href":"https:\/\/api.w.org\/{rel}","templated":true}]}}