{"id":8502,"date":"2024-04-23T17:23:08","date_gmt":"2024-04-23T15:23:08","guid":{"rendered":"https:\/\/valasskemezirici.casd.cz\/?p=8502"},"modified":"2024-04-23T17:23:11","modified_gmt":"2024-04-23T15:23:11","slug":"sobota-20-dubna-2024","status":"publish","type":"post","link":"https:\/\/valasskemezirici.casd.cz\/?p=8502","title":{"rendered":"Sobota 20.dubna 2024"},"content":{"rendered":"<p style=\"text-align: justify;\">Sestry a brat\u0159i z&nbsp;na\u0161eho sboru vstupovali dne\u0161n\u00ed sobotu do modlitebny se studen\u00fdma rukama a tv\u00e1\u0159emi. Vyh\u0159\u00e1t\u00e1 modlitebna jim p\u0159i\u0161la vhod. Zima se vr\u00e1tila a nejeden rozkvetl\u00fd ke\u0159, kter\u00fd jsme minul\u00fd t\u00fdden obdivovali pro jeho kr\u00e1su, na to doplatil. I takov\u00fd m\u016f\u017ee b\u00fdt n\u00e1stup jara.<\/p>\n<p style=\"text-align: justify;\">Sobotn\u00ed \u00fakol s&nbsp;n\u00e1mi prostudovala Kv\u011bta Ty\u0161erov\u00e1. Jeho n\u00e1zev byl \u201eSv\u011btlo sv\u00edt\u00ed ve tm\u011b\u201c. Ve Zjeven\u00ed je \u010f\u00e1bel zobrazen jako drak a had. Je drakem, proto\u017ee tou\u017e\u00ed zni\u010dit Bo\u017e\u00ed lid, a hadem, proto\u017ee pou\u017e\u00edv\u00e1 sv\u00e9 mazan\u00e9 l\u017ei, aby&nbsp;v\u0161echny oklamal. V letech n\u00e1sleduj\u00edc\u00edch po Kristov\u011b smrti byly tis\u00edce v\u011b\u0159\u00edc\u00edch vystaveny nesm\u00edrn\u00e9mu utrpen\u00ed. Byli mu\u010deni, h\u00e1zeni lv\u016fm, upalov\u00e1ni na hranic\u00edch a jinak t\u00fdr\u00e1ni \u2013 a to v\u0161e jen proto, \u017ee odm\u00edtali uct\u00edvat \u201ebo\u017estva\u201c c\u00edsa\u0159sk\u00e9ho \u0158\u00edma. Navzdory tomuto krut\u00e9mu zach\u00e1zen\u00ed mnoz\u00ed z\u016fstali v\u011brn\u00ed, evangelium se nad\u00e1le \u0161\u00ed\u0159ilo a c\u00edrkev rostla.<\/p>\n<p><img loading=\"lazy\" decoding=\"async\" class=\"wp-image-8503 alignleft\" src=\"https:\/\/valasskemezirici.casd.cz\/wp-content\/uploads\/2024\/04\/39177ae8-b64b-4aab-bcad-ff5143aa5a7f-e1713885323410.jpeg\" alt=\"\" width=\"318\" height=\"270\" srcset=\"https:\/\/valasskemezirici.casd.cz\/wp-content\/uploads\/2024\/04\/39177ae8-b64b-4aab-bcad-ff5143aa5a7f-e1713885323410.jpeg 1194w, https:\/\/valasskemezirici.casd.cz\/wp-content\/uploads\/2024\/04\/39177ae8-b64b-4aab-bcad-ff5143aa5a7f-e1713885323410-300x255.jpeg 300w, https:\/\/valasskemezirici.casd.cz\/wp-content\/uploads\/2024\/04\/39177ae8-b64b-4aab-bcad-ff5143aa5a7f-e1713885323410-1024x869.jpeg 1024w, https:\/\/valasskemezirici.casd.cz\/wp-content\/uploads\/2024\/04\/39177ae8-b64b-4aab-bcad-ff5143aa5a7f-e1713885323410-768x652.jpeg 768w\" sizes=\"auto, (max-width: 318px) 100vw, 318px\" \/><\/p>\n<p style=\"text-align: justify;\">Kdy\u017e to satan vid\u011bl, zm\u011bnil svou strategii. Do c\u00edrkve p\u0159ich\u00e1zelo mnoho pohan\u016f, ale mnoz\u00ed z nich bez d\u016fkladn\u00e9ho pou\u010den\u00ed o biblick\u00e9 pravd\u011b. Tak se stalo, \u017ee se do c\u00edrkve dostaly nespr\u00e1vn\u00e9 my\u0161lenky. Pravdy P\u00edsma se prom\u00edchaly s pohansk\u00fdmi zvyky. \u010ctvrt\u00e9 a p\u00e1t\u00e9 stolet\u00ed bylo obdob\u00edm kompromis\u016f, kdy c\u00edrkevn\u00ed p\u0159edstavitel\u00e9 propojovali pohansk\u00e9 praktiky s&nbsp;k\u0159es\u0165ansk\u00fdm u\u010den\u00edm.<\/p>\n<p style=\"text-align: justify;\">Ale i v t\u011bch nejt\u011b\u017e\u0161\u00edch \u010dasech byl B\u016fh neust\u00e1le se sv\u00fdm lidem. V\u011b\u0159\u00edc\u00ed nach\u00e1zeli Je\u017e\u00ed\u0161e, \u201ecestu, pravdu a \u017eivot\u201c, a v moci Ducha svat\u00e9ho st\u00e1li pevn\u011b, dokonce i tv\u00e1\u0159\u00ed v tv\u00e1\u0159 obrovsk\u00e9mu tlaku a poku\u0161en\u00ed vzd\u00e1t se sv\u00e9ho p\u0159esv\u011bd\u010den\u00ed. Z\u016fstali v\u011brn\u00ed Bo\u017e\u00ed v\u016fli zjeven\u00e9 v P\u00edsmu a neochv\u011bjn\u011b st\u00e1li za&nbsp;pravdou jeho slova, bez ohledu na tlak, kter\u00fd byl na n\u011b vyv\u00edjen, a\u0165 u\u017e otev\u0159en\u011b, nebo skryt\u011b.<\/p>\n<p>&nbsp;<\/p>\n<p><!--more--><\/p>\n<p style=\"text-align: justify;\">P\u0159\u00edsp\u011bvek p\u0159ed k\u00e1z\u00e1n\u00edm m\u011bli p\u0159ipraven\u00fd Franta Tomanec a Iva Ch\u00e1rov\u00e1. Nau\u010dili sborov\u00e9 spole\u010denstv\u00ed p\u00edsni\u010dku \u201eSl\u00e1va, sl\u00e1va\u201c op\u011bvuj\u00edc\u00ed n\u00e1vrat na\u0161eho P\u00e1na Je\u017e\u00ed\u0161e zp\u011bt na zemi. K\u00e1z\u00e1n\u00edm z&nbsp;Bo\u017e\u00edho slova n\u00e1m poslou\u017eit vedouc\u00ed sboru Pavel Pimek. Zam\u00fd\u0161lel se nad poselstv\u00edm apo\u0161tola Jana 7 sbor\u016fm. Co jimi cht\u011bl Je\u017e\u00ed\u0161\u016fv n\u00e1sledovn\u00edk \u0159\u00edci, jak\u00e1 je souvislost mezi t\u00edmto sd\u011blen\u00edm pro sbory tehdy a dnes, p\u0159\u00edpadn\u011b pro ka\u017ed\u00e9ho z&nbsp;n\u00e1s, si poslechn\u011bte v&nbsp;na\u0161em audio z\u00e1znamu.<\/p>\n<p style=\"text-align: justify;\">Zpest\u0159en\u00edm dne\u0161n\u00ed bohoslu\u017eby bylo spole\u010dn\u00e9 focen\u00ed. V\u0161ichni \u010dlenov\u00e9 sbore\u010dku m\u011bli dnes na sob\u011b n\u011bco \u017elut\u00e9ho. Poda\u0159ilo se n\u00e1m vytvo\u0159it jarn\u011b lad\u011bnou fotografii, kter\u00e1 bude zdobit st\u011bnu na\u0161\u00ed modlitebny. Pomyslnou t\u0159e\u0161ni\u010dkou na dortu byla v\u00fdstava kreseb na\u0161\u00ed \u010dlenky Eriky Dan\u010d\u00e1kov\u00e9 spojen\u00e1 s&nbsp;mls\u00e1n\u00edm v\u0161elijak\u00fdch sladk\u00fdch dobrot a pop\u00edjen\u00ed tepl\u00e9ho \u010daje. Vypr\u00e1v\u011bn\u00ed nad obr\u00e1zky nebralo konce a nejeden z&nbsp;n\u00e1s se na kresb\u00e1ch poznal, v\u010detn\u011b sborov\u00e9ho psa Ha\u010dika. Obr\u00e1zky m\u011bly takov\u00fd \u00fasp\u011bch, \u017ee padlo i n\u011bkolik objedn\u00e1vek na portr\u00e9tov\u00e1n\u00ed. Pro\u017eili jsme op\u011bt po\u017eehnan\u00fd \u010das. D\u00edky za n\u011bho na\u0161emu dobr\u00e9mu P\u00e1nu.<\/p>\n<p><img loading=\"lazy\" decoding=\"async\" class=\"alignnone wp-image-8504\" src=\"https:\/\/valasskemezirici.casd.cz\/wp-content\/uploads\/2024\/04\/453a8986-d487-4451-9a85-71b6855ebd59.jpeg\" alt=\"\" width=\"583\" height=\"437\" srcset=\"https:\/\/valasskemezirici.casd.cz\/wp-content\/uploads\/2024\/04\/453a8986-d487-4451-9a85-71b6855ebd59.jpeg 2048w, https:\/\/valasskemezirici.casd.cz\/wp-content\/uploads\/2024\/04\/453a8986-d487-4451-9a85-71b6855ebd59-300x225.jpeg 300w, https:\/\/valasskemezirici.casd.cz\/wp-content\/uploads\/2024\/04\/453a8986-d487-4451-9a85-71b6855ebd59-1024x768.jpeg 1024w, https:\/\/valasskemezirici.casd.cz\/wp-content\/uploads\/2024\/04\/453a8986-d487-4451-9a85-71b6855ebd59-768x576.jpeg 768w, https:\/\/valasskemezirici.casd.cz\/wp-content\/uploads\/2024\/04\/453a8986-d487-4451-9a85-71b6855ebd59-1536x1152.jpeg 1536w\" sizes=\"auto, (max-width: 583px) 100vw, 583px\" \/><\/p>\n<p><img loading=\"lazy\" decoding=\"async\" class=\"alignnone wp-image-8505\" src=\"https:\/\/valasskemezirici.casd.cz\/wp-content\/uploads\/2024\/04\/a7fb5722-a255-4640-b1f0-c29a8d82ca6e.jpeg\" alt=\"\" width=\"583\" height=\"437\" srcset=\"https:\/\/valasskemezirici.casd.cz\/wp-content\/uploads\/2024\/04\/a7fb5722-a255-4640-b1f0-c29a8d82ca6e.jpeg 2048w, https:\/\/valasskemezirici.casd.cz\/wp-content\/uploads\/2024\/04\/a7fb5722-a255-4640-b1f0-c29a8d82ca6e-300x225.jpeg 300w, https:\/\/valasskemezirici.casd.cz\/wp-content\/uploads\/2024\/04\/a7fb5722-a255-4640-b1f0-c29a8d82ca6e-1024x768.jpeg 1024w, https:\/\/valasskemezirici.casd.cz\/wp-content\/uploads\/2024\/04\/a7fb5722-a255-4640-b1f0-c29a8d82ca6e-768x576.jpeg 768w, https:\/\/valasskemezirici.casd.cz\/wp-content\/uploads\/2024\/04\/a7fb5722-a255-4640-b1f0-c29a8d82ca6e-1536x1152.jpeg 1536w\" sizes=\"auto, (max-width: 583px) 100vw, 583px\" \/><\/p>\n<p><img loading=\"lazy\" decoding=\"async\" class=\"alignnone wp-image-8506\" src=\"https:\/\/valasskemezirici.casd.cz\/wp-content\/uploads\/2024\/04\/63b85ea5-f916-4bc8-8a4d-95bbc4d78dc0.jpeg\" alt=\"\" width=\"583\" height=\"437\" srcset=\"https:\/\/valasskemezirici.casd.cz\/wp-content\/uploads\/2024\/04\/63b85ea5-f916-4bc8-8a4d-95bbc4d78dc0.jpeg 2048w, https:\/\/valasskemezirici.casd.cz\/wp-content\/uploads\/2024\/04\/63b85ea5-f916-4bc8-8a4d-95bbc4d78dc0-300x225.jpeg 300w, https:\/\/valasskemezirici.casd.cz\/wp-content\/uploads\/2024\/04\/63b85ea5-f916-4bc8-8a4d-95bbc4d78dc0-1024x768.jpeg 1024w, https:\/\/valasskemezirici.casd.cz\/wp-content\/uploads\/2024\/04\/63b85ea5-f916-4bc8-8a4d-95bbc4d78dc0-768x576.jpeg 768w, https:\/\/valasskemezirici.casd.cz\/wp-content\/uploads\/2024\/04\/63b85ea5-f916-4bc8-8a4d-95bbc4d78dc0-1536x1152.jpeg 1536w\" sizes=\"auto, (max-width: 583px) 100vw, 583px\" \/><\/p>\n<p style=\"text-align: justify;\">&nbsp;<\/p>\n","protected":false},"excerpt":{"rendered":"<p>Sestry a brat\u0159i z&nbsp;na\u0161eho sboru vstupovali dne\u0161n\u00ed sobotu do modlitebny se studen\u00fdma rukama a tv\u00e1\u0159emi. Vyh\u0159\u00e1t\u00e1 modlitebna jim p\u0159i\u0161la vhod. Zima se vr\u00e1tila a nejeden rozkvetl\u00fd ke\u0159, kter\u00fd jsme minul\u00fd t\u00fdden obdivovali pro jeho kr\u00e1su, na to doplatil. I takov\u00fd m\u016f\u017ee b\u00fdt n\u00e1stup jara. Sobotn\u00ed \u00fakol s&nbsp;n\u00e1mi prostudovala Kv\u011bta Ty\u0161erov\u00e1. Jeho n\u00e1zev byl \u201eSv\u011btlo sv\u00edt\u00ed [&hellip;]<\/p>\n","protected":false},"author":1,"featured_media":0,"comment_status":"closed","ping_status":"open","sticky":false,"template":"","format":"standard","meta":{"ngg_post_thumbnail":0,"footnotes":""},"categories":[1],"tags":[],"class_list":["post-8502","post","type-post","status-publish","format-standard","hentry","category-nezarazene"],"_links":{"self":[{"href":"https:\/\/valasskemezirici.casd.cz\/index.php?rest_route=\/wp\/v2\/posts\/8502","targetHints":{"allow":["GET"]}}],"collection":[{"href":"https:\/\/valasskemezirici.casd.cz\/index.php?rest_route=\/wp\/v2\/posts"}],"about":[{"href":"https:\/\/valasskemezirici.casd.cz\/index.php?rest_route=\/wp\/v2\/types\/post"}],"author":[{"embeddable":true,"href":"https:\/\/valasskemezirici.casd.cz\/index.php?rest_route=\/wp\/v2\/users\/1"}],"replies":[{"embeddable":true,"href":"https:\/\/valasskemezirici.casd.cz\/index.php?rest_route=%2Fwp%2Fv2%2Fcomments&post=8502"}],"version-history":[{"count":1,"href":"https:\/\/valasskemezirici.casd.cz\/index.php?rest_route=\/wp\/v2\/posts\/8502\/revisions"}],"predecessor-version":[{"id":8507,"href":"https:\/\/valasskemezirici.casd.cz\/index.php?rest_route=\/wp\/v2\/posts\/8502\/revisions\/8507"}],"wp:attachment":[{"href":"https:\/\/valasskemezirici.casd.cz\/index.php?rest_route=%2Fwp%2Fv2%2Fmedia&parent=8502"}],"wp:term":[{"taxonomy":"category","embeddable":true,"href":"https:\/\/valasskemezirici.casd.cz\/index.php?rest_route=%2Fwp%2Fv2%2Fcategories&post=8502"},{"taxonomy":"post_tag","embeddable":true,"href":"https:\/\/valasskemezirici.casd.cz\/index.php?rest_route=%2Fwp%2Fv2%2Ftags&post=8502"}],"curies":[{"name":"wp","href":"https:\/\/api.w.org\/{rel}","templated":true}]}}