{"id":8719,"date":"2024-09-15T17:19:39","date_gmt":"2024-09-15T15:19:39","guid":{"rendered":"https:\/\/valasskemezirici.casd.cz\/?p=8719"},"modified":"2024-09-15T17:19:42","modified_gmt":"2024-09-15T15:19:42","slug":"sobota-31-srpna-2024","status":"publish","type":"post","link":"https:\/\/valasskemezirici.casd.cz\/?p=8719","title":{"rendered":"Sobota 31.srpna 2024"},"content":{"rendered":"<p style=\"text-align: justify;\">Posledn\u00ed srpnov\u00fd den pat\u0159\u00ed mezi ty, jim\u017e se \u0159\u00edk\u00e1 tropick\u00e9. Letos jsme si tepl\u00fdch a slune\u010dn\u00fdch dn\u00ed opravdu u\u017eili. N\u011bkdo je r\u00e1d, n\u011bkdo m\u00e9n\u011b, nicm\u00e9n\u011b za ka\u017ed\u00fd den, kter\u00fd n\u00e1m P\u00e1n d\u00e1v\u00e1, mus\u00edme b\u00fdt vd\u011b\u010dni.<\/p>\n<p style=\"text-align: justify;\">Sobotn\u00ed \u00fakol \u201eSpory v&nbsp;Jeruzal\u00e9m\u011b\u201c jsme studovali spolu s&nbsp;Pavlem Pimkem. Zde je n\u011bkolik my\u0161lenek.<\/p>\n<p style=\"text-align: justify;\">P\u0159edsudky vedou lidi do opozice v\u016f\u010di Bohu a br\u00e1n\u00ed p\u016fsoben\u00ed Ducha Svat\u00e9ho na jejich srdce. Je\u017e\u00ed\u0161\u016fv vstup do Jeruzal\u00e9ma zp\u016fsobil hodn\u011b vzruchu. \u010cas utajen\u00ed skon\u010dil. Z\u00e1stup, kter\u00fd doprov\u00e1zel Je\u017e\u00ed\u0161e, k\u0159i\u010del <em>hosanna, tj.<\/em> \u201esl\u00e1va Bohu\u201c. Je\u017e\u00ed\u0161 vyhnal z n\u00e1dvo\u0159\u00ed v\u0161echny prodava\u010de, aby byl chr\u00e1m op\u011bt <em>\u201edomem modlitby\u201c. <\/em>F\u00edkovn\u00edk tvo\u0159\u00ed paralelu na konec v\u00fdznamu chr\u00e1mov\u00fdch ob\u0159ad\u016f. Kdo d\u00e1v\u00e1 r\u016fzn\u00fdm lidem konat jejich d\u00edlo je tak\u00e9 dnes <strong>legitimn\u00ed ot\u00e1zkou<\/strong>.&nbsp; Je\u017e\u00ed\u0161 v podobenstv\u00ed adresoval n\u00e1bo\u017eensk\u00fdm v\u016fdc\u016fm varov\u00e1n\u00ed, kam sm\u011b\u0159uj\u00ed jejich kroky. N\u00e1bo\u017een\u0161t\u00ed v\u016fdci se pokou\u0161eli nachytat Je\u017e\u00ed\u0161e, aby ho mohli ob\u017ealovat. Jeho slova v\u0161ak p\u0159in\u00e1\u0161ej\u00ed pou\u010den\u00ed o odpov\u011bdnosti v\u016f\u010di vl\u00e1d\u011b i v\u016f\u010di Bohu. Mnoho lid\u00ed se stav\u00ed k Je\u017e\u00ed\u0161i nep\u0159\u00e1telsky. Vyj\u00e1d\u0159en\u00ed souhlasu vy\u017eaduje \u010destnost a odvahu.&nbsp; Ale jenom to na cest\u011b v\u00edry nesta\u010d\u00ed. Pot\u0159ebujeme rozeznat kdo je Je\u017e\u00ed\u0161, a n\u00e1sledovat ho. Kristovo proklet\u00ed stromu je v\u00fdstrahou v\u0161em c\u00edrkv\u00edm i v\u0161em k\u0159es\u0165an\u016fm. Lid\u00e9, kte\u0159\u00ed otev\u0159en\u011b h\u0159e\u0161\u00ed, maj\u00ed men\u0161\u00ed vinu ne\u017e ti, kdo&nbsp;p\u0159edst\u00edraj\u00ed, \u017ee slou\u017e\u00ed Bohu, ale \u017e\u00e1dn\u00e9 ovoce nenesou.\u201c (TV 369)<\/p>\n<p style=\"text-align: justify;\">S&nbsp;k\u00e1z\u00e1n\u00edm za n\u00e1mi p\u0159ijel ze vset\u00ednsk\u00e9ho sboru Jirka Kloda. Spolu s&nbsp;n\u00edm jsme hledali zdroj spasen\u00ed, inspiraci k&nbsp;odhodl\u00e1n\u00ed setrvat s&nbsp;Kristem v listu Kolosk\u00e9mu sboru. Audio z\u00e1znam najdete na na\u0161em webu.<\/p>\n<p><img loading=\"lazy\" decoding=\"async\" class=\"alignnone wp-image-8720\" src=\"https:\/\/valasskemezirici.casd.cz\/wp-content\/uploads\/2024\/09\/bg2-1024x302-1.jpg\" alt=\"\" width=\"630\" height=\"186\" srcset=\"https:\/\/valasskemezirici.casd.cz\/wp-content\/uploads\/2024\/09\/bg2-1024x302-1.jpg 1024w, https:\/\/valasskemezirici.casd.cz\/wp-content\/uploads\/2024\/09\/bg2-1024x302-1-300x88.jpg 300w, https:\/\/valasskemezirici.casd.cz\/wp-content\/uploads\/2024\/09\/bg2-1024x302-1-768x227.jpg 768w\" sizes=\"auto, (max-width: 630px) 100vw, 630px\" \/><\/p>\n","protected":false},"excerpt":{"rendered":"<p>Posledn\u00ed srpnov\u00fd den pat\u0159\u00ed mezi ty, jim\u017e se \u0159\u00edk\u00e1 tropick\u00e9. Letos jsme si tepl\u00fdch a slune\u010dn\u00fdch dn\u00ed opravdu u\u017eili. N\u011bkdo je r\u00e1d, n\u011bkdo m\u00e9n\u011b, nicm\u00e9n\u011b za ka\u017ed\u00fd den, kter\u00fd n\u00e1m P\u00e1n d\u00e1v\u00e1, mus\u00edme b\u00fdt vd\u011b\u010dni. Sobotn\u00ed \u00fakol \u201eSpory v&nbsp;Jeruzal\u00e9m\u011b\u201c jsme studovali spolu s&nbsp;Pavlem Pimkem. Zde je n\u011bkolik my\u0161lenek. P\u0159edsudky vedou lidi do opozice v\u016f\u010di Bohu [&hellip;]<\/p>\n","protected":false},"author":1,"featured_media":0,"comment_status":"closed","ping_status":"open","sticky":false,"template":"","format":"standard","meta":{"ngg_post_thumbnail":0,"footnotes":""},"categories":[1],"tags":[],"class_list":["post-8719","post","type-post","status-publish","format-standard","hentry","category-nezarazene"],"_links":{"self":[{"href":"https:\/\/valasskemezirici.casd.cz\/index.php?rest_route=\/wp\/v2\/posts\/8719","targetHints":{"allow":["GET"]}}],"collection":[{"href":"https:\/\/valasskemezirici.casd.cz\/index.php?rest_route=\/wp\/v2\/posts"}],"about":[{"href":"https:\/\/valasskemezirici.casd.cz\/index.php?rest_route=\/wp\/v2\/types\/post"}],"author":[{"embeddable":true,"href":"https:\/\/valasskemezirici.casd.cz\/index.php?rest_route=\/wp\/v2\/users\/1"}],"replies":[{"embeddable":true,"href":"https:\/\/valasskemezirici.casd.cz\/index.php?rest_route=%2Fwp%2Fv2%2Fcomments&post=8719"}],"version-history":[{"count":1,"href":"https:\/\/valasskemezirici.casd.cz\/index.php?rest_route=\/wp\/v2\/posts\/8719\/revisions"}],"predecessor-version":[{"id":8721,"href":"https:\/\/valasskemezirici.casd.cz\/index.php?rest_route=\/wp\/v2\/posts\/8719\/revisions\/8721"}],"wp:attachment":[{"href":"https:\/\/valasskemezirici.casd.cz\/index.php?rest_route=%2Fwp%2Fv2%2Fmedia&parent=8719"}],"wp:term":[{"taxonomy":"category","embeddable":true,"href":"https:\/\/valasskemezirici.casd.cz\/index.php?rest_route=%2Fwp%2Fv2%2Fcategories&post=8719"},{"taxonomy":"post_tag","embeddable":true,"href":"https:\/\/valasskemezirici.casd.cz\/index.php?rest_route=%2Fwp%2Fv2%2Ftags&post=8719"}],"curies":[{"name":"wp","href":"https:\/\/api.w.org\/{rel}","templated":true}]}}